{"id":52551,"date":"2026-09-02T11:32:55","date_gmt":"2026-09-02T09:32:55","guid":{"rendered":"https:\/\/badania.uew.pl\/?p=52551"},"modified":"2026-09-02T13:18:53","modified_gmt":"2026-09-02T11:18:53","slug":"bridging-v4-universities-and-business-through-design-thinking","status":"publish","type":"post","link":"https:\/\/badania.uew.pl\/en\/bridging-v4-universities-and-business-through-design-thinking\/","title":{"rendered":"Bridging V4 Universities and Business through Design Thinking\u00a0"},"content":{"rendered":"\n<div class=\"wp-block-columns is-layout-flex wp-container-core-columns-is-layout-40db2c55 wp-block-columns-is-layout-flex\" style=\"margin-bottom:var(--wp--preset--spacing--80)\">\n<div class=\"wp-block-column is-layout-constrained wp-container-core-column-is-layout-88178138 wp-block-column-is-layout-constrained\" style=\"padding-top:0;padding-right:0;padding-bottom:0;padding-left:0;flex-basis:100%\">\n<div class=\"wp-block-columns is-layout-flex wp-container-core-columns-is-layout-8160db91 wp-block-columns-is-layout-flex\">\n<div class=\"wp-block-column is-layout-flow wp-block-column-is-layout-flow\" style=\"flex-basis:66.66%\">\n<h2 class=\"wp-block-heading has-large-font-size\"><strong>How can the competences developed at universities be better aligned with labour market needs across the V4 countries?<\/strong><\/h2>\n\n\n\n<p class=\"wp-block-paragraph\"><strong>Four universities from\u00a0<a href=\"https:\/\/www.uew.pl\/\" target=\"_blank\" rel=\"noreferrer noopener\">Poland<\/a>,\u00a0<a href=\"https:\/\/www.upol.cz\/en\/\" target=\"_blank\" rel=\"noreferrer noopener\">Czechia<\/a>,\u00a0<a href=\"https:\/\/uniba.sk\/en\/\" target=\"_blank\" rel=\"noreferrer noopener\">Slovakia<\/a>\u00a0and\u00a0<a href=\"https:\/\/www.edutus.hu\/english\/\" target=\"_blank\" rel=\"noreferrer noopener\">Hungary<\/a>\u00a0are jointly testing a Design Thinking-based model of university-employer collaboration. Students will work on real organisational challenges, while academic teams will use a shared\u00a0methodology\u00a0to\u00a0identify\u00a0and compare the competences needed by young people entering the labour market.\u00a0<\/strong><\/p>\n\n\n\n<h2 class=\"wp-block-heading has-large-font-size\"><strong>About the project\u00a0<\/strong><\/h2>\n\n\n\n<p class=\"wp-block-paragraph\"><strong>The transition from university to the labour market depends on more than holding a degree. Specific competences are increasingly important: problem-solving, teamwork, needs analysis,\u00a0collaboration\u00a0and the ability to develop solutions to real organisational challenges<\/strong>.<\/p>\n\n\n\n<p class=\"wp-block-paragraph\">The Bridging V4 Universities and Business through Design Thinking project focuses on the gap between the competences students develop during their studies and employers&#8217; expectations across the Visegrad Group countries.<\/p>\n\n\n\n<p class=\"wp-block-paragraph\"><strong>The project partners will use a shared workshop model to examine:\u00a0<\/strong><\/p>\n\n\n\n<ul class=\"wp-block-list\">\n<li>which competences are needed to address real organisational problems;\u00a0<\/li>\n\n\n\n<li>which employer needs are shared across the V4 countries;\u00a0<\/li>\n\n\n\n<li>where national and sectoral differences\u00a0emerge;\u00a0<\/li>\n\n\n\n<li>how universities can use Design Thinking to develop competences that are valuable at the start of a professional career.\u00a0\u00a0<\/li>\n<\/ul>\n\n\n<figure class=\"wp-block-post-featured-image\"><img loading=\"lazy\" decoding=\"async\" width=\"1920\" height=\"1280\" src=\"https:\/\/badania.uew.pl\/wp-content\/uploads\/sites\/23\/2026\/09\/Bridging-V4-Universities-and-Business-through-Design-Thinking-1.png\" class=\"attachment-post-thumbnail size-post-thumbnail wp-post-image\" alt=\"A project exploring how universities can use Design Thinking to develop skills that are valuable at the start of a career.\" style=\"object-fit:cover;\" srcset=\"https:\/\/badania.uew.pl\/wp-content\/uploads\/sites\/23\/2026\/09\/Bridging-V4-Universities-and-Business-through-Design-Thinking-1.png 1920w, https:\/\/badania.uew.pl\/wp-content\/uploads\/sites\/23\/2026\/09\/Bridging-V4-Universities-and-Business-through-Design-Thinking-1-300x200.png 300w, https:\/\/badania.uew.pl\/wp-content\/uploads\/sites\/23\/2026\/09\/Bridging-V4-Universities-and-Business-through-Design-Thinking-1-1024x683.png 1024w, https:\/\/badania.uew.pl\/wp-content\/uploads\/sites\/23\/2026\/09\/Bridging-V4-Universities-and-Business-through-Design-Thinking-1-768x512.png 768w, https:\/\/badania.uew.pl\/wp-content\/uploads\/sites\/23\/2026\/09\/Bridging-V4-Universities-and-Business-through-Design-Thinking-1-391x260.png 391w, https:\/\/badania.uew.pl\/wp-content\/uploads\/sites\/23\/2026\/09\/Bridging-V4-Universities-and-Business-through-Design-Thinking-1-1536x1024.png 1536w\" sizes=\"auto, (max-width: 1920px) 100vw, 1920px\" \/><\/figure>\n\n\n<h2 class=\"wp-block-heading\"><strong>How we work\u00a0<\/strong><\/h2>\n\n\n\n<h3 class=\"wp-block-heading\"><strong><strong>One model, four countries\u00a0<\/strong><\/strong><\/h3>\n\n\n\n<p class=\"wp-block-paragraph\">Four workshops based on a shared&nbsp;methodology&nbsp;will be held in Poland, Czechia,&nbsp;Slovakia&nbsp;and Hungary. In each country, students from the partner universities will work in international teams on a challenge&nbsp;submitted&nbsp;by a company or institution.&nbsp;<\/p>\n\n\n\n<p class=\"wp-block-paragraph\">The process moves from a real organisational challenge, through Design Thinking activities,&nbsp;observation&nbsp;and feedback, to country-level analysis, a V4 comparison and the preparation of a shared toolkit.&nbsp;<\/p>\n\n\n\n<figure class=\"wp-block-image size-large\"><img loading=\"lazy\" decoding=\"async\" width=\"1024\" height=\"576\" src=\"https:\/\/badania.uew.pl\/wp-content\/uploads\/sites\/23\/2026\/09\/01_Visegrad_project_workflow_EN-1-1-1024x576.png\" alt=\"Project workflow: organisational challenge, Design Thinking, observation and feedback, country-level analysis, V4 comparison, and the V4 University-Business Design Thinking Toolkit.\" class=\"wp-image-52554\" srcset=\"https:\/\/badania.uew.pl\/wp-content\/uploads\/sites\/23\/2026\/09\/01_Visegrad_project_workflow_EN-1-1-1024x576.png 1024w, https:\/\/badania.uew.pl\/wp-content\/uploads\/sites\/23\/2026\/09\/01_Visegrad_project_workflow_EN-1-1-300x169.png 300w, https:\/\/badania.uew.pl\/wp-content\/uploads\/sites\/23\/2026\/09\/01_Visegrad_project_workflow_EN-1-1-768x432.png 768w, https:\/\/badania.uew.pl\/wp-content\/uploads\/sites\/23\/2026\/09\/01_Visegrad_project_workflow_EN-1-1-1536x864.png 1536w, https:\/\/badania.uew.pl\/wp-content\/uploads\/sites\/23\/2026\/09\/01_Visegrad_project_workflow_EN-1-1.png 1672w\" sizes=\"auto, (max-width: 1024px) 100vw, 1024px\" \/><\/figure>\n\n\n\n<p class=\"has-small-font-size wp-block-paragraph\"><strong>Figure 1.\u00a0<\/strong>Project workflow: organisational challenge, Design Thinking, observation and feedback, country-level analysis, V4 comparison, and the V4 University-Business Design Thinking Toolkit.<\/p>\n\n\n\n<h2 class=\"wp-block-heading has-large-font-size\"><strong>Four workshops\u00a0<\/strong><\/h2>\n\n\n\n<p class=\"wp-block-paragraph\">Applying a shared\u00a0methodology\u00a0in four countries will allow experiences from different labour-market contexts to be examined together and the competences needed to address real organisational challenges to be compared.\u00a0<\/p>\n\n\n\n<figure class=\"wp-block-image size-large\"><img loading=\"lazy\" decoding=\"async\" width=\"1672\" height=\"941\" src=\"https:\/\/badania.uew.pl\/wp-content\/uploads\/sites\/23\/2026\/09\/02-four-workshops.svg\" alt=\" Four project workshops: Wroc\u0142aw, 21\u201323 October 2026; Bratislava, 17\u201319 March 2027; Olomouc, 14\u201316 April 2027; and Budapest, 19\u201321 May 2027, including the hosts and challenge contexts.\" class=\"wp-image-52560\"\/><\/figure>\n\n\n\n<p class=\"has-small-font-size wp-block-paragraph\"><strong>Figure 2.\u00a0<\/strong>Four project workshops:\u00a0Wroc\u0142aw, 21\u201323 October 2026; Bratislava, 17\u201319 March 2027; Olomouc, 14\u201316 April 2027; and Budapest, 19\u201321 May 2027, including the hosts and challenge contexts.<\/p>\n\n\n\n<h2 class=\"wp-block-heading has-large-font-size\"><strong>Research and methodological component<\/strong><\/h2>\n\n\n\n<p class=\"wp-block-paragraph\">The workshops will also provide a setting in which the partners can collect material to better understand the competences required by students entering the labour market.\u00a0<\/p>\n\n\n\n<p class=\"wp-block-paragraph\"><strong>The project will use:\u00a0<\/strong><\/p>\n\n\n\n<ul class=\"wp-block-list\">\n<li>participants&#8217; self-assessments of their competences before and after each workshop;\u00a0<\/li>\n\n\n\n<li>facilitators&#8217; observations of the teams&#8217; work;\u00a0<\/li>\n\n\n\n<li>feedback from organisations\u00a0participating\u00a0in the project;\u00a0<\/li>\n\n\n\n<li>prototypes of solutions developed by students;\u00a0<\/li>\n\n\n\n<li>joint consultation and analysis by the partners.\u00a0\u00a0<\/li>\n<\/ul>\n\n\n\n<p class=\"wp-block-paragraph\">After each workshop, material will be produced on the competences\u00a0observed\u00a0in that country. Once all four stages have been completed, the partners will prepare a comparison of the results across the V4 region.\u00a0<\/p>\n\n\n\n<h2 class=\"wp-block-heading has-large-font-size\"><strong>Contribution of\u00a0Wroc\u0142aw\u00a0University of Economics and Business\u00a0<\/strong><\/h2>\n\n\n\n<p class=\"wp-block-paragraph\">WUEB leads the project and coordinates the partnership. The WUEB team combines\u00a0expertise\u00a0in international project coordination, Design Thinking\u00a0methodology\u00a0and business engagement.\u00a0<\/p>\n\n\n\n<p class=\"wp-block-paragraph\"><strong><a href=\"https:\/\/wir.ue.wroc.pl\/info\/author\/UEWR84a86f0bc00940db864b0f61fb1718e4\/\" target=\"_blank\" rel=\"noreferrer noopener\">mgr\u00a0Paulina Graczyk<\/a><\/strong>\u00a0\u00b7 project coordination and international partnership management\u00a0<\/p>\n\n\n\n<p class=\"wp-block-paragraph\"><strong><a href=\"https:\/\/wir.ue.wroc.pl\/info\/author\/UEWR21b9c3d62b514eecb829723309f2eb23\/\" target=\"_blank\" rel=\"noreferrer noopener\">mgr Kamila \u0141uczak<\/a><\/strong>\u00a0\u00b7 Design Thinking methodology\u00a0<\/p>\n\n\n\n<p class=\"wp-block-paragraph\"><strong><a href=\"https:\/\/wir.ue.wroc.pl\/info\/author\/UEWRf4b5d0ca8dd148d39dcb280d34260cb6\/\" target=\"_blank\" rel=\"noreferrer noopener\">mgr\u00a0Maciej Krahel<\/a><\/strong>\u00a0\u00b7 business engagement\u00a0<\/p>\n\n\n\n<h1 class=\"wp-block-heading\"><strong><strong>Partners\u00a0<\/strong><\/strong><\/h1>\n\n\n\n<p class=\"wp-block-paragraph\">The project is delivered by four universities. Each partner\u00a0is responsible for\u00a0its national workstream and contributes to the joint comparison and final toolkit.\u00a0<\/p>\n\n\n\n<figure class=\"wp-block-image size-large\"><img loading=\"lazy\" decoding=\"async\" width=\"1010\" height=\"568\" src=\"https:\/\/badania.uew.pl\/wp-content\/uploads\/sites\/23\/2026\/09\/03-partners.svg\" alt=\"Project partners: Wroc\u0142aw University of Economics and Business as lead partner, Palack\u00fd University Olomouc, Comenius University Bratislava and Edutus University, with their principal roles in the project.\" class=\"wp-image-52566\"\/><\/figure>\n\n\n\n<p class=\"has-small-font-size wp-block-paragraph\"><strong>Figure 3.\u00a0<\/strong>Project partners:\u00a0<a href=\"https:\/\/www.uew.pl\/\" target=\"_blank\" rel=\"noreferrer noopener\">Wroc\u0142aw University of Economics and Business<\/a>\u00a0as lead partner,\u00a0<a href=\"https:\/\/www.upol.cz\/en\/\" target=\"_blank\" rel=\"noreferrer noopener\">Palack\u00fd University Olomouc<\/a>,\u00a0<a href=\"https:\/\/uniba.sk\/en\/\" target=\"_blank\" rel=\"noreferrer noopener\">Comenius University Bratislava<\/a>\u00a0and\u00a0<a href=\"https:\/\/www.edutus.hu\/english\/\" target=\"_blank\" rel=\"noreferrer noopener\">Edutus University<\/a>, with their principal roles in the project.\u00a0<\/p>\n\n\n\n<h2 class=\"wp-block-heading has-large-font-size\"><strong><strong>What will be produced\u00a0<\/strong><\/strong><\/h2>\n\n\n\n<h3 class=\"wp-block-heading\"><strong><strong>V4 University-Business Design Thinking Toolkit\u00a0<\/strong><\/strong><\/h3>\n\n\n\n<p class=\"wp-block-paragraph\">The project&#8217;s principal output will be an open toolkit enabling other universities and organisations to use the model developed through the project.\u00a0<\/p>\n\n\n\n<p class=\"wp-block-paragraph\"><strong>The toolkit will include:\u00a0<\/strong><\/p>\n\n\n\n<ul class=\"wp-block-list\">\n<li>a Design Thinking workshop plan;\u00a0<\/li>\n\n\n\n<li>methodological guidelines;\u00a0<\/li>\n\n\n\n<li>tools and exercises;\u00a0<\/li>\n\n\n\n<li>competence assessment criteria;\u00a0<\/li>\n\n\n\n<li>student self-assessment forms;\u00a0<\/li>\n\n\n\n<li>feedback tools for employers;\u00a0<\/li>\n\n\n\n<li>observation sheets for facilitators;\u00a0<\/li>\n\n\n\n<li>case studies;\u00a0<\/li>\n\n\n\n<li>recommendations for adapting the model.\u00a0<\/li>\n<\/ul>\n\n\n\n<p class=\"wp-block-paragraph\">The toolkit will be published on an open-access basis with the involvement of the\u00a0Wroc\u0142aw\u00a0University of Economics and Business publishing house.\u00a0<\/p>\n\n\n\n<h2 class=\"wp-block-heading has-large-font-size\"><strong><strong><strong>The project in figures\u00a0<\/strong><\/strong><\/strong><\/h2>\n\n\n\n<figure class=\"wp-block-image size-large\"><img loading=\"lazy\" decoding=\"async\" width=\"1672\" height=\"941\" src=\"https:\/\/badania.uew.pl\/wp-content\/uploads\/sites\/23\/2026\/09\/04-project-in-figures.svg\" alt=\"Key project parameters: 4 V4 countries, 4 universities, 4 workshops using a shared methodology, approximately 100 students participating directly, 1 shared toolkit and 1 open final webinar.\" class=\"wp-image-52572\"\/><\/figure>\n\n\n\n<p class=\"has-small-font-size wp-block-paragraph\"><strong>Figure 4.\u00a0<\/strong>Key project parameters: 4 V4 countries, 4 universities, 4 workshops using a shared\u00a0methodology, approximately 100 students\u00a0participating\u00a0directly, 1 shared toolkit and 1 open final\u00a0webinar.\u00a0<\/p>\n\n\n\n<h2 class=\"wp-block-heading has-large-font-size\"><strong><strong><strong>Sustainable Development Goals\u00a0<\/strong><\/strong><\/strong><\/h2>\n\n\n\n<p class=\"wp-block-paragraph\">The project supports three United Nations Sustainable Development Goals: SDG 4 Quality Education, SDG 8 Decent Work and Economic Growth and SDG 17 Partnerships for the Goals.\u00a0<\/p>\n\n\n\n<figure class=\"wp-block-image size-large\"><img loading=\"lazy\" decoding=\"async\" width=\"1672\" height=\"941\" src=\"https:\/\/badania.uew.pl\/wp-content\/uploads\/sites\/23\/2026\/09\/05-sustainable-development-goals.svg\" alt=\" Sustainable Development Goals linked to the project: SDG 4 Quality Education, SDG 8 Decent Work and Economic Growth and SDG 17 Partnerships for the Goals.\" class=\"wp-image-52578\"\/><\/figure>\n\n\n\n<p class=\"has-small-font-size wp-block-paragraph\"><strong>Figure 5.\u00a0<\/strong>Sustainable Development Goals linked to the project: SDG 4 Quality Education, SDG 8 Decent Work and Economic Growth and SDG 17 Partnerships for the Goals.<\/p>\n\n\n\n<h2 class=\"wp-block-heading has-large-font-size\"><strong>Contact\u00a0<\/strong><\/h2>\n\n\n\n<p class=\"wp-block-paragraph\"><strong>Project coordination:&nbsp;<\/strong>mgr&nbsp;Paulina Graczyk&nbsp;<\/p>\n\n\n\n<p class=\"wp-block-paragraph\"><strong>Email:&nbsp;<\/strong>paulina.graczyk@ue.wroc.pl&nbsp;<\/p>\n\n\n\n<p class=\"wp-block-paragraph\"><strong>Institution:&nbsp;<\/strong>Wroc\u0142aw&nbsp;University of Economics and Business&nbsp;\u00a0<\/p>\n\n\n\n<h2 class=\"wp-block-heading has-large-font-size\"><strong>Funding and acknowledgements\u00a0<\/strong><\/h2>\n\n\n\n<p class=\"has-ast-global-color-6-background-color has-background wp-block-paragraph\">The project is co-financed by the governments of Czechia, Hungary,\u00a0Poland\u00a0and Slovakia through Visegrad Grants from the International Visegrad Fund.\u00a0<\/p>\n\n\n\n<p class=\"has-ast-global-color-6-background-color has-background wp-block-paragraph\"><em><em>The project is co-financed by the governments of Czechia, Hungary,\u00a0Poland\u00a0and Slovakia through Visegrad Grants from the International Visegrad Fund. The mission of the fund is to advance ideas for sustainable regional cooperation in Central Europe.<\/em>\u00a0<\/em><\/p>\n\n\n<div class=\"taxonomy-post_tag wp-block-post-terms\"><span class=\"wp-block-post-terms__prefix\"><strong>Tagi:<\/strong> <\/span><a href=\"https:\/\/badania.uew.pl\/en\/tag\/bridging-v4-universities-and-business-through-design-thinking-5\/\" rel=\"tag\">Bridging V4 Universities and Business through Design Thinking<\/a><span class=\"wp-block-post-terms__separator\">, <\/span><a href=\"https:\/\/badania.uew.pl\/en\/tag\/kamila-luczak-3\/\" rel=\"tag\">Kamila \u0141uczak<\/a><span class=\"wp-block-post-terms__separator\">, <\/span><a href=\"https:\/\/badania.uew.pl\/en\/tag\/maciej-krahel-3\/\" rel=\"tag\">Maciej Krahel<\/a><span class=\"wp-block-post-terms__separator\">, <\/span><a href=\"https:\/\/badania.uew.pl\/en\/tag\/paulina-graczyk-en\/\" rel=\"tag\">Paulina Graczyk<\/a><\/div><\/div>\n\n\n\n<div class=\"wp-block-column has-ast-global-color-6-background-color has-background is-layout-flow wp-block-column-is-layout-flow\" style=\"padding-top:0;padding-right:0;padding-bottom:0;padding-left:0;flex-basis:33.33%\">\n<div class=\"wp-block-group is-layout-constrained wp-container-core-group-is-layout-e3964afe wp-block-group-is-layout-constrained wp-container-1 is-position-sticky\" style=\"padding-top:var(--wp--preset--spacing--60);padding-right:var(--wp--preset--spacing--60);padding-bottom:var(--wp--preset--spacing--60);padding-left:var(--wp--preset--spacing--60)\">\n<p class=\"wp-block-paragraph\" style=\"margin-top:0;margin-bottom:0\"><strong>Project coordination<\/strong><\/p>\n\n\n\n<div class=\"wp-block-media-text\" style=\"grid-template-columns:30% auto\"><figure class=\"wp-block-media-text__media\"><img loading=\"lazy\" decoding=\"async\" width=\"684\" height=\"1024\" src=\"https:\/\/badania.uew.pl\/wp-content\/uploads\/sites\/23\/2026\/09\/Paulina-Graczyk-684x1024.webp\" alt=\"Paulina Graczyk\" class=\"wp-image-52404 size-medium\" srcset=\"https:\/\/badania.uew.pl\/wp-content\/uploads\/sites\/23\/2026\/09\/Paulina-Graczyk-684x1024.webp 684w, https:\/\/badania.uew.pl\/wp-content\/uploads\/sites\/23\/2026\/09\/Paulina-Graczyk-200x300.webp 200w, https:\/\/badania.uew.pl\/wp-content\/uploads\/sites\/23\/2026\/09\/Paulina-Graczyk-768x1150.webp 768w, https:\/\/badania.uew.pl\/wp-content\/uploads\/sites\/23\/2026\/09\/Paulina-Graczyk-1025x1536.webp 1025w, https:\/\/badania.uew.pl\/wp-content\/uploads\/sites\/23\/2026\/09\/Paulina-Graczyk-1367x2048.webp 1367w, https:\/\/badania.uew.pl\/wp-content\/uploads\/sites\/23\/2026\/09\/Paulina-Graczyk.webp 1709w\" sizes=\"auto, (max-width: 684px) 100vw, 684px\" \/><\/figure><div class=\"wp-block-media-text__content\">\n<p class=\"wp-block-paragraph\"><strong>mgr <a href=\"https:\/\/wir.ue.wroc.pl\/info\/author\/UEWR84a86f0bc00940db864b0f61fb1718e4\/\" target=\"_blank\" rel=\"noreferrer noopener\">Paulina Graczyk<\/a><\/strong><\/p>\n<\/div><\/div>\n\n\n\n<p class=\"wp-block-paragraph\" style=\"margin-bottom:var(--wp--preset--spacing--20)\">WUEB Project Team:<\/p>\n\n\n\n<p class=\"wp-block-paragraph\" style=\"margin-bottom:var(--wp--preset--spacing--20)\"><strong>mgr&nbsp;Kamila&nbsp;\u0141uczak<\/strong><\/p>\n\n\n\n<p class=\"wp-block-paragraph\"><strong>mgr Maciej&nbsp;Krahel<\/strong>&nbsp;<\/p>\n\n\n\n<p class=\"wp-block-paragraph\"><strong>Leader:\u00a0<\/strong>Wroclaw University of Economics and Business<\/p>\n\n\n\n<figure class=\"wp-block-image size-full\" style=\"margin-top:0;margin-right:0;margin-bottom:0;margin-left:0\"><a href=\"https:\/\/www.visegradfund.org\/grants\" target=\"_blank\" rel=\"noopener\"><img loading=\"lazy\" decoding=\"async\" width=\"2560\" height=\"1174\" src=\"https:\/\/badania.uew.pl\/wp-content\/uploads\/sites\/23\/2026\/09\/Logo-Visegrad-scaled.jpg\" alt=\"\" class=\"wp-image-52416\" srcset=\"https:\/\/badania.uew.pl\/wp-content\/uploads\/sites\/23\/2026\/09\/Logo-Visegrad-scaled.jpg 2560w, https:\/\/badania.uew.pl\/wp-content\/uploads\/sites\/23\/2026\/09\/Logo-Visegrad-300x138.jpg 300w, https:\/\/badania.uew.pl\/wp-content\/uploads\/sites\/23\/2026\/09\/Logo-Visegrad-1024x469.jpg 1024w, https:\/\/badania.uew.pl\/wp-content\/uploads\/sites\/23\/2026\/09\/Logo-Visegrad-768x352.jpg 768w, https:\/\/badania.uew.pl\/wp-content\/uploads\/sites\/23\/2026\/09\/Logo-Visegrad-1536x704.jpg 1536w, https:\/\/badania.uew.pl\/wp-content\/uploads\/sites\/23\/2026\/09\/Logo-Visegrad-2048x939.jpg 2048w\" sizes=\"auto, (max-width: 2560px) 100vw, 2560px\" \/><\/a><\/figure>\n\n\n\n<p class=\"wp-block-paragraph\"><strong><strong>Programme<\/strong>:\u00a0<\/strong><a href=\"https:\/\/www.visegradfund.org\/grants\" target=\"_blank\" rel=\"noreferrer noopener\">Visegrad\u00a0Grants,<\/a> <a href=\"https:\/\/www.visegradfund.org\/\" target=\"_blank\" rel=\"noreferrer noopener\">International Visegrad Fund<\/a><a href=\"https:\/\/www.visegradfund.org\/grants\" target=\"_blank\" rel=\"noreferrer noopener\">\u00a0\u00a0<\/a><\/p>\n\n\n\n<p class=\"wp-block-paragraph\"><strong>Funding:\u00a0<\/strong>29 250 EUR\u00a0<\/p>\n\n\n\n<p class=\"wp-block-paragraph\"><strong>Geographical scope:\u00a0<\/strong>Poland \u00b7 Czechia \u00b7 Slovakia \u00b7 Hungar<\/p>\n\n\n\n<p class=\"wp-block-paragraph\"><strong><strong><strong>Project number:\u00a0<\/strong>22620144<\/strong><\/strong><\/p>\n\n\n\n<p class=\"wp-block-paragraph\"><strong>Partners: <\/strong><a href=\"https:\/\/www.upol.cz\/en\/\" target=\"_blank\" rel=\"noreferrer noopener\">Palack\u00fd\u00a0University Olomouc<\/a>, <a href=\"https:\/\/uniba.sk\/en\/\" target=\"_blank\" rel=\"noreferrer noopener\">Comenius University Bratislava<\/a>, <a href=\"https:\/\/www.edutus.hu\/english\/\" target=\"_blank\" rel=\"noreferrer noopener\">Edutus\u00a0University<\/a><\/p>\n\n\n\n<p class=\"wp-block-paragraph\">Status of projects:<br><strong>Project in progress<\/strong><\/p>\n\n\n\n<p class=\"wp-block-paragraph\"><strong>Project period:\u00a0<\/strong>1 October 2026\u20131 December 2027\u00a0<\/p>\n<\/div>\n<\/div>\n<\/div>\n<\/div>\n<\/div>\n\n\n\n<div class=\"wp-block-columns block-main-events is-layout-flex wp-container-core-columns-is-layout-44712903 wp-block-columns-is-layout-flex\" style=\"margin-top:0;margin-bottom:0;padding-top:var(--wp--preset--spacing--80);padding-bottom:var(--wp--preset--spacing--80)\">\n<div class=\"wp-block-column is-layout-flow wp-block-column-is-layout-flow\">\n<h2 class=\"wp-block-heading has-text-align-center\" style=\"margin-bottom:var(--wp--preset--spacing--60)\">See similar content<\/h2>\n\n\n\n\t\t\t<div class=\"wp-block-uagb-post-grid uagb-post-grid  uagb-post__image-position-top uagb-post__image-enabled uagb-block-c534e230     uagb-post__items uagb-post__columns-4 is-grid uagb-post__columns-tablet-2 uagb-post__columns-mobile-1 uagb-post__equal-height\" data-total=\"1\" style=\"\">\n\n\t\t\t\t\t\t\t\t\t\t\t\t<article class=\"uagb-post__inner-wrap\">\t\t\t\t\t\t\t\t<div class='uagb-post__image'>\n\t\t\t\t\t\t\t\t\t<a href=\"https:\/\/badania.uew.pl\/en\/a-new-form-of-fat-a-more-sustainable-product-formulation-watersmartfat-brings-together-food-technology-and-water-footprint-analysis\/\" target=\"_self\" rel=\"bookmark noopener noreferrer\" class=\"uagb-image-ratio-2-3\"><img loading=\"lazy\" decoding=\"async\" width=\"768\" height=\"512\" src=\"https:\/\/badania.uew.pl\/wp-content\/uploads\/sites\/23\/2026\/07\/WaterSmartFat-1-768x512.jpg\" class=\"attachment-medium_large size-medium_large\" alt=\"WaterSmartFat 1\" srcset=\"https:\/\/badania.uew.pl\/wp-content\/uploads\/sites\/23\/2026\/07\/WaterSmartFat-1-768x512.jpg 768w, https:\/\/badania.uew.pl\/wp-content\/uploads\/sites\/23\/2026\/07\/WaterSmartFat-1-300x200.jpg 300w, https:\/\/badania.uew.pl\/wp-content\/uploads\/sites\/23\/2026\/07\/WaterSmartFat-1-1024x683.jpg 1024w, https:\/\/badania.uew.pl\/wp-content\/uploads\/sites\/23\/2026\/07\/WaterSmartFat-1-391x260.jpg 391w, https:\/\/badania.uew.pl\/wp-content\/uploads\/sites\/23\/2026\/07\/WaterSmartFat-1-1536x1024.jpg 1536w, https:\/\/badania.uew.pl\/wp-content\/uploads\/sites\/23\/2026\/07\/WaterSmartFat-1.jpg 1920w\" sizes=\"auto, (max-width: 768px) 100vw, 768px\" \/>\t\t\t\t\t<\/a>\n\t\t\t\t\t\t\t<\/div>\n\t\t\t\t\t\t<h3 class=\"uagb-post__title uagb-post__text\">\n\t\t\t\t<a href=\"https:\/\/badania.uew.pl\/en\/a-new-form-of-fat-a-more-sustainable-product-formulation-watersmartfat-brings-together-food-technology-and-water-footprint-analysis\/\" target=\"_self\" rel=\"bookmark noopener noreferrer\">A New Form of Fat: A More Sustainable Product Formulation. WaterSmartFat Brings Together Food Technology and Water Footprint Analysis<\/a>\n\t\t\t<\/h3>\n\t\t\t\t\t\t<div class='uagb-post__text uagb-post-grid-byline'>\n\t\t\t\t\t\t\t<\/div>\n\t\t\t\n\t\t\t\t\t\t\t\t\t<\/article>\n\t\t\t\t\t\t\t\t\t\t\t\t\t\t\t\t<article class=\"uagb-post__inner-wrap\">\t\t\t\t\t\t\t\t<div class='uagb-post__image'>\n\t\t\t\t\t\t\t\t\t<a href=\"https:\/\/badania.uew.pl\/en\/microwaves-and-silymarin-an-innovative-approach-to-enhancing-the-health-value-of-milk-thistle-sprouts\/\" target=\"_self\" rel=\"bookmark noopener noreferrer\" class=\"uagb-image-ratio-2-3\"><img loading=\"lazy\" decoding=\"async\" width=\"768\" height=\"512\" src=\"https:\/\/badania.uew.pl\/wp-content\/uploads\/sites\/23\/2026\/02\/Mikrofale-i-sylimaryna-\u2013-nowatorskie-podejscie-do-zwiekszania-wartosci-prozdrowotnej-kielkow-ostropestu-768x512.jpg\" class=\"attachment-medium_large size-medium_large\" alt=\"Mikrofale i sylimaryna \u2013 nowatorskie podej\u015bcie do zwi\u0119kszania warto\u015bci prozdrowotnej kie\u0142k\u00f3w ostropestu\" srcset=\"https:\/\/badania.uew.pl\/wp-content\/uploads\/sites\/23\/2026\/02\/Mikrofale-i-sylimaryna-\u2013-nowatorskie-podejscie-do-zwiekszania-wartosci-prozdrowotnej-kielkow-ostropestu-768x512.jpg 768w, https:\/\/badania.uew.pl\/wp-content\/uploads\/sites\/23\/2026\/02\/Mikrofale-i-sylimaryna-\u2013-nowatorskie-podejscie-do-zwiekszania-wartosci-prozdrowotnej-kielkow-ostropestu-300x200.jpg 300w, https:\/\/badania.uew.pl\/wp-content\/uploads\/sites\/23\/2026\/02\/Mikrofale-i-sylimaryna-\u2013-nowatorskie-podejscie-do-zwiekszania-wartosci-prozdrowotnej-kielkow-ostropestu-1024x683.jpg 1024w, https:\/\/badania.uew.pl\/wp-content\/uploads\/sites\/23\/2026\/02\/Mikrofale-i-sylimaryna-\u2013-nowatorskie-podejscie-do-zwiekszania-wartosci-prozdrowotnej-kielkow-ostropestu-391x260.jpg 391w, https:\/\/badania.uew.pl\/wp-content\/uploads\/sites\/23\/2026\/02\/Mikrofale-i-sylimaryna-\u2013-nowatorskie-podejscie-do-zwiekszania-wartosci-prozdrowotnej-kielkow-ostropestu-1536x1024.jpg 1536w, https:\/\/badania.uew.pl\/wp-content\/uploads\/sites\/23\/2026\/02\/Mikrofale-i-sylimaryna-\u2013-nowatorskie-podejscie-do-zwiekszania-wartosci-prozdrowotnej-kielkow-ostropestu.jpg 1920w\" sizes=\"auto, (max-width: 768px) 100vw, 768px\" \/>\t\t\t\t\t<\/a>\n\t\t\t\t\t\t\t<\/div>\n\t\t\t\t\t\t<h3 class=\"uagb-post__title uagb-post__text\">\n\t\t\t\t<a href=\"https:\/\/badania.uew.pl\/en\/microwaves-and-silymarin-an-innovative-approach-to-enhancing-the-health-value-of-milk-thistle-sprouts\/\" target=\"_self\" rel=\"bookmark noopener noreferrer\">Microwaves and Silymarin \u2013 An Innovative Approach to Enhancing the Health Value of Milk Thistle Sprouts<\/a>\n\t\t\t<\/h3>\n\t\t\t\t\t\t<div class='uagb-post__text uagb-post-grid-byline'>\n\t\t\t\t\t\t\t<\/div>\n\t\t\t\n\t\t\t\t\t\t\t\t\t<\/article>\n\t\t\t\t\t\t\t\t\t\t\t\t\t\t\t\t<article class=\"uagb-post__inner-wrap\">\t\t\t\t\t\t\t\t<div class='uagb-post__image'>\n\t\t\t\t\t\t\t\t\t<a href=\"https:\/\/badania.uew.pl\/en\/new-photoactive-niobiumv-containing-oxide-compounds-as-photocatalysts-forthe-purification-of-drinking-water-from-organic-micropollutants\/\" target=\"_self\" rel=\"bookmark noopener noreferrer\" class=\"uagb-image-ratio-2-3\"><img loading=\"lazy\" decoding=\"async\" width=\"768\" height=\"512\" src=\"https:\/\/badania.uew.pl\/wp-content\/uploads\/sites\/23\/2026\/02\/Nowe-swiatlowrazliwe-zwiazki-tlenkowe-zawierajace-niobV-jako-fotokatalizatory-do-oczyszczania-wody-spozywczej-z-mikrozanieczyszczen-organicznych-768x512.jpg\" class=\"attachment-medium_large size-medium_large\" alt=\"Nowe\u00a0\u015bwiat\u0142owra\u017cliwe\u00a0zwi\u0105zki tlenkowe zawieraj\u0105ce niob(V) jako\u00a0fotokatalizatory\u00a0do oczyszczania wody spo\u017cywczej z mikrozanieczyszcze\u0144 organicznych\" srcset=\"https:\/\/badania.uew.pl\/wp-content\/uploads\/sites\/23\/2026\/02\/Nowe-swiatlowrazliwe-zwiazki-tlenkowe-zawierajace-niobV-jako-fotokatalizatory-do-oczyszczania-wody-spozywczej-z-mikrozanieczyszczen-organicznych-768x512.jpg 768w, https:\/\/badania.uew.pl\/wp-content\/uploads\/sites\/23\/2026\/02\/Nowe-swiatlowrazliwe-zwiazki-tlenkowe-zawierajace-niobV-jako-fotokatalizatory-do-oczyszczania-wody-spozywczej-z-mikrozanieczyszczen-organicznych-300x200.jpg 300w, https:\/\/badania.uew.pl\/wp-content\/uploads\/sites\/23\/2026\/02\/Nowe-swiatlowrazliwe-zwiazki-tlenkowe-zawierajace-niobV-jako-fotokatalizatory-do-oczyszczania-wody-spozywczej-z-mikrozanieczyszczen-organicznych-1024x683.jpg 1024w, https:\/\/badania.uew.pl\/wp-content\/uploads\/sites\/23\/2026\/02\/Nowe-swiatlowrazliwe-zwiazki-tlenkowe-zawierajace-niobV-jako-fotokatalizatory-do-oczyszczania-wody-spozywczej-z-mikrozanieczyszczen-organicznych-391x260.jpg 391w, https:\/\/badania.uew.pl\/wp-content\/uploads\/sites\/23\/2026\/02\/Nowe-swiatlowrazliwe-zwiazki-tlenkowe-zawierajace-niobV-jako-fotokatalizatory-do-oczyszczania-wody-spozywczej-z-mikrozanieczyszczen-organicznych-1536x1024.jpg 1536w, https:\/\/badania.uew.pl\/wp-content\/uploads\/sites\/23\/2026\/02\/Nowe-swiatlowrazliwe-zwiazki-tlenkowe-zawierajace-niobV-jako-fotokatalizatory-do-oczyszczania-wody-spozywczej-z-mikrozanieczyszczen-organicznych.jpg 1920w\" sizes=\"auto, (max-width: 768px) 100vw, 768px\" \/>\t\t\t\t\t<\/a>\n\t\t\t\t\t\t\t<\/div>\n\t\t\t\t\t\t<h3 class=\"uagb-post__title uagb-post__text\">\n\t\t\t\t<a href=\"https:\/\/badania.uew.pl\/en\/new-photoactive-niobiumv-containing-oxide-compounds-as-photocatalysts-forthe-purification-of-drinking-water-from-organic-micropollutants\/\" target=\"_self\" rel=\"bookmark noopener noreferrer\">New photoactive niobium(V)-containing oxide compounds as photocatalysts forthe purification of drinking water from organic micropollutants<\/a>\n\t\t\t<\/h3>\n\t\t\t\t\t\t<div class='uagb-post__text uagb-post-grid-byline'>\n\t\t\t\t\t\t\t<\/div>\n\t\t\t\n\t\t\t\t\t\t\t\t\t<\/article>\n\t\t\t\t\t\t\t\t\t\t\t\t\t\t\t\t<article class=\"uagb-post__inner-wrap\">\t\t\t\t\t\t\t\t<div class='uagb-post__image'>\n\t\t\t\t\t\t\t\t\t<a href=\"https:\/\/badania.uew.pl\/en\/next-gen-urban-freight-logistics-for-net-zero-emissions-through-innovative-solutions-nextlogic\/\" target=\"_self\" rel=\"bookmark noopener noreferrer\" class=\"uagb-image-ratio-2-3\"><img loading=\"lazy\" decoding=\"async\" width=\"768\" height=\"512\" src=\"https:\/\/badania.uew.pl\/wp-content\/uploads\/sites\/23\/2026\/01\/Projekt-NEXTLOGIC-\u2013-Next-Gen-Urban-Freight-Logistics-for-Net-Zero-Emissions-1-768x512.jpg\" class=\"attachment-medium_large size-medium_large\" alt=\"Projekt NEXTLOGIC \u2013 Next-Gen Urban Freight Logistics for Net-Zero Emissions\" srcset=\"https:\/\/badania.uew.pl\/wp-content\/uploads\/sites\/23\/2026\/01\/Projekt-NEXTLOGIC-\u2013-Next-Gen-Urban-Freight-Logistics-for-Net-Zero-Emissions-1-768x512.jpg 768w, https:\/\/badania.uew.pl\/wp-content\/uploads\/sites\/23\/2026\/01\/Projekt-NEXTLOGIC-\u2013-Next-Gen-Urban-Freight-Logistics-for-Net-Zero-Emissions-1-300x200.jpg 300w, https:\/\/badania.uew.pl\/wp-content\/uploads\/sites\/23\/2026\/01\/Projekt-NEXTLOGIC-\u2013-Next-Gen-Urban-Freight-Logistics-for-Net-Zero-Emissions-1-1024x683.jpg 1024w, https:\/\/badania.uew.pl\/wp-content\/uploads\/sites\/23\/2026\/01\/Projekt-NEXTLOGIC-\u2013-Next-Gen-Urban-Freight-Logistics-for-Net-Zero-Emissions-1-391x260.jpg 391w, https:\/\/badania.uew.pl\/wp-content\/uploads\/sites\/23\/2026\/01\/Projekt-NEXTLOGIC-\u2013-Next-Gen-Urban-Freight-Logistics-for-Net-Zero-Emissions-1-1536x1024.jpg 1536w, https:\/\/badania.uew.pl\/wp-content\/uploads\/sites\/23\/2026\/01\/Projekt-NEXTLOGIC-\u2013-Next-Gen-Urban-Freight-Logistics-for-Net-Zero-Emissions-1.jpg 1920w\" sizes=\"auto, (max-width: 768px) 100vw, 768px\" \/>\t\t\t\t\t<\/a>\n\t\t\t\t\t\t\t<\/div>\n\t\t\t\t\t\t<h3 class=\"uagb-post__title uagb-post__text\">\n\t\t\t\t<a href=\"https:\/\/badania.uew.pl\/en\/next-gen-urban-freight-logistics-for-net-zero-emissions-through-innovative-solutions-nextlogic\/\" target=\"_self\" rel=\"bookmark noopener noreferrer\">Next-Gen Urban\u00a0Freight\u00a0Logistics for Net Zero\u00a0Emissions\u00a0through\u00a0Innovative\u00a0Solutions \u2013 NEXTLOGIC<\/a>\n\t\t\t<\/h3>\n\t\t\t\t\t\t<div class='uagb-post__text uagb-post-grid-byline'>\n\t\t\t\t\t\t\t<\/div>\n\t\t\t\n\t\t\t\t\t\t\t\t\t<\/article>\n\t\t\t\t\t\t\t\t\t\t\t<\/div>\n\t\t\t<\/div>\n<\/div>\n\n\n\n<div class=\"wp-block-columns news-four-column is-layout-flex wp-container-core-columns-is-layout-3534481f wp-block-columns-is-layout-flex\" style=\"margin-top:0;margin-bottom:0;padding-top:var(--wp--preset--spacing--80);padding-bottom:var(--wp--preset--spacing--80)\">\n<div class=\"wp-block-column is-layout-flow wp-block-column-is-layout-flow\">\n<h2 class=\"wp-block-heading has-text-align-center\" style=\"margin-bottom:var(--wp--preset--spacing--60)\">See also<\/h2>\n\n\n\n\t\t\t<div class=\"wp-block-uagb-post-grid uagb-post-grid  uagb-post__image-position-top uagb-post__image-enabled uagb-block-1ff73c89     uagb-post__items uagb-post__columns-4 is-grid uagb-post__columns-tablet-2 uagb-post__columns-mobile-1 uagb-post__equal-height\" data-total=\"28\" style=\"\">\n\n\t\t\t\t\t\t\t\t\t\t\t\t<article class=\"uagb-post__inner-wrap\">\t\t\t\t\t\t\t\t<div class='uagb-post__image'>\n\t\t\t\t\t\t\t\t\t<a href=\"https:\/\/badania.uew.pl\/en\/wueb-experts-weekly-review-research-projects-and-academic-successes-24-30-august-2026\/\" target=\"_self\" rel=\"bookmark noopener noreferrer\" class=\"uagb-image-ratio-2-3\"><img loading=\"lazy\" decoding=\"async\" width=\"768\" height=\"512\" src=\"https:\/\/badania.uew.pl\/wp-content\/uploads\/sites\/23\/2026\/03\/Tydzien-z-ekspertami-UEW.-Komentarze-projekty-i-sukcesy-\u2013-przeglad-najwazniejszych-aktywnosci-768x512.jpg\" class=\"attachment-medium_large size-medium_large\" alt=\"Week with WUEB experts. Commentary, projects and achievements \u2013 a review of key activities\" srcset=\"https:\/\/badania.uew.pl\/wp-content\/uploads\/sites\/23\/2026\/03\/Tydzien-z-ekspertami-UEW.-Komentarze-projekty-i-sukcesy-\u2013-przeglad-najwazniejszych-aktywnosci-768x512.jpg 768w, https:\/\/badania.uew.pl\/wp-content\/uploads\/sites\/23\/2026\/03\/Tydzien-z-ekspertami-UEW.-Komentarze-projekty-i-sukcesy-\u2013-przeglad-najwazniejszych-aktywnosci-300x200.jpg 300w, https:\/\/badania.uew.pl\/wp-content\/uploads\/sites\/23\/2026\/03\/Tydzien-z-ekspertami-UEW.-Komentarze-projekty-i-sukcesy-\u2013-przeglad-najwazniejszych-aktywnosci-1024x683.jpg 1024w, https:\/\/badania.uew.pl\/wp-content\/uploads\/sites\/23\/2026\/03\/Tydzien-z-ekspertami-UEW.-Komentarze-projekty-i-sukcesy-\u2013-przeglad-najwazniejszych-aktywnosci-391x260.jpg 391w, https:\/\/badania.uew.pl\/wp-content\/uploads\/sites\/23\/2026\/03\/Tydzien-z-ekspertami-UEW.-Komentarze-projekty-i-sukcesy-\u2013-przeglad-najwazniejszych-aktywnosci-1536x1024.jpg 1536w, https:\/\/badania.uew.pl\/wp-content\/uploads\/sites\/23\/2026\/03\/Tydzien-z-ekspertami-UEW.-Komentarze-projekty-i-sukcesy-\u2013-przeglad-najwazniejszych-aktywnosci.jpg 1920w\" sizes=\"auto, (max-width: 768px) 100vw, 768px\" \/>\t\t\t\t\t<\/a>\n\t\t\t\t\t\t\t<\/div>\n\t\t\t\t\t\t<h3 class=\"uagb-post__title uagb-post__text\">\n\t\t\t\t<a href=\"https:\/\/badania.uew.pl\/en\/wueb-experts-weekly-review-research-projects-and-academic-successes-24-30-august-2026\/\" target=\"_self\" rel=\"bookmark noopener noreferrer\">WUEB Experts Weekly Review. Research, Projects and Academic Successes (24 &#8211; 30 August 2026)<\/a>\n\t\t\t<\/h3>\n\t\t\t\t\t\t<div class='uagb-post__text uagb-post-grid-byline'>\n\t\t\t\t\t\t\t<\/div>\n\t\t\t\n\t\t\t\t\t\t\t\t\t<\/article>\n\t\t\t\t\t\t\t\t\t\t\t\t\t\t\t\t<article class=\"uagb-post__inner-wrap\">\t\t\t\t\t\t\t\t<div class='uagb-post__image'>\n\t\t\t\t\t\t\t\t\t<a href=\"https:\/\/badania.uew.pl\/en\/visual-simulation-of-business-processes-wspb-joins-the-polish-roadmap-for-research-infrastructures\/\" target=\"_self\" rel=\"bookmark noopener noreferrer\" class=\"uagb-image-ratio-2-3\"><img loading=\"lazy\" decoding=\"async\" width=\"768\" height=\"512\" src=\"https:\/\/badania.uew.pl\/wp-content\/uploads\/sites\/23\/2026\/08\/Wizualna-symulacja-procesow-biznesowych-UEW-eng-768x512.png\" class=\"attachment-medium_large size-medium_large\" alt=\"Visual Simulation of Business Processes (WSPB) joins the Polish Roadmap for Research Infrastructures\" srcset=\"https:\/\/badania.uew.pl\/wp-content\/uploads\/sites\/23\/2026\/08\/Wizualna-symulacja-procesow-biznesowych-UEW-eng-768x512.png 768w, https:\/\/badania.uew.pl\/wp-content\/uploads\/sites\/23\/2026\/08\/Wizualna-symulacja-procesow-biznesowych-UEW-eng-300x200.png 300w, https:\/\/badania.uew.pl\/wp-content\/uploads\/sites\/23\/2026\/08\/Wizualna-symulacja-procesow-biznesowych-UEW-eng-1024x683.png 1024w, https:\/\/badania.uew.pl\/wp-content\/uploads\/sites\/23\/2026\/08\/Wizualna-symulacja-procesow-biznesowych-UEW-eng-391x260.png 391w, https:\/\/badania.uew.pl\/wp-content\/uploads\/sites\/23\/2026\/08\/Wizualna-symulacja-procesow-biznesowych-UEW-eng-1536x1024.png 1536w, https:\/\/badania.uew.pl\/wp-content\/uploads\/sites\/23\/2026\/08\/Wizualna-symulacja-procesow-biznesowych-UEW-eng.png 1920w\" sizes=\"auto, (max-width: 768px) 100vw, 768px\" \/>\t\t\t\t\t<\/a>\n\t\t\t\t\t\t\t<\/div>\n\t\t\t\t\t\t<h3 class=\"uagb-post__title uagb-post__text\">\n\t\t\t\t<a href=\"https:\/\/badania.uew.pl\/en\/visual-simulation-of-business-processes-wspb-joins-the-polish-roadmap-for-research-infrastructures\/\" target=\"_self\" rel=\"bookmark noopener noreferrer\">Visual Simulation of Business Processes (WSPB) joins the Polish Roadmap for Research Infrastructures<\/a>\n\t\t\t<\/h3>\n\t\t\t\t\t\t<div class='uagb-post__text uagb-post-grid-byline'>\n\t\t\t\t\t\t\t<\/div>\n\t\t\t\n\t\t\t\t\t\t\t\t\t<\/article>\n\t\t\t\t\t\t\t\t\t\t\t\t\t\t\t\t<article class=\"uagb-post__inner-wrap\">\t\t\t\t\t\t\t\t<div class='uagb-post__image'>\n\t\t\t\t\t\t\t\t\t<a href=\"https:\/\/badania.uew.pl\/en\/wueb-experts-weekly-rewiev-research-projects-and-academic-successes-17-23-august-2026\/\" target=\"_self\" rel=\"bookmark noopener noreferrer\" class=\"uagb-image-ratio-2-3\"><img loading=\"lazy\" decoding=\"async\" width=\"768\" height=\"512\" src=\"https:\/\/badania.uew.pl\/wp-content\/uploads\/sites\/23\/2026\/03\/Tydzien-z-ekspertami-UEW.-Komentarze-projekty-i-sukcesy-\u2013-przeglad-najwazniejszych-aktywnosci-768x512.jpg\" class=\"attachment-medium_large size-medium_large\" alt=\"Week with WUEB experts. Commentary, projects and achievements \u2013 a review of key activities\" srcset=\"https:\/\/badania.uew.pl\/wp-content\/uploads\/sites\/23\/2026\/03\/Tydzien-z-ekspertami-UEW.-Komentarze-projekty-i-sukcesy-\u2013-przeglad-najwazniejszych-aktywnosci-768x512.jpg 768w, https:\/\/badania.uew.pl\/wp-content\/uploads\/sites\/23\/2026\/03\/Tydzien-z-ekspertami-UEW.-Komentarze-projekty-i-sukcesy-\u2013-przeglad-najwazniejszych-aktywnosci-300x200.jpg 300w, https:\/\/badania.uew.pl\/wp-content\/uploads\/sites\/23\/2026\/03\/Tydzien-z-ekspertami-UEW.-Komentarze-projekty-i-sukcesy-\u2013-przeglad-najwazniejszych-aktywnosci-1024x683.jpg 1024w, https:\/\/badania.uew.pl\/wp-content\/uploads\/sites\/23\/2026\/03\/Tydzien-z-ekspertami-UEW.-Komentarze-projekty-i-sukcesy-\u2013-przeglad-najwazniejszych-aktywnosci-391x260.jpg 391w, https:\/\/badania.uew.pl\/wp-content\/uploads\/sites\/23\/2026\/03\/Tydzien-z-ekspertami-UEW.-Komentarze-projekty-i-sukcesy-\u2013-przeglad-najwazniejszych-aktywnosci-1536x1024.jpg 1536w, https:\/\/badania.uew.pl\/wp-content\/uploads\/sites\/23\/2026\/03\/Tydzien-z-ekspertami-UEW.-Komentarze-projekty-i-sukcesy-\u2013-przeglad-najwazniejszych-aktywnosci.jpg 1920w\" sizes=\"auto, (max-width: 768px) 100vw, 768px\" \/>\t\t\t\t\t<\/a>\n\t\t\t\t\t\t\t<\/div>\n\t\t\t\t\t\t<h3 class=\"uagb-post__title uagb-post__text\">\n\t\t\t\t<a href=\"https:\/\/badania.uew.pl\/en\/wueb-experts-weekly-rewiev-research-projects-and-academic-successes-17-23-august-2026\/\" target=\"_self\" rel=\"bookmark noopener noreferrer\">\u00a0WUEB experts weekly rewiev. Research, Projects and Academic Successes (17\u201323 August 2026)<\/a>\n\t\t\t<\/h3>\n\t\t\t\t\t\t<div class='uagb-post__text uagb-post-grid-byline'>\n\t\t\t\t\t\t\t<\/div>\n\t\t\t\n\t\t\t\t\t\t\t\t\t<\/article>\n\t\t\t\t\t\t\t\t\t\t\t\t\t\t\t\t<article class=\"uagb-post__inner-wrap\">\t\t\t\t\t\t\t\t<div class='uagb-post__image'>\n\t\t\t\t\t\t\t\t\t<a href=\"https:\/\/badania.uew.pl\/en\/wueb-awarded-visegrad-grant-to-study-the-skills-gap-across-the-v4\/\" target=\"_self\" rel=\"bookmark noopener noreferrer\" class=\"uagb-image-ratio-2-3\"><img loading=\"lazy\" decoding=\"async\" width=\"768\" height=\"512\" src=\"https:\/\/badania.uew.pl\/wp-content\/uploads\/sites\/23\/2026\/08\/Aktualnosci-3-768x512.png\" class=\"attachment-medium_large size-medium_large\" alt=\"The graphic features portraits of the WUEB team delivering the \u2018Bridging V4 Universities and Business through Design Thinking\u2019 project: mgr Paulina Graczyk, mgr Kamila \u0141uczak and mgr Maciej Krahel. The project has received funding from the International Visegrad Fund.\" srcset=\"https:\/\/badania.uew.pl\/wp-content\/uploads\/sites\/23\/2026\/08\/Aktualnosci-3-768x512.png 768w, https:\/\/badania.uew.pl\/wp-content\/uploads\/sites\/23\/2026\/08\/Aktualnosci-3-300x200.png 300w, https:\/\/badania.uew.pl\/wp-content\/uploads\/sites\/23\/2026\/08\/Aktualnosci-3-1024x683.png 1024w, https:\/\/badania.uew.pl\/wp-content\/uploads\/sites\/23\/2026\/08\/Aktualnosci-3-391x260.png 391w, https:\/\/badania.uew.pl\/wp-content\/uploads\/sites\/23\/2026\/08\/Aktualnosci-3-1536x1024.png 1536w, https:\/\/badania.uew.pl\/wp-content\/uploads\/sites\/23\/2026\/08\/Aktualnosci-3.png 1920w\" sizes=\"auto, (max-width: 768px) 100vw, 768px\" \/>\t\t\t\t\t<\/a>\n\t\t\t\t\t\t\t<\/div>\n\t\t\t\t\t\t<h3 class=\"uagb-post__title uagb-post__text\">\n\t\t\t\t<a href=\"https:\/\/badania.uew.pl\/en\/wueb-awarded-visegrad-grant-to-study-the-skills-gap-across-the-v4\/\" target=\"_self\" rel=\"bookmark noopener noreferrer\">WUEB awarded Visegrad grant to study the skills gap across the V4<\/a>\n\t\t\t<\/h3>\n\t\t\t\t\t\t<div class='uagb-post__text uagb-post-grid-byline'>\n\t\t\t\t\t\t\t<\/div>\n\t\t\t\n\t\t\t\t\t\t\t\t\t<\/article>\n\t\t\t\t\t\t\t\t\t\t\t\t\t\t\t\t<article class=\"uagb-post__inner-wrap\">\t\t\t\t\t\t\t\t<div class='uagb-post__image'>\n\t\t\t\t\t\t\t\t\t<a href=\"https:\/\/badania.uew.pl\/en\/prof-malgorzata-krzywonos-joins-the-management-committee-of-cost-action-brasschi\/\" target=\"_self\" rel=\"bookmark noopener noreferrer\" class=\"uagb-image-ratio-2-3\"><img loading=\"lazy\" decoding=\"async\" width=\"768\" height=\"512\" src=\"https:\/\/badania.uew.pl\/wp-content\/uploads\/sites\/23\/2026\/08\/Prof-Malgorzata-Krzywonos-joins-the-Management-Committee-of-COST-Action-BRASSCHI-768x512.jpg\" class=\"attachment-medium_large size-medium_large\" alt=\"\" srcset=\"https:\/\/badania.uew.pl\/wp-content\/uploads\/sites\/23\/2026\/08\/Prof-Malgorzata-Krzywonos-joins-the-Management-Committee-of-COST-Action-BRASSCHI-768x512.jpg 768w, https:\/\/badania.uew.pl\/wp-content\/uploads\/sites\/23\/2026\/08\/Prof-Malgorzata-Krzywonos-joins-the-Management-Committee-of-COST-Action-BRASSCHI-300x200.jpg 300w, https:\/\/badania.uew.pl\/wp-content\/uploads\/sites\/23\/2026\/08\/Prof-Malgorzata-Krzywonos-joins-the-Management-Committee-of-COST-Action-BRASSCHI-1024x683.jpg 1024w, https:\/\/badania.uew.pl\/wp-content\/uploads\/sites\/23\/2026\/08\/Prof-Malgorzata-Krzywonos-joins-the-Management-Committee-of-COST-Action-BRASSCHI-391x260.jpg 391w, https:\/\/badania.uew.pl\/wp-content\/uploads\/sites\/23\/2026\/08\/Prof-Malgorzata-Krzywonos-joins-the-Management-Committee-of-COST-Action-BRASSCHI-1536x1024.jpg 1536w, https:\/\/badania.uew.pl\/wp-content\/uploads\/sites\/23\/2026\/08\/Prof-Malgorzata-Krzywonos-joins-the-Management-Committee-of-COST-Action-BRASSCHI.jpg 1920w\" sizes=\"auto, (max-width: 768px) 100vw, 768px\" \/>\t\t\t\t\t<\/a>\n\t\t\t\t\t\t\t<\/div>\n\t\t\t\t\t\t<h3 class=\"uagb-post__title uagb-post__text\">\n\t\t\t\t<a href=\"https:\/\/badania.uew.pl\/en\/prof-malgorzata-krzywonos-joins-the-management-committee-of-cost-action-brasschi\/\" target=\"_self\" rel=\"bookmark noopener noreferrer\">Prof Ma\u0142gorzata Krzywonos joins the Management Committee of COST Action BRASSCHI<\/a>\n\t\t\t<\/h3>\n\t\t\t\t\t\t<div class='uagb-post__text uagb-post-grid-byline'>\n\t\t\t\t\t\t\t<\/div>\n\t\t\t\n\t\t\t\t\t\t\t\t\t<\/article>\n\t\t\t\t\t\t\t\t\t\t\t\t\t\t\t\t<article class=\"uagb-post__inner-wrap\">\t\t\t\t\t\t\t\t<div class='uagb-post__image'>\n\t\t\t\t\t\t\t\t\t<a href=\"https:\/\/badania.uew.pl\/en\/wueb-joins-discussions-on-teema-technology-park-in-miekinia\/\" target=\"_self\" rel=\"bookmark noopener noreferrer\" class=\"uagb-image-ratio-2-3\"><img loading=\"lazy\" decoding=\"async\" width=\"768\" height=\"512\" src=\"https:\/\/badania.uew.pl\/wp-content\/uploads\/sites\/23\/2026\/08\/UEW-w-rozmowach-o-TEEMA-Technology-Park-w-Miekini-768x512.jpg\" class=\"attachment-medium_large size-medium_large\" alt=\"Zdj\u0119cie z rozm\u00f3w. Ludzie siedz\u0105cy przy stole. W tle dziennikarze. W\u015br\u00f3d siedz\u0105cych A\u0142\u0142a Witwicka-Dudek oraz Krzysztof Piontek.\" srcset=\"https:\/\/badania.uew.pl\/wp-content\/uploads\/sites\/23\/2026\/08\/UEW-w-rozmowach-o-TEEMA-Technology-Park-w-Miekini-768x512.jpg 768w, https:\/\/badania.uew.pl\/wp-content\/uploads\/sites\/23\/2026\/08\/UEW-w-rozmowach-o-TEEMA-Technology-Park-w-Miekini-300x200.jpg 300w, https:\/\/badania.uew.pl\/wp-content\/uploads\/sites\/23\/2026\/08\/UEW-w-rozmowach-o-TEEMA-Technology-Park-w-Miekini-1024x683.jpg 1024w, https:\/\/badania.uew.pl\/wp-content\/uploads\/sites\/23\/2026\/08\/UEW-w-rozmowach-o-TEEMA-Technology-Park-w-Miekini-391x260.jpg 391w, https:\/\/badania.uew.pl\/wp-content\/uploads\/sites\/23\/2026\/08\/UEW-w-rozmowach-o-TEEMA-Technology-Park-w-Miekini-1536x1024.jpg 1536w, https:\/\/badania.uew.pl\/wp-content\/uploads\/sites\/23\/2026\/08\/UEW-w-rozmowach-o-TEEMA-Technology-Park-w-Miekini.jpg 1920w\" sizes=\"auto, (max-width: 768px) 100vw, 768px\" \/>\t\t\t\t\t<\/a>\n\t\t\t\t\t\t\t<\/div>\n\t\t\t\t\t\t<h3 class=\"uagb-post__title uagb-post__text\">\n\t\t\t\t<a href=\"https:\/\/badania.uew.pl\/en\/wueb-joins-discussions-on-teema-technology-park-in-miekinia\/\" target=\"_self\" rel=\"bookmark noopener noreferrer\">WUEB joins discussions on TEEMA Technology Park in Mi\u0119kinia<\/a>\n\t\t\t<\/h3>\n\t\t\t\t\t\t<div class='uagb-post__text uagb-post-grid-byline'>\n\t\t\t\t\t\t\t<\/div>\n\t\t\t\n\t\t\t\t\t\t\t\t\t<\/article>\n\t\t\t\t\t\t\t\t\t\t\t\t\t\t\t\t<article class=\"uagb-post__inner-wrap\">\t\t\t\t\t\t\t\t<div class='uagb-post__image'>\n\t\t\t\t\t\t\t\t\t<a href=\"https:\/\/badania.uew.pl\/en\/wueb-experts-weekly-review-research-projects-and-academic-successes-10-16-august-2026\/\" target=\"_self\" rel=\"bookmark noopener noreferrer\" class=\"uagb-image-ratio-2-3\"><img loading=\"lazy\" decoding=\"async\" width=\"768\" height=\"512\" src=\"https:\/\/badania.uew.pl\/wp-content\/uploads\/sites\/23\/2026\/03\/Tydzien-z-ekspertami-UEW.-Komentarze-projekty-i-sukcesy-\u2013-przeglad-najwazniejszych-aktywnosci-768x512.jpg\" class=\"attachment-medium_large size-medium_large\" alt=\"Week with WUEB experts. Commentary, projects and achievements \u2013 a review of key activities\" srcset=\"https:\/\/badania.uew.pl\/wp-content\/uploads\/sites\/23\/2026\/03\/Tydzien-z-ekspertami-UEW.-Komentarze-projekty-i-sukcesy-\u2013-przeglad-najwazniejszych-aktywnosci-768x512.jpg 768w, https:\/\/badania.uew.pl\/wp-content\/uploads\/sites\/23\/2026\/03\/Tydzien-z-ekspertami-UEW.-Komentarze-projekty-i-sukcesy-\u2013-przeglad-najwazniejszych-aktywnosci-300x200.jpg 300w, https:\/\/badania.uew.pl\/wp-content\/uploads\/sites\/23\/2026\/03\/Tydzien-z-ekspertami-UEW.-Komentarze-projekty-i-sukcesy-\u2013-przeglad-najwazniejszych-aktywnosci-1024x683.jpg 1024w, https:\/\/badania.uew.pl\/wp-content\/uploads\/sites\/23\/2026\/03\/Tydzien-z-ekspertami-UEW.-Komentarze-projekty-i-sukcesy-\u2013-przeglad-najwazniejszych-aktywnosci-391x260.jpg 391w, https:\/\/badania.uew.pl\/wp-content\/uploads\/sites\/23\/2026\/03\/Tydzien-z-ekspertami-UEW.-Komentarze-projekty-i-sukcesy-\u2013-przeglad-najwazniejszych-aktywnosci-1536x1024.jpg 1536w, https:\/\/badania.uew.pl\/wp-content\/uploads\/sites\/23\/2026\/03\/Tydzien-z-ekspertami-UEW.-Komentarze-projekty-i-sukcesy-\u2013-przeglad-najwazniejszych-aktywnosci.jpg 1920w\" sizes=\"auto, (max-width: 768px) 100vw, 768px\" \/>\t\t\t\t\t<\/a>\n\t\t\t\t\t\t\t<\/div>\n\t\t\t\t\t\t<h3 class=\"uagb-post__title uagb-post__text\">\n\t\t\t\t<a href=\"https:\/\/badania.uew.pl\/en\/wueb-experts-weekly-review-research-projects-and-academic-successes-10-16-august-2026\/\" target=\"_self\" rel=\"bookmark noopener noreferrer\">WUEB Experts Weekly Review. Research, Projects and Academic Successes (10\u201316 August 2026)<\/a>\n\t\t\t<\/h3>\n\t\t\t\t\t\t<div class='uagb-post__text uagb-post-grid-byline'>\n\t\t\t\t\t\t\t<\/div>\n\t\t\t\n\t\t\t\t\t\t\t\t\t<\/article>\n\t\t\t\t\t\t\t\t\t\t\t\t\t\t\t\t<article class=\"uagb-post__inner-wrap\">\t\t\t\t\t\t\t\t<div class='uagb-post__image'>\n\t\t\t\t\t\t\t\t\t<a href=\"https:\/\/badania.uew.pl\/en\/mgr-julia-majewska-reappointed-to-polsa-student-council\/\" target=\"_self\" rel=\"bookmark noopener noreferrer\" class=\"uagb-image-ratio-2-3\"><img loading=\"lazy\" decoding=\"async\" width=\"768\" height=\"512\" src=\"https:\/\/badania.uew.pl\/wp-content\/uploads\/sites\/23\/2026\/08\/Mgr-Julia-Majewska-reappointed-to-POLSA-Student-Council-768x512.png\" class=\"attachment-medium_large size-medium_large\" alt=\"\" srcset=\"https:\/\/badania.uew.pl\/wp-content\/uploads\/sites\/23\/2026\/08\/Mgr-Julia-Majewska-reappointed-to-POLSA-Student-Council-768x512.png 768w, https:\/\/badania.uew.pl\/wp-content\/uploads\/sites\/23\/2026\/08\/Mgr-Julia-Majewska-reappointed-to-POLSA-Student-Council-300x200.png 300w, https:\/\/badania.uew.pl\/wp-content\/uploads\/sites\/23\/2026\/08\/Mgr-Julia-Majewska-reappointed-to-POLSA-Student-Council-1024x683.png 1024w, https:\/\/badania.uew.pl\/wp-content\/uploads\/sites\/23\/2026\/08\/Mgr-Julia-Majewska-reappointed-to-POLSA-Student-Council-391x260.png 391w, https:\/\/badania.uew.pl\/wp-content\/uploads\/sites\/23\/2026\/08\/Mgr-Julia-Majewska-reappointed-to-POLSA-Student-Council-1536x1024.png 1536w, https:\/\/badania.uew.pl\/wp-content\/uploads\/sites\/23\/2026\/08\/Mgr-Julia-Majewska-reappointed-to-POLSA-Student-Council.png 1920w\" sizes=\"auto, (max-width: 768px) 100vw, 768px\" \/>\t\t\t\t\t<\/a>\n\t\t\t\t\t\t\t<\/div>\n\t\t\t\t\t\t<h3 class=\"uagb-post__title uagb-post__text\">\n\t\t\t\t<a href=\"https:\/\/badania.uew.pl\/en\/mgr-julia-majewska-reappointed-to-polsa-student-council\/\" target=\"_self\" rel=\"bookmark noopener noreferrer\">Mgr Julia Majewska reappointed to POLSA Student Council<\/a>\n\t\t\t<\/h3>\n\t\t\t\t\t\t<div class='uagb-post__text uagb-post-grid-byline'>\n\t\t\t\t\t\t\t<\/div>\n\t\t\t\n\t\t\t\t\t\t\t\t\t<\/article>\n\t\t\t\t\t\t\t\t\t\t\t<\/div>\n\t\t\t<\/div>\n<\/div>\n","protected":false},"excerpt":{"rendered":"<p>How can the competences developed at universities be better aligned [&hellip;]<\/p>\n","protected":false},"author":3741,"featured_media":52383,"comment_status":"closed","ping_status":"closed","sticky":false,"template":"","format":"standard","meta":{"_acf_changed":false,"inline_featured_image":false,"_uag_custom_page_level_css":"","site-sidebar-layout":"default","site-content-layout":"","ast-site-content-layout":"default","site-content-style":"default","site-sidebar-style":"default","ast-global-header-display":"","ast-banner-title-visibility":"","ast-main-header-display":"","ast-hfb-above-header-display":"","ast-hfb-below-header-display":"","ast-hfb-mobile-header-display":"","site-post-title":"","ast-breadcrumbs-content":"","ast-featured-img":"","footer-sml-layout":"","ast-disable-related-posts":"","theme-transparent-header-meta":"","adv-header-id-meta":"","stick-header-meta":"","header-above-stick-meta":"","header-main-stick-meta":"","header-below-stick-meta":"","astra-migrate-meta-layouts":"set","ast-page-background-enabled":"default","ast-page-background-meta":{"desktop":{"background-color":"var(--ast-global-color-4)","background-image":"","background-repeat":"repeat","background-position":"center center","background-size":"auto","background-attachment":"scroll","background-type":"","background-media":"","overlay-type":"","overlay-color":"","overlay-opacity":"","overlay-gradient":""},"tablet":{"background-color":"","background-image":"","background-repeat":"repeat","background-position":"center center","background-size":"auto","background-attachment":"scroll","background-type":"","background-media":"","overlay-type":"","overlay-color":"","overlay-opacity":"","overlay-gradient":""},"mobile":{"background-color":"","background-image":"","background-repeat":"repeat","background-position":"center center","background-size":"auto","background-attachment":"scroll","background-type":"","background-media":"","overlay-type":"","overlay-color":"","overlay-opacity":"","overlay-gradient":""}},"ast-content-background-meta":{"desktop":{"background-color":"var(--ast-global-color-5)","background-image":"","background-repeat":"repeat","background-position":"center center","background-size":"auto","background-attachment":"scroll","background-type":"","background-media":"","overlay-type":"","overlay-color":"","overlay-opacity":"","overlay-gradient":""},"tablet":{"background-color":"var(--ast-global-color-5)","background-image":"","background-repeat":"repeat","background-position":"center center","background-size":"auto","background-attachment":"scroll","background-type":"","background-media":"","overlay-type":"","overlay-color":"","overlay-opacity":"","overlay-gradient":""},"mobile":{"background-color":"var(--ast-global-color-5)","background-image":"","background-repeat":"repeat","background-position":"center center","background-size":"auto","background-attachment":"scroll","background-type":"","background-media":"","overlay-type":"","overlay-color":"","overlay-opacity":"","overlay-gradient":""}},"footnotes":""},"categories":[333],"tags":[1602,1572,1569,999],"class_list":["post-52551","post","type-post","status-publish","format-standard","has-post-thumbnail","hentry","category-projects","tag-bridging-v4-universities-and-business-through-design-thinking-5","tag-kamila-luczak-3","tag-maciej-krahel-3","tag-paulina-graczyk-en"],"acf":[],"featured_image_src":"https:\/\/badania.uew.pl\/wp-content\/uploads\/sites\/23\/2026\/09\/Bridging-V4-Universities-and-Business-through-Design-Thinking-1.png","author_info":{"display_name":"bgrzelczak","author_link":"https:\/\/badania.uew.pl\/en\/author\/bgrzelczak\/"},"uagb_featured_image_src":{"full":["https:\/\/badania.uew.pl\/wp-content\/uploads\/sites\/23\/2026\/09\/Bridging-V4-Universities-and-Business-through-Design-Thinking-1.png",1920,1280,false],"thumbnail":["https:\/\/badania.uew.pl\/wp-content\/uploads\/sites\/23\/2026\/09\/Bridging-V4-Universities-and-Business-through-Design-Thinking-1-150x150.png",150,150,true],"medium":["https:\/\/badania.uew.pl\/wp-content\/uploads\/sites\/23\/2026\/09\/Bridging-V4-Universities-and-Business-through-Design-Thinking-1-300x200.png",300,200,true],"medium_large":["https:\/\/badania.uew.pl\/wp-content\/uploads\/sites\/23\/2026\/09\/Bridging-V4-Universities-and-Business-through-Design-Thinking-1-768x512.png",768,512,true],"large":["https:\/\/badania.uew.pl\/wp-content\/uploads\/sites\/23\/2026\/09\/Bridging-V4-Universities-and-Business-through-Design-Thinking-1-1024x683.png",1024,683,true],"thumblist":["https:\/\/badania.uew.pl\/wp-content\/uploads\/sites\/23\/2026\/09\/Bridging-V4-Universities-and-Business-through-Design-Thinking-1-300x300.png",300,300,true],"thumbrelated":["https:\/\/badania.uew.pl\/wp-content\/uploads\/sites\/23\/2026\/09\/Bridging-V4-Universities-and-Business-through-Design-Thinking-1-500x500.png",500,500,true],"meccarouselthumb":["https:\/\/badania.uew.pl\/wp-content\/uploads\/sites\/23\/2026\/09\/Bridging-V4-Universities-and-Business-through-Design-Thinking-1-474x324.png",474,324,true],"gridsquare":["https:\/\/badania.uew.pl\/wp-content\/uploads\/sites\/23\/2026\/09\/Bridging-V4-Universities-and-Business-through-Design-Thinking-1-391x260.png",391,260,true],"tileview":["https:\/\/badania.uew.pl\/wp-content\/uploads\/sites\/23\/2026\/09\/Bridging-V4-Universities-and-Business-through-Design-Thinking-1-300x400.png",300,400,true],"1536x1536":["https:\/\/badania.uew.pl\/wp-content\/uploads\/sites\/23\/2026\/09\/Bridging-V4-Universities-and-Business-through-Design-Thinking-1-1536x1024.png",1536,1024,true],"2048x2048":["https:\/\/badania.uew.pl\/wp-content\/uploads\/sites\/23\/2026\/09\/Bridging-V4-Universities-and-Business-through-Design-Thinking-1.png",1920,1280,false]},"uagb_author_info":{"display_name":"bgrzelczak","author_link":"https:\/\/badania.uew.pl\/en\/author\/bgrzelczak\/"},"uagb_comment_info":0,"uagb_excerpt":"How can the competences developed at universities be better aligned [&hellip;]","publishpress_future_action":{"enabled":false,"date":"2026-09-02 15:51:48","action":"change-status","newStatus":"draft","terms":[],"taxonomy":"category","extraData":[]},"publishpress_future_workflow_manual_trigger":{"enabledWorkflows":[]},"_links":{"self":[{"href":"https:\/\/badania.uew.pl\/en\/wp-json\/wp\/v2\/posts\/52551","targetHints":{"allow":["GET"]}}],"collection":[{"href":"https:\/\/badania.uew.pl\/en\/wp-json\/wp\/v2\/posts"}],"about":[{"href":"https:\/\/badania.uew.pl\/en\/wp-json\/wp\/v2\/types\/post"}],"author":[{"embeddable":true,"href":"https:\/\/badania.uew.pl\/en\/wp-json\/wp\/v2\/users\/3741"}],"replies":[{"embeddable":true,"href":"https:\/\/badania.uew.pl\/en\/wp-json\/wp\/v2\/comments?post=52551"}],"version-history":[{"count":2,"href":"https:\/\/badania.uew.pl\/en\/wp-json\/wp\/v2\/posts\/52551\/revisions"}],"predecessor-version":[{"id":52620,"href":"https:\/\/badania.uew.pl\/en\/wp-json\/wp\/v2\/posts\/52551\/revisions\/52620"}],"wp:featuredmedia":[{"embeddable":true,"href":"https:\/\/badania.uew.pl\/en\/wp-json\/wp\/v2\/media\/52383"}],"wp:attachment":[{"href":"https:\/\/badania.uew.pl\/en\/wp-json\/wp\/v2\/media?parent=52551"}],"wp:term":[{"taxonomy":"category","embeddable":true,"href":"https:\/\/badania.uew.pl\/en\/wp-json\/wp\/v2\/categories?post=52551"},{"taxonomy":"post_tag","embeddable":true,"href":"https:\/\/badania.uew.pl\/en\/wp-json\/wp\/v2\/tags?post=52551"}],"curies":[{"name":"wp","href":"https:\/\/api.w.org\/{rel}","templated":true}]}}