{"id":50820,"date":"2026-07-14T12:00:00","date_gmt":"2026-07-14T10:00:00","guid":{"rendered":"https:\/\/badania.uew.pl\/?p=50820"},"modified":"2026-07-15T14:51:36","modified_gmt":"2026-07-15T12:51:36","slug":"professor-sulich-to-study-green-jobs-under-zawacka-nawa","status":"publish","type":"post","link":"https:\/\/badania.uew.pl\/en\/professor-sulich-to-study-green-jobs-under-zawacka-nawa\/","title":{"rendered":"Dr in\u017c. Adam Sulich to Study Green Jobs under Zawacka NAWA"},"content":{"rendered":"\n<div class=\"wp-block-columns is-layout-flex wp-container-core-columns-is-layout-fba3a3af wp-block-columns-is-layout-flex\" style=\"padding-top:var(--wp--preset--spacing--60);padding-bottom:var(--wp--preset--spacing--80)\">\n<div class=\"wp-block-column is-layout-constrained wp-container-core-column-is-layout-fd2b50d3 wp-block-column-is-layout-constrained\" style=\"flex-basis:100%\">\n<p class=\"has-medium-font-size wp-block-paragraph\"><strong><strong><strong>Green jobs will be a central focus of a six-month research stay by <a href=\"https:\/\/wir.ue.wroc.pl\/info\/author\/WUT9fb73c08701d44f1bf855bd0a055f2ce\/\" target=\"_blank\" rel=\"noopener\">dr in\u017c. Adam Sulich, Professor of the WUEB<\/a>, in Czechia. <\/strong>The WUEB researcher will examine how the energy transition affects businesses, workforce skills and employment structures.&nbsp;<\/strong><\/strong><\/p>\n\n\n<figure style=\"padding-top:0;padding-bottom:0;margin-top:var(--wp--preset--spacing--70);margin-bottom:var(--wp--preset--spacing--70)\" class=\"alignwide wp-block-post-featured-image\"><img loading=\"lazy\" decoding=\"async\" width=\"1920\" height=\"1280\" src=\"https:\/\/badania.uew.pl\/wp-content\/uploads\/sites\/23\/2026\/07\/Professor-Sulich-to-Study-Green-Jobs-under-Zawacka-NAWA.png\" class=\"attachment-post-thumbnail size-post-thumbnail wp-post-image\" alt=\"Decorative image. On the top left, the UEW logo; at the bottom, the Zawacka NAWA logo and the text: Dr. Eng. Adam Sulich, Prof. UEW. Zawacka NAWA program. A six-month stay in the Czech Republic. On the right, a photograph of Adam Sulich.\" style=\"object-fit:cover;\" srcset=\"https:\/\/badania.uew.pl\/wp-content\/uploads\/sites\/23\/2026\/07\/Professor-Sulich-to-Study-Green-Jobs-under-Zawacka-NAWA.png 1920w, https:\/\/badania.uew.pl\/wp-content\/uploads\/sites\/23\/2026\/07\/Professor-Sulich-to-Study-Green-Jobs-under-Zawacka-NAWA-300x200.png 300w, https:\/\/badania.uew.pl\/wp-content\/uploads\/sites\/23\/2026\/07\/Professor-Sulich-to-Study-Green-Jobs-under-Zawacka-NAWA-1024x683.png 1024w, https:\/\/badania.uew.pl\/wp-content\/uploads\/sites\/23\/2026\/07\/Professor-Sulich-to-Study-Green-Jobs-under-Zawacka-NAWA-768x512.png 768w, https:\/\/badania.uew.pl\/wp-content\/uploads\/sites\/23\/2026\/07\/Professor-Sulich-to-Study-Green-Jobs-under-Zawacka-NAWA-391x260.png 391w, https:\/\/badania.uew.pl\/wp-content\/uploads\/sites\/23\/2026\/07\/Professor-Sulich-to-Study-Green-Jobs-under-Zawacka-NAWA-1536x1024.png 1536w\" sizes=\"auto, (max-width: 1920px) 100vw, 1920px\" \/><\/figure>\n\n\n<p class=\"wp-block-paragraph\">The application submitted by the researcher from the Department of Advanced Research in Management at the Wroclaw University of Economics and Business has been approved under the Zawacka NAWA Programme for the 2026\/2027 academic year. His stay at the Faculty of Business Administration of the Prague University of Economics and Business is planned from late October 2026 until late April 2027.&nbsp;<\/p>\n\n\n\n<p class=\"wp-block-paragraph\"><strong>The Zawacka NAWA Programme supports international academic exchange.<\/strong> It enables students, doctoral candidates, academic teachers and researchers to undertake study and research stays abroad. The programme aims to strengthen participants\u2019 skills and deepen cooperation between Polish and international academic institutions.<\/p>\n\n\n\n<h2 class=\"wp-block-heading has-large-font-size\"><strong><strong>Green jobs: what really creates new employment?<\/strong><\/strong><\/h2>\n\n\n\n<p class=\"wp-block-paragraph\"><strong>The research project is entitled <\/strong><strong><em>Green job creation under the energy transition: organisational, regulatory, and labour-market perspectives. A comparative analysis of Poland and the Czech Republic<\/em><\/strong><strong>.<\/strong>&nbsp;<\/p>\n\n\n\n<p class=\"wp-block-paragraph\"><strong>Green jobs are roles that emerge or change as economies move towards more sustainable models.<\/strong> They are not limited to renewable energy. The transition also affects industry, transport, logistics, services, public administration and the way organisations are managed.&nbsp;<\/p>\n\n\n\n<p class=\"wp-block-paragraph\">Professor Adam Sulich will analyse the mechanisms behind green job creation, the effects of the energy transition and electromobility on labour markets, and the role of public regulation and changing skills requirements.&nbsp;<\/p>\n\n\n\n<p class=\"wp-block-paragraph\">Green management will form an important part of the research. This involves integrating environmental objectives into decisions concerning strategy, investment, organisational processes and employee development.&nbsp;<\/p>\n\n\n\n<p class=\"wp-block-paragraph\">Technology alone is not enough to create lasting jobs. Appropriate regulation, skilled workers and organisations capable of managing the transition are also required.&nbsp;<\/p>\n\n\n\n<h2 class=\"wp-block-heading has-large-font-size\"><strong><strong>Poland and Czechia: similar challenges, different experiences<\/strong><\/strong><\/h2>\n\n\n\n<p class=\"wp-block-paragraph\"><strong>A comparison of Poland and Czechia will show how the two countries respond to similar challenges and which measures support the development of green employment<\/strong>. The research will cover public policies, regulation, organisational practices and changes in the labour market.&nbsp;<\/p>\n\n\n\n<p class=\"wp-block-paragraph\">Electromobility will be a particular focus. It involves more than replacing petrol and diesel vehicles with electric alternatives. It also changes demand for workers in manufacturing, energy, infrastructure, logistics, maintenance and related services. Some occupations are entirely new, while others require additional qualifications.&nbsp;<\/p>\n\n\n\n<p class=\"wp-block-paragraph\">Cooperation with the Faculty of Business Administration at the Czech university will include joint research, participation in seminars and the preparation of articles for international academic journals. Further joint research and grant proposals are also planned.&nbsp;<\/p>\n\n\n\n<blockquote class=\"wp-block-quote is-style-default is-layout-flow wp-block-quote-is-layout-flow\" style=\"border-top-style:none;border-top-width:0px;border-right-style:none;border-right-width:0px;border-bottom-style:none;border-bottom-width:0px;border-left-color:var(--wp--preset--color--ast-global-color-1);border-left-width:4px;padding-top:0;padding-bottom:0\">\n<p class=\"has-medium-font-size wp-block-paragraph\"><strong>\u201cThe project also aims to produce joint academic publications and develop long-term international cooperation,\u201d<\/strong><\/p>\n\n\n\n<p class=\"wp-block-paragraph\">\u2014 says dr in\u017c. Adam Sulich.<\/p>\n<\/blockquote>\n\n\n\n<h2 class=\"wp-block-heading has-large-font-size\"><strong><strong>Research expertise and international cooperation<\/strong><\/strong><\/h2>\n\n\n\n<p class=\"wp-block-paragraph\"><strong>The research stay is directly connected with dr in\u017c. Adam Sulich\u2019s work as a WUEB expert on the green transformation of the economy, sustainable strategic management and labour-market change.<\/strong>\u00a0<\/p>\n\n\n\n<p class=\"wp-block-paragraph\">His research brings together the perspectives of businesses, public institutions and workers. It may therefore provide knowledge relevant to both academic research and socio-economic stakeholders.&nbsp;<\/p>\n\n\n\n<p class=\"wp-block-paragraph\">Professor Sulich\u2019s previous international work has also included participation in a team preparing a United Nations report on sustainable development.&nbsp;<\/p>\n\n\n\n<div class=\"wp-block-group has-ast-global-color-6-background-color has-background is-layout-constrained wp-container-core-group-is-layout-dba1cb2d wp-block-group-is-layout-constrained\" style=\"padding-top:var(--wp--preset--spacing--50);padding-right:var(--wp--preset--spacing--50);padding-bottom:var(--wp--preset--spacing--50);padding-left:var(--wp--preset--spacing--50)\">\n<p class=\"wp-block-paragraph\"><strong>Read also: <\/strong><a href=\"https:\/\/badania.uew.pl\/en\/wueb-scientists-join-a-un-working-group-international-collaboration\/\" target=\"_blank\" rel=\"noreferrer noopener\"><strong>WUEB scientists join a UN working group: international collaboration<\/strong><\/a><\/p>\n<\/div>\n\n\n\n<p class=\"wp-block-paragraph\">The planned stay aligns with the priorities of the WUEB Strategy 2030. These include conducting research that responds to economic and social challenges, strengthening the University\u2019s international presence and developing activities that have a positive impact on society and the environment.&nbsp;<\/p>\n\n\n\n<p class=\"wp-block-paragraph\"><strong>Follow badania.uew.pl for updates on the cooperation and the results of research into green labour markets.<\/strong><\/p>\n\n\n<div class=\"taxonomy-post_tag wp-block-post-terms\"><span class=\"wp-block-post-terms__prefix\"><strong>Tagi:<\/strong> <\/span><a href=\"https:\/\/badania.uew.pl\/en\/tag\/adam-sulich-en\/\" rel=\"tag\">Adam Sulich<\/a><\/div>\n\n\n<p class=\"has-text-align-right wp-block-paragraph\"><strong>Author of text: Barbara Grzelczak<\/strong><\/p>\n<\/div>\n<\/div>\n\n\n\n<div class=\"wp-block-columns block-main-events is-layout-flex wp-container-core-columns-is-layout-44712903 wp-block-columns-is-layout-flex\" style=\"margin-top:0;margin-bottom:0;padding-top:var(--wp--preset--spacing--80);padding-bottom:var(--wp--preset--spacing--80)\">\n<div class=\"wp-block-column is-layout-flow wp-block-column-is-layout-flow\">\n<h2 class=\"wp-block-heading has-text-align-center\" style=\"margin-bottom:var(--wp--preset--spacing--60)\">See also<\/h2>\n\n\n\n\t\t\t<div class=\"wp-block-uagb-post-grid uagb-post-grid  uagb-post__image-position-top uagb-post__image-enabled uagb-block-c534e230     uagb-post__items uagb-post__columns-4 is-grid uagb-post__columns-tablet-2 uagb-post__columns-mobile-1 uagb-post__equal-height\" data-total=\"12\" style=\"\">\n\n\t\t\t\t\t\t\t\t\t\t\t\t<article class=\"uagb-post__inner-wrap\">\t\t\t\t\t\t\t\t<div class='uagb-post__image'>\n\t\t\t\t\t\t\t\t\t<a href=\"https:\/\/badania.uew.pl\/en\/visual-simulation-of-business-processes-wspb-joins-the-polish-roadmap-for-research-infrastructures\/\" target=\"_self\" rel=\"bookmark noopener noreferrer\" class=\"uagb-image-ratio-2-3\"><img loading=\"lazy\" decoding=\"async\" width=\"768\" height=\"512\" src=\"https:\/\/badania.uew.pl\/wp-content\/uploads\/sites\/23\/2026\/08\/Wizualna-symulacja-procesow-biznesowych-UEW-eng-768x512.png\" class=\"attachment-medium_large size-medium_large\" alt=\"Visual Simulation of Business Processes (WSPB) joins the Polish Roadmap for Research Infrastructures\" srcset=\"https:\/\/badania.uew.pl\/wp-content\/uploads\/sites\/23\/2026\/08\/Wizualna-symulacja-procesow-biznesowych-UEW-eng-768x512.png 768w, https:\/\/badania.uew.pl\/wp-content\/uploads\/sites\/23\/2026\/08\/Wizualna-symulacja-procesow-biznesowych-UEW-eng-300x200.png 300w, https:\/\/badania.uew.pl\/wp-content\/uploads\/sites\/23\/2026\/08\/Wizualna-symulacja-procesow-biznesowych-UEW-eng-1024x683.png 1024w, https:\/\/badania.uew.pl\/wp-content\/uploads\/sites\/23\/2026\/08\/Wizualna-symulacja-procesow-biznesowych-UEW-eng-391x260.png 391w, https:\/\/badania.uew.pl\/wp-content\/uploads\/sites\/23\/2026\/08\/Wizualna-symulacja-procesow-biznesowych-UEW-eng-1536x1024.png 1536w, https:\/\/badania.uew.pl\/wp-content\/uploads\/sites\/23\/2026\/08\/Wizualna-symulacja-procesow-biznesowych-UEW-eng.png 1920w\" sizes=\"auto, (max-width: 768px) 100vw, 768px\" \/>\t\t\t\t\t<\/a>\n\t\t\t\t\t\t\t<\/div>\n\t\t\t\t\t\t<h3 class=\"uagb-post__title uagb-post__text\">\n\t\t\t\t<a href=\"https:\/\/badania.uew.pl\/en\/visual-simulation-of-business-processes-wspb-joins-the-polish-roadmap-for-research-infrastructures\/\" target=\"_self\" rel=\"bookmark noopener noreferrer\">Visual Simulation of Business Processes (WSPB) joins the Polish Roadmap for Research Infrastructures<\/a>\n\t\t\t<\/h3>\n\t\t\t\t\t\t<div class='uagb-post__text uagb-post-grid-byline'>\n\t\t\t\t\t\t\t<\/div>\n\t\t\t\n\t\t\t\t\t\t\t\t\t<\/article>\n\t\t\t\t\t\t\t\t\t\t\t\t\t\t\t\t<article class=\"uagb-post__inner-wrap\">\t\t\t\t\t\t\t\t<div class='uagb-post__image'>\n\t\t\t\t\t\t\t\t\t<a href=\"https:\/\/badania.uew.pl\/en\/wueb-awarded-visegrad-grant-to-study-the-skills-gap-across-the-v4\/\" target=\"_self\" rel=\"bookmark noopener noreferrer\" class=\"uagb-image-ratio-2-3\"><img loading=\"lazy\" decoding=\"async\" width=\"768\" height=\"512\" src=\"https:\/\/badania.uew.pl\/wp-content\/uploads\/sites\/23\/2026\/08\/Aktualnosci-3-768x512.png\" class=\"attachment-medium_large size-medium_large\" alt=\"The graphic features portraits of the WUEB team delivering the \u2018Bridging V4 Universities and Business through Design Thinking\u2019 project: mgr Paulina Graczyk, mgr Kamila \u0141uczak and mgr Maciej Krahel. The project has received funding from the International Visegrad Fund.\" srcset=\"https:\/\/badania.uew.pl\/wp-content\/uploads\/sites\/23\/2026\/08\/Aktualnosci-3-768x512.png 768w, https:\/\/badania.uew.pl\/wp-content\/uploads\/sites\/23\/2026\/08\/Aktualnosci-3-300x200.png 300w, https:\/\/badania.uew.pl\/wp-content\/uploads\/sites\/23\/2026\/08\/Aktualnosci-3-1024x683.png 1024w, https:\/\/badania.uew.pl\/wp-content\/uploads\/sites\/23\/2026\/08\/Aktualnosci-3-391x260.png 391w, https:\/\/badania.uew.pl\/wp-content\/uploads\/sites\/23\/2026\/08\/Aktualnosci-3-1536x1024.png 1536w, https:\/\/badania.uew.pl\/wp-content\/uploads\/sites\/23\/2026\/08\/Aktualnosci-3.png 1920w\" sizes=\"auto, (max-width: 768px) 100vw, 768px\" \/>\t\t\t\t\t<\/a>\n\t\t\t\t\t\t\t<\/div>\n\t\t\t\t\t\t<h3 class=\"uagb-post__title uagb-post__text\">\n\t\t\t\t<a href=\"https:\/\/badania.uew.pl\/en\/wueb-awarded-visegrad-grant-to-study-the-skills-gap-across-the-v4\/\" target=\"_self\" rel=\"bookmark noopener noreferrer\">WUEB awarded Visegrad grant to study the skills gap across the V4<\/a>\n\t\t\t<\/h3>\n\t\t\t\t\t\t<div class='uagb-post__text uagb-post-grid-byline'>\n\t\t\t\t\t\t\t<\/div>\n\t\t\t\n\t\t\t\t\t\t\t\t\t<\/article>\n\t\t\t\t\t\t\t\t\t\t\t\t\t\t\t\t<article class=\"uagb-post__inner-wrap\">\t\t\t\t\t\t\t\t<div class='uagb-post__image'>\n\t\t\t\t\t\t\t\t\t<a href=\"https:\/\/badania.uew.pl\/en\/prof-malgorzata-krzywonos-joins-the-management-committee-of-cost-action-brasschi\/\" target=\"_self\" rel=\"bookmark noopener noreferrer\" class=\"uagb-image-ratio-2-3\"><img loading=\"lazy\" decoding=\"async\" width=\"768\" height=\"512\" src=\"https:\/\/badania.uew.pl\/wp-content\/uploads\/sites\/23\/2026\/08\/Prof-Malgorzata-Krzywonos-joins-the-Management-Committee-of-COST-Action-BRASSCHI-768x512.jpg\" class=\"attachment-medium_large size-medium_large\" alt=\"\" srcset=\"https:\/\/badania.uew.pl\/wp-content\/uploads\/sites\/23\/2026\/08\/Prof-Malgorzata-Krzywonos-joins-the-Management-Committee-of-COST-Action-BRASSCHI-768x512.jpg 768w, https:\/\/badania.uew.pl\/wp-content\/uploads\/sites\/23\/2026\/08\/Prof-Malgorzata-Krzywonos-joins-the-Management-Committee-of-COST-Action-BRASSCHI-300x200.jpg 300w, https:\/\/badania.uew.pl\/wp-content\/uploads\/sites\/23\/2026\/08\/Prof-Malgorzata-Krzywonos-joins-the-Management-Committee-of-COST-Action-BRASSCHI-1024x683.jpg 1024w, https:\/\/badania.uew.pl\/wp-content\/uploads\/sites\/23\/2026\/08\/Prof-Malgorzata-Krzywonos-joins-the-Management-Committee-of-COST-Action-BRASSCHI-391x260.jpg 391w, https:\/\/badania.uew.pl\/wp-content\/uploads\/sites\/23\/2026\/08\/Prof-Malgorzata-Krzywonos-joins-the-Management-Committee-of-COST-Action-BRASSCHI-1536x1024.jpg 1536w, https:\/\/badania.uew.pl\/wp-content\/uploads\/sites\/23\/2026\/08\/Prof-Malgorzata-Krzywonos-joins-the-Management-Committee-of-COST-Action-BRASSCHI.jpg 1920w\" sizes=\"auto, (max-width: 768px) 100vw, 768px\" \/>\t\t\t\t\t<\/a>\n\t\t\t\t\t\t\t<\/div>\n\t\t\t\t\t\t<h3 class=\"uagb-post__title uagb-post__text\">\n\t\t\t\t<a href=\"https:\/\/badania.uew.pl\/en\/prof-malgorzata-krzywonos-joins-the-management-committee-of-cost-action-brasschi\/\" target=\"_self\" rel=\"bookmark noopener noreferrer\">Prof Ma\u0142gorzata Krzywonos joins the Management Committee of COST Action BRASSCHI<\/a>\n\t\t\t<\/h3>\n\t\t\t\t\t\t<div class='uagb-post__text uagb-post-grid-byline'>\n\t\t\t\t\t\t\t<\/div>\n\t\t\t\n\t\t\t\t\t\t\t\t\t<\/article>\n\t\t\t\t\t\t\t\t\t\t\t\t\t\t\t\t<article class=\"uagb-post__inner-wrap\">\t\t\t\t\t\t\t\t<div class='uagb-post__image'>\n\t\t\t\t\t\t\t\t\t<a href=\"https:\/\/badania.uew.pl\/en\/mgr-julia-majewska-reappointed-to-polsa-student-council\/\" target=\"_self\" rel=\"bookmark noopener noreferrer\" class=\"uagb-image-ratio-2-3\"><img loading=\"lazy\" decoding=\"async\" width=\"768\" height=\"512\" src=\"https:\/\/badania.uew.pl\/wp-content\/uploads\/sites\/23\/2026\/08\/Mgr-Julia-Majewska-reappointed-to-POLSA-Student-Council-768x512.png\" class=\"attachment-medium_large size-medium_large\" alt=\"\" srcset=\"https:\/\/badania.uew.pl\/wp-content\/uploads\/sites\/23\/2026\/08\/Mgr-Julia-Majewska-reappointed-to-POLSA-Student-Council-768x512.png 768w, https:\/\/badania.uew.pl\/wp-content\/uploads\/sites\/23\/2026\/08\/Mgr-Julia-Majewska-reappointed-to-POLSA-Student-Council-300x200.png 300w, https:\/\/badania.uew.pl\/wp-content\/uploads\/sites\/23\/2026\/08\/Mgr-Julia-Majewska-reappointed-to-POLSA-Student-Council-1024x683.png 1024w, https:\/\/badania.uew.pl\/wp-content\/uploads\/sites\/23\/2026\/08\/Mgr-Julia-Majewska-reappointed-to-POLSA-Student-Council-391x260.png 391w, https:\/\/badania.uew.pl\/wp-content\/uploads\/sites\/23\/2026\/08\/Mgr-Julia-Majewska-reappointed-to-POLSA-Student-Council-1536x1024.png 1536w, https:\/\/badania.uew.pl\/wp-content\/uploads\/sites\/23\/2026\/08\/Mgr-Julia-Majewska-reappointed-to-POLSA-Student-Council.png 1920w\" sizes=\"auto, (max-width: 768px) 100vw, 768px\" \/>\t\t\t\t\t<\/a>\n\t\t\t\t\t\t\t<\/div>\n\t\t\t\t\t\t<h3 class=\"uagb-post__title uagb-post__text\">\n\t\t\t\t<a href=\"https:\/\/badania.uew.pl\/en\/mgr-julia-majewska-reappointed-to-polsa-student-council\/\" target=\"_self\" rel=\"bookmark noopener noreferrer\">Mgr Julia Majewska reappointed to POLSA Student Council<\/a>\n\t\t\t<\/h3>\n\t\t\t\t\t\t<div class='uagb-post__text uagb-post-grid-byline'>\n\t\t\t\t\t\t\t<\/div>\n\t\t\t\n\t\t\t\t\t\t\t\t\t<\/article>\n\t\t\t\t\t\t\t\t\t\t\t<\/div>\n\t\t\t<\/div>\n<\/div>\n\n\n\n<div class=\"wp-block-columns news-four-column is-layout-flex wp-container-core-columns-is-layout-3534481f wp-block-columns-is-layout-flex\" style=\"margin-top:0;margin-bottom:0;padding-top:var(--wp--preset--spacing--80);padding-bottom:var(--wp--preset--spacing--80)\">\n<div class=\"wp-block-column is-layout-flow wp-block-column-is-layout-flow\">\n<h2 class=\"wp-block-heading has-text-align-center\" style=\"margin-bottom:var(--wp--preset--spacing--60)\">See similar content<\/h2>\n\n\n\n\t\t\t<div class=\"wp-block-uagb-post-grid uagb-post-grid  uagb-post__image-position-top uagb-post__image-enabled uagb-block-1ff73c89     uagb-post__items uagb-post__columns-4 is-grid uagb-post__columns-tablet-2 uagb-post__columns-mobile-1 uagb-post__equal-height\" data-total=\"28\" style=\"\">\n\n\t\t\t\t\t\t\t\t\t\t\t\t<article class=\"uagb-post__inner-wrap\">\t\t\t\t\t\t\t\t<div class='uagb-post__image'>\n\t\t\t\t\t\t\t\t\t<a href=\"https:\/\/badania.uew.pl\/en\/bridging-v4-universities-and-business-through-design-thinking\/\" target=\"_self\" rel=\"bookmark noopener noreferrer\" class=\"uagb-image-ratio-2-3\"><img loading=\"lazy\" decoding=\"async\" width=\"768\" height=\"512\" src=\"https:\/\/badania.uew.pl\/wp-content\/uploads\/sites\/23\/2026\/09\/Bridging-V4-Universities-and-Business-through-Design-Thinking-1-768x512.png\" class=\"attachment-medium_large size-medium_large\" alt=\"A project exploring how universities can use Design Thinking to develop skills that are valuable at the start of a career.\" srcset=\"https:\/\/badania.uew.pl\/wp-content\/uploads\/sites\/23\/2026\/09\/Bridging-V4-Universities-and-Business-through-Design-Thinking-1-768x512.png 768w, https:\/\/badania.uew.pl\/wp-content\/uploads\/sites\/23\/2026\/09\/Bridging-V4-Universities-and-Business-through-Design-Thinking-1-300x200.png 300w, https:\/\/badania.uew.pl\/wp-content\/uploads\/sites\/23\/2026\/09\/Bridging-V4-Universities-and-Business-through-Design-Thinking-1-1024x683.png 1024w, https:\/\/badania.uew.pl\/wp-content\/uploads\/sites\/23\/2026\/09\/Bridging-V4-Universities-and-Business-through-Design-Thinking-1-391x260.png 391w, https:\/\/badania.uew.pl\/wp-content\/uploads\/sites\/23\/2026\/09\/Bridging-V4-Universities-and-Business-through-Design-Thinking-1-1536x1024.png 1536w, https:\/\/badania.uew.pl\/wp-content\/uploads\/sites\/23\/2026\/09\/Bridging-V4-Universities-and-Business-through-Design-Thinking-1.png 1920w\" sizes=\"auto, (max-width: 768px) 100vw, 768px\" \/>\t\t\t\t\t<\/a>\n\t\t\t\t\t\t\t<\/div>\n\t\t\t\t\t\t<h3 class=\"uagb-post__title uagb-post__text\">\n\t\t\t\t<a href=\"https:\/\/badania.uew.pl\/en\/bridging-v4-universities-and-business-through-design-thinking\/\" target=\"_self\" rel=\"bookmark noopener noreferrer\">Bridging V4 Universities and Business through Design Thinking\u00a0<\/a>\n\t\t\t<\/h3>\n\t\t\t\t\t\t<div class='uagb-post__text uagb-post-grid-byline'>\n\t\t\t\t\t\t\t<\/div>\n\t\t\t\n\t\t\t\t\t\t\t\t\t<\/article>\n\t\t\t\t\t\t\t\t\t\t\t\t\t\t\t\t<article class=\"uagb-post__inner-wrap\">\t\t\t\t\t\t\t\t<div class='uagb-post__image'>\n\t\t\t\t\t\t\t\t\t<a href=\"https:\/\/badania.uew.pl\/en\/wueb-experts-weekly-review-research-projects-and-academic-successes-24-30-august-2026\/\" target=\"_self\" rel=\"bookmark noopener noreferrer\" class=\"uagb-image-ratio-2-3\"><img loading=\"lazy\" decoding=\"async\" width=\"768\" height=\"512\" src=\"https:\/\/badania.uew.pl\/wp-content\/uploads\/sites\/23\/2026\/03\/Tydzien-z-ekspertami-UEW.-Komentarze-projekty-i-sukcesy-\u2013-przeglad-najwazniejszych-aktywnosci-768x512.jpg\" class=\"attachment-medium_large size-medium_large\" alt=\"Week with WUEB experts. Commentary, projects and achievements \u2013 a review of key activities\" srcset=\"https:\/\/badania.uew.pl\/wp-content\/uploads\/sites\/23\/2026\/03\/Tydzien-z-ekspertami-UEW.-Komentarze-projekty-i-sukcesy-\u2013-przeglad-najwazniejszych-aktywnosci-768x512.jpg 768w, https:\/\/badania.uew.pl\/wp-content\/uploads\/sites\/23\/2026\/03\/Tydzien-z-ekspertami-UEW.-Komentarze-projekty-i-sukcesy-\u2013-przeglad-najwazniejszych-aktywnosci-300x200.jpg 300w, https:\/\/badania.uew.pl\/wp-content\/uploads\/sites\/23\/2026\/03\/Tydzien-z-ekspertami-UEW.-Komentarze-projekty-i-sukcesy-\u2013-przeglad-najwazniejszych-aktywnosci-1024x683.jpg 1024w, https:\/\/badania.uew.pl\/wp-content\/uploads\/sites\/23\/2026\/03\/Tydzien-z-ekspertami-UEW.-Komentarze-projekty-i-sukcesy-\u2013-przeglad-najwazniejszych-aktywnosci-391x260.jpg 391w, https:\/\/badania.uew.pl\/wp-content\/uploads\/sites\/23\/2026\/03\/Tydzien-z-ekspertami-UEW.-Komentarze-projekty-i-sukcesy-\u2013-przeglad-najwazniejszych-aktywnosci-1536x1024.jpg 1536w, https:\/\/badania.uew.pl\/wp-content\/uploads\/sites\/23\/2026\/03\/Tydzien-z-ekspertami-UEW.-Komentarze-projekty-i-sukcesy-\u2013-przeglad-najwazniejszych-aktywnosci.jpg 1920w\" sizes=\"auto, (max-width: 768px) 100vw, 768px\" \/>\t\t\t\t\t<\/a>\n\t\t\t\t\t\t\t<\/div>\n\t\t\t\t\t\t<h3 class=\"uagb-post__title uagb-post__text\">\n\t\t\t\t<a href=\"https:\/\/badania.uew.pl\/en\/wueb-experts-weekly-review-research-projects-and-academic-successes-24-30-august-2026\/\" target=\"_self\" rel=\"bookmark noopener noreferrer\">WUEB Experts Weekly Review. Research, Projects and Academic Successes (24 &#8211; 30 August 2026)<\/a>\n\t\t\t<\/h3>\n\t\t\t\t\t\t<div class='uagb-post__text uagb-post-grid-byline'>\n\t\t\t\t\t\t\t<\/div>\n\t\t\t\n\t\t\t\t\t\t\t\t\t<\/article>\n\t\t\t\t\t\t\t\t\t\t\t\t\t\t\t\t<article class=\"uagb-post__inner-wrap\">\t\t\t\t\t\t\t\t<div class='uagb-post__image'>\n\t\t\t\t\t\t\t\t\t<a href=\"https:\/\/badania.uew.pl\/en\/visual-simulation-of-business-processes-wspb-joins-the-polish-roadmap-for-research-infrastructures\/\" target=\"_self\" rel=\"bookmark noopener noreferrer\" class=\"uagb-image-ratio-2-3\"><img loading=\"lazy\" decoding=\"async\" width=\"768\" height=\"512\" src=\"https:\/\/badania.uew.pl\/wp-content\/uploads\/sites\/23\/2026\/08\/Wizualna-symulacja-procesow-biznesowych-UEW-eng-768x512.png\" class=\"attachment-medium_large size-medium_large\" alt=\"Visual Simulation of Business Processes (WSPB) joins the Polish Roadmap for Research Infrastructures\" srcset=\"https:\/\/badania.uew.pl\/wp-content\/uploads\/sites\/23\/2026\/08\/Wizualna-symulacja-procesow-biznesowych-UEW-eng-768x512.png 768w, https:\/\/badania.uew.pl\/wp-content\/uploads\/sites\/23\/2026\/08\/Wizualna-symulacja-procesow-biznesowych-UEW-eng-300x200.png 300w, https:\/\/badania.uew.pl\/wp-content\/uploads\/sites\/23\/2026\/08\/Wizualna-symulacja-procesow-biznesowych-UEW-eng-1024x683.png 1024w, https:\/\/badania.uew.pl\/wp-content\/uploads\/sites\/23\/2026\/08\/Wizualna-symulacja-procesow-biznesowych-UEW-eng-391x260.png 391w, https:\/\/badania.uew.pl\/wp-content\/uploads\/sites\/23\/2026\/08\/Wizualna-symulacja-procesow-biznesowych-UEW-eng-1536x1024.png 1536w, https:\/\/badania.uew.pl\/wp-content\/uploads\/sites\/23\/2026\/08\/Wizualna-symulacja-procesow-biznesowych-UEW-eng.png 1920w\" sizes=\"auto, (max-width: 768px) 100vw, 768px\" \/>\t\t\t\t\t<\/a>\n\t\t\t\t\t\t\t<\/div>\n\t\t\t\t\t\t<h3 class=\"uagb-post__title uagb-post__text\">\n\t\t\t\t<a href=\"https:\/\/badania.uew.pl\/en\/visual-simulation-of-business-processes-wspb-joins-the-polish-roadmap-for-research-infrastructures\/\" target=\"_self\" rel=\"bookmark noopener noreferrer\">Visual Simulation of Business Processes (WSPB) joins the Polish Roadmap for Research Infrastructures<\/a>\n\t\t\t<\/h3>\n\t\t\t\t\t\t<div class='uagb-post__text uagb-post-grid-byline'>\n\t\t\t\t\t\t\t<\/div>\n\t\t\t\n\t\t\t\t\t\t\t\t\t<\/article>\n\t\t\t\t\t\t\t\t\t\t\t\t\t\t\t\t<article class=\"uagb-post__inner-wrap\">\t\t\t\t\t\t\t\t<div class='uagb-post__image'>\n\t\t\t\t\t\t\t\t\t<a href=\"https:\/\/badania.uew.pl\/en\/wueb-experts-weekly-rewiev-research-projects-and-academic-successes-17-23-august-2026\/\" target=\"_self\" rel=\"bookmark noopener noreferrer\" class=\"uagb-image-ratio-2-3\"><img loading=\"lazy\" decoding=\"async\" width=\"768\" height=\"512\" src=\"https:\/\/badania.uew.pl\/wp-content\/uploads\/sites\/23\/2026\/03\/Tydzien-z-ekspertami-UEW.-Komentarze-projekty-i-sukcesy-\u2013-przeglad-najwazniejszych-aktywnosci-768x512.jpg\" class=\"attachment-medium_large size-medium_large\" alt=\"Week with WUEB experts. Commentary, projects and achievements \u2013 a review of key activities\" srcset=\"https:\/\/badania.uew.pl\/wp-content\/uploads\/sites\/23\/2026\/03\/Tydzien-z-ekspertami-UEW.-Komentarze-projekty-i-sukcesy-\u2013-przeglad-najwazniejszych-aktywnosci-768x512.jpg 768w, https:\/\/badania.uew.pl\/wp-content\/uploads\/sites\/23\/2026\/03\/Tydzien-z-ekspertami-UEW.-Komentarze-projekty-i-sukcesy-\u2013-przeglad-najwazniejszych-aktywnosci-300x200.jpg 300w, https:\/\/badania.uew.pl\/wp-content\/uploads\/sites\/23\/2026\/03\/Tydzien-z-ekspertami-UEW.-Komentarze-projekty-i-sukcesy-\u2013-przeglad-najwazniejszych-aktywnosci-1024x683.jpg 1024w, https:\/\/badania.uew.pl\/wp-content\/uploads\/sites\/23\/2026\/03\/Tydzien-z-ekspertami-UEW.-Komentarze-projekty-i-sukcesy-\u2013-przeglad-najwazniejszych-aktywnosci-391x260.jpg 391w, https:\/\/badania.uew.pl\/wp-content\/uploads\/sites\/23\/2026\/03\/Tydzien-z-ekspertami-UEW.-Komentarze-projekty-i-sukcesy-\u2013-przeglad-najwazniejszych-aktywnosci-1536x1024.jpg 1536w, https:\/\/badania.uew.pl\/wp-content\/uploads\/sites\/23\/2026\/03\/Tydzien-z-ekspertami-UEW.-Komentarze-projekty-i-sukcesy-\u2013-przeglad-najwazniejszych-aktywnosci.jpg 1920w\" sizes=\"auto, (max-width: 768px) 100vw, 768px\" \/>\t\t\t\t\t<\/a>\n\t\t\t\t\t\t\t<\/div>\n\t\t\t\t\t\t<h3 class=\"uagb-post__title uagb-post__text\">\n\t\t\t\t<a href=\"https:\/\/badania.uew.pl\/en\/wueb-experts-weekly-rewiev-research-projects-and-academic-successes-17-23-august-2026\/\" target=\"_self\" rel=\"bookmark noopener noreferrer\">\u00a0WUEB experts weekly rewiev. Research, Projects and Academic Successes (17\u201323 August 2026)<\/a>\n\t\t\t<\/h3>\n\t\t\t\t\t\t<div class='uagb-post__text uagb-post-grid-byline'>\n\t\t\t\t\t\t\t<\/div>\n\t\t\t\n\t\t\t\t\t\t\t\t\t<\/article>\n\t\t\t\t\t\t\t\t\t\t\t\t\t\t\t\t<article class=\"uagb-post__inner-wrap\">\t\t\t\t\t\t\t\t<div class='uagb-post__image'>\n\t\t\t\t\t\t\t\t\t<a href=\"https:\/\/badania.uew.pl\/en\/wueb-awarded-visegrad-grant-to-study-the-skills-gap-across-the-v4\/\" target=\"_self\" rel=\"bookmark noopener noreferrer\" class=\"uagb-image-ratio-2-3\"><img loading=\"lazy\" decoding=\"async\" width=\"768\" height=\"512\" src=\"https:\/\/badania.uew.pl\/wp-content\/uploads\/sites\/23\/2026\/08\/Aktualnosci-3-768x512.png\" class=\"attachment-medium_large size-medium_large\" alt=\"The graphic features portraits of the WUEB team delivering the \u2018Bridging V4 Universities and Business through Design Thinking\u2019 project: mgr Paulina Graczyk, mgr Kamila \u0141uczak and mgr Maciej Krahel. The project has received funding from the International Visegrad Fund.\" srcset=\"https:\/\/badania.uew.pl\/wp-content\/uploads\/sites\/23\/2026\/08\/Aktualnosci-3-768x512.png 768w, https:\/\/badania.uew.pl\/wp-content\/uploads\/sites\/23\/2026\/08\/Aktualnosci-3-300x200.png 300w, https:\/\/badania.uew.pl\/wp-content\/uploads\/sites\/23\/2026\/08\/Aktualnosci-3-1024x683.png 1024w, https:\/\/badania.uew.pl\/wp-content\/uploads\/sites\/23\/2026\/08\/Aktualnosci-3-391x260.png 391w, https:\/\/badania.uew.pl\/wp-content\/uploads\/sites\/23\/2026\/08\/Aktualnosci-3-1536x1024.png 1536w, https:\/\/badania.uew.pl\/wp-content\/uploads\/sites\/23\/2026\/08\/Aktualnosci-3.png 1920w\" sizes=\"auto, (max-width: 768px) 100vw, 768px\" \/>\t\t\t\t\t<\/a>\n\t\t\t\t\t\t\t<\/div>\n\t\t\t\t\t\t<h3 class=\"uagb-post__title uagb-post__text\">\n\t\t\t\t<a href=\"https:\/\/badania.uew.pl\/en\/wueb-awarded-visegrad-grant-to-study-the-skills-gap-across-the-v4\/\" target=\"_self\" rel=\"bookmark noopener noreferrer\">WUEB awarded Visegrad grant to study the skills gap across the V4<\/a>\n\t\t\t<\/h3>\n\t\t\t\t\t\t<div class='uagb-post__text uagb-post-grid-byline'>\n\t\t\t\t\t\t\t<\/div>\n\t\t\t\n\t\t\t\t\t\t\t\t\t<\/article>\n\t\t\t\t\t\t\t\t\t\t\t\t\t\t\t\t<article class=\"uagb-post__inner-wrap\">\t\t\t\t\t\t\t\t<div class='uagb-post__image'>\n\t\t\t\t\t\t\t\t\t<a href=\"https:\/\/badania.uew.pl\/en\/prof-malgorzata-krzywonos-joins-the-management-committee-of-cost-action-brasschi\/\" target=\"_self\" rel=\"bookmark noopener noreferrer\" class=\"uagb-image-ratio-2-3\"><img loading=\"lazy\" decoding=\"async\" width=\"768\" height=\"512\" src=\"https:\/\/badania.uew.pl\/wp-content\/uploads\/sites\/23\/2026\/08\/Prof-Malgorzata-Krzywonos-joins-the-Management-Committee-of-COST-Action-BRASSCHI-768x512.jpg\" class=\"attachment-medium_large size-medium_large\" alt=\"\" srcset=\"https:\/\/badania.uew.pl\/wp-content\/uploads\/sites\/23\/2026\/08\/Prof-Malgorzata-Krzywonos-joins-the-Management-Committee-of-COST-Action-BRASSCHI-768x512.jpg 768w, https:\/\/badania.uew.pl\/wp-content\/uploads\/sites\/23\/2026\/08\/Prof-Malgorzata-Krzywonos-joins-the-Management-Committee-of-COST-Action-BRASSCHI-300x200.jpg 300w, https:\/\/badania.uew.pl\/wp-content\/uploads\/sites\/23\/2026\/08\/Prof-Malgorzata-Krzywonos-joins-the-Management-Committee-of-COST-Action-BRASSCHI-1024x683.jpg 1024w, https:\/\/badania.uew.pl\/wp-content\/uploads\/sites\/23\/2026\/08\/Prof-Malgorzata-Krzywonos-joins-the-Management-Committee-of-COST-Action-BRASSCHI-391x260.jpg 391w, https:\/\/badania.uew.pl\/wp-content\/uploads\/sites\/23\/2026\/08\/Prof-Malgorzata-Krzywonos-joins-the-Management-Committee-of-COST-Action-BRASSCHI-1536x1024.jpg 1536w, https:\/\/badania.uew.pl\/wp-content\/uploads\/sites\/23\/2026\/08\/Prof-Malgorzata-Krzywonos-joins-the-Management-Committee-of-COST-Action-BRASSCHI.jpg 1920w\" sizes=\"auto, (max-width: 768px) 100vw, 768px\" \/>\t\t\t\t\t<\/a>\n\t\t\t\t\t\t\t<\/div>\n\t\t\t\t\t\t<h3 class=\"uagb-post__title uagb-post__text\">\n\t\t\t\t<a href=\"https:\/\/badania.uew.pl\/en\/prof-malgorzata-krzywonos-joins-the-management-committee-of-cost-action-brasschi\/\" target=\"_self\" rel=\"bookmark noopener noreferrer\">Prof Ma\u0142gorzata Krzywonos joins the Management Committee of COST Action BRASSCHI<\/a>\n\t\t\t<\/h3>\n\t\t\t\t\t\t<div class='uagb-post__text uagb-post-grid-byline'>\n\t\t\t\t\t\t\t<\/div>\n\t\t\t\n\t\t\t\t\t\t\t\t\t<\/article>\n\t\t\t\t\t\t\t\t\t\t\t\t\t\t\t\t<article class=\"uagb-post__inner-wrap\">\t\t\t\t\t\t\t\t<div class='uagb-post__image'>\n\t\t\t\t\t\t\t\t\t<a href=\"https:\/\/badania.uew.pl\/en\/wueb-joins-discussions-on-teema-technology-park-in-miekinia\/\" target=\"_self\" rel=\"bookmark noopener noreferrer\" class=\"uagb-image-ratio-2-3\"><img loading=\"lazy\" decoding=\"async\" width=\"768\" height=\"512\" src=\"https:\/\/badania.uew.pl\/wp-content\/uploads\/sites\/23\/2026\/08\/UEW-w-rozmowach-o-TEEMA-Technology-Park-w-Miekini-768x512.jpg\" class=\"attachment-medium_large size-medium_large\" alt=\"Zdj\u0119cie z rozm\u00f3w. Ludzie siedz\u0105cy przy stole. W tle dziennikarze. W\u015br\u00f3d siedz\u0105cych A\u0142\u0142a Witwicka-Dudek oraz Krzysztof Piontek.\" srcset=\"https:\/\/badania.uew.pl\/wp-content\/uploads\/sites\/23\/2026\/08\/UEW-w-rozmowach-o-TEEMA-Technology-Park-w-Miekini-768x512.jpg 768w, https:\/\/badania.uew.pl\/wp-content\/uploads\/sites\/23\/2026\/08\/UEW-w-rozmowach-o-TEEMA-Technology-Park-w-Miekini-300x200.jpg 300w, https:\/\/badania.uew.pl\/wp-content\/uploads\/sites\/23\/2026\/08\/UEW-w-rozmowach-o-TEEMA-Technology-Park-w-Miekini-1024x683.jpg 1024w, https:\/\/badania.uew.pl\/wp-content\/uploads\/sites\/23\/2026\/08\/UEW-w-rozmowach-o-TEEMA-Technology-Park-w-Miekini-391x260.jpg 391w, https:\/\/badania.uew.pl\/wp-content\/uploads\/sites\/23\/2026\/08\/UEW-w-rozmowach-o-TEEMA-Technology-Park-w-Miekini-1536x1024.jpg 1536w, https:\/\/badania.uew.pl\/wp-content\/uploads\/sites\/23\/2026\/08\/UEW-w-rozmowach-o-TEEMA-Technology-Park-w-Miekini.jpg 1920w\" sizes=\"auto, (max-width: 768px) 100vw, 768px\" \/>\t\t\t\t\t<\/a>\n\t\t\t\t\t\t\t<\/div>\n\t\t\t\t\t\t<h3 class=\"uagb-post__title uagb-post__text\">\n\t\t\t\t<a href=\"https:\/\/badania.uew.pl\/en\/wueb-joins-discussions-on-teema-technology-park-in-miekinia\/\" target=\"_self\" rel=\"bookmark noopener noreferrer\">WUEB joins discussions on TEEMA Technology Park in Mi\u0119kinia<\/a>\n\t\t\t<\/h3>\n\t\t\t\t\t\t<div class='uagb-post__text uagb-post-grid-byline'>\n\t\t\t\t\t\t\t<\/div>\n\t\t\t\n\t\t\t\t\t\t\t\t\t<\/article>\n\t\t\t\t\t\t\t\t\t\t\t\t\t\t\t\t<article class=\"uagb-post__inner-wrap\">\t\t\t\t\t\t\t\t<div class='uagb-post__image'>\n\t\t\t\t\t\t\t\t\t<a href=\"https:\/\/badania.uew.pl\/en\/wueb-experts-weekly-review-research-projects-and-academic-successes-10-16-august-2026\/\" target=\"_self\" rel=\"bookmark noopener noreferrer\" class=\"uagb-image-ratio-2-3\"><img loading=\"lazy\" decoding=\"async\" width=\"768\" height=\"512\" src=\"https:\/\/badania.uew.pl\/wp-content\/uploads\/sites\/23\/2026\/03\/Tydzien-z-ekspertami-UEW.-Komentarze-projekty-i-sukcesy-\u2013-przeglad-najwazniejszych-aktywnosci-768x512.jpg\" class=\"attachment-medium_large size-medium_large\" alt=\"Week with WUEB experts. Commentary, projects and achievements \u2013 a review of key activities\" srcset=\"https:\/\/badania.uew.pl\/wp-content\/uploads\/sites\/23\/2026\/03\/Tydzien-z-ekspertami-UEW.-Komentarze-projekty-i-sukcesy-\u2013-przeglad-najwazniejszych-aktywnosci-768x512.jpg 768w, https:\/\/badania.uew.pl\/wp-content\/uploads\/sites\/23\/2026\/03\/Tydzien-z-ekspertami-UEW.-Komentarze-projekty-i-sukcesy-\u2013-przeglad-najwazniejszych-aktywnosci-300x200.jpg 300w, https:\/\/badania.uew.pl\/wp-content\/uploads\/sites\/23\/2026\/03\/Tydzien-z-ekspertami-UEW.-Komentarze-projekty-i-sukcesy-\u2013-przeglad-najwazniejszych-aktywnosci-1024x683.jpg 1024w, https:\/\/badania.uew.pl\/wp-content\/uploads\/sites\/23\/2026\/03\/Tydzien-z-ekspertami-UEW.-Komentarze-projekty-i-sukcesy-\u2013-przeglad-najwazniejszych-aktywnosci-391x260.jpg 391w, https:\/\/badania.uew.pl\/wp-content\/uploads\/sites\/23\/2026\/03\/Tydzien-z-ekspertami-UEW.-Komentarze-projekty-i-sukcesy-\u2013-przeglad-najwazniejszych-aktywnosci-1536x1024.jpg 1536w, https:\/\/badania.uew.pl\/wp-content\/uploads\/sites\/23\/2026\/03\/Tydzien-z-ekspertami-UEW.-Komentarze-projekty-i-sukcesy-\u2013-przeglad-najwazniejszych-aktywnosci.jpg 1920w\" sizes=\"auto, (max-width: 768px) 100vw, 768px\" \/>\t\t\t\t\t<\/a>\n\t\t\t\t\t\t\t<\/div>\n\t\t\t\t\t\t<h3 class=\"uagb-post__title uagb-post__text\">\n\t\t\t\t<a href=\"https:\/\/badania.uew.pl\/en\/wueb-experts-weekly-review-research-projects-and-academic-successes-10-16-august-2026\/\" target=\"_self\" rel=\"bookmark noopener noreferrer\">WUEB Experts Weekly Review. Research, Projects and Academic Successes (10\u201316 August 2026)<\/a>\n\t\t\t<\/h3>\n\t\t\t\t\t\t<div class='uagb-post__text uagb-post-grid-byline'>\n\t\t\t\t\t\t\t<\/div>\n\t\t\t\n\t\t\t\t\t\t\t\t\t<\/article>\n\t\t\t\t\t\t\t\t\t\t\t<\/div>\n\t\t\t<\/div>\n<\/div>\n","protected":false},"excerpt":{"rendered":"<p>Green jobs will be a central focus of a six-month [&hellip;]<\/p>\n","protected":false},"author":3729,"featured_media":50808,"comment_status":"closed","ping_status":"closed","sticky":false,"template":"","format":"standard","meta":{"_acf_changed":false,"inline_featured_image":false,"_uag_custom_page_level_css":"","site-sidebar-layout":"default","site-content-layout":"","ast-site-content-layout":"default","site-content-style":"default","site-sidebar-style":"default","ast-global-header-display":"","ast-banner-title-visibility":"","ast-main-header-display":"","ast-hfb-above-header-display":"","ast-hfb-below-header-display":"","ast-hfb-mobile-header-display":"","site-post-title":"","ast-breadcrumbs-content":"","ast-featured-img":"","footer-sml-layout":"","ast-disable-related-posts":"","theme-transparent-header-meta":"","adv-header-id-meta":"","stick-header-meta":"","header-above-stick-meta":"","header-main-stick-meta":"","header-below-stick-meta":"","astra-migrate-meta-layouts":"set","ast-page-background-enabled":"default","ast-page-background-meta":{"desktop":{"background-color":"var(--ast-global-color-4)","background-image":"","background-repeat":"repeat","background-position":"center center","background-size":"auto","background-attachment":"scroll","background-type":"","background-media":"","overlay-type":"","overlay-color":"","overlay-opacity":"","overlay-gradient":""},"tablet":{"background-color":"","background-image":"","background-repeat":"repeat","background-position":"center center","background-size":"auto","background-attachment":"scroll","background-type":"","background-media":"","overlay-type":"","overlay-color":"","overlay-opacity":"","overlay-gradient":""},"mobile":{"background-color":"","background-image":"","background-repeat":"repeat","background-position":"center center","background-size":"auto","background-attachment":"scroll","background-type":"","background-media":"","overlay-type":"","overlay-color":"","overlay-opacity":"","overlay-gradient":""}},"ast-content-background-meta":{"desktop":{"background-color":"var(--ast-global-color-5)","background-image":"","background-repeat":"repeat","background-position":"center center","background-size":"auto","background-attachment":"scroll","background-type":"","background-media":"","overlay-type":"","overlay-color":"","overlay-opacity":"","overlay-gradient":""},"tablet":{"background-color":"var(--ast-global-color-5)","background-image":"","background-repeat":"repeat","background-position":"center center","background-size":"auto","background-attachment":"scroll","background-type":"","background-media":"","overlay-type":"","overlay-color":"","overlay-opacity":"","overlay-gradient":""},"mobile":{"background-color":"var(--ast-global-color-5)","background-image":"","background-repeat":"repeat","background-position":"center center","background-size":"auto","background-attachment":"scroll","background-type":"","background-media":"","overlay-type":"","overlay-color":"","overlay-opacity":"","overlay-gradient":""}},"footnotes":""},"categories":[288],"tags":[564],"class_list":["post-50820","post","type-post","status-publish","format-standard","has-post-thumbnail","hentry","category-successes","tag-adam-sulich-en"],"acf":[],"featured_image_src":"https:\/\/badania.uew.pl\/wp-content\/uploads\/sites\/23\/2026\/07\/Professor-Sulich-to-Study-Green-Jobs-under-Zawacka-NAWA.png","author_info":{"display_name":"Anna","author_link":"https:\/\/badania.uew.pl\/en\/author\/anna-hapeta\/"},"uagb_featured_image_src":{"full":["https:\/\/badania.uew.pl\/wp-content\/uploads\/sites\/23\/2026\/07\/Professor-Sulich-to-Study-Green-Jobs-under-Zawacka-NAWA.png",1920,1280,false],"thumbnail":["https:\/\/badania.uew.pl\/wp-content\/uploads\/sites\/23\/2026\/07\/Professor-Sulich-to-Study-Green-Jobs-under-Zawacka-NAWA-150x150.png",150,150,true],"medium":["https:\/\/badania.uew.pl\/wp-content\/uploads\/sites\/23\/2026\/07\/Professor-Sulich-to-Study-Green-Jobs-under-Zawacka-NAWA-300x200.png",300,200,true],"medium_large":["https:\/\/badania.uew.pl\/wp-content\/uploads\/sites\/23\/2026\/07\/Professor-Sulich-to-Study-Green-Jobs-under-Zawacka-NAWA-768x512.png",768,512,true],"large":["https:\/\/badania.uew.pl\/wp-content\/uploads\/sites\/23\/2026\/07\/Professor-Sulich-to-Study-Green-Jobs-under-Zawacka-NAWA-1024x683.png",1024,683,true],"thumblist":["https:\/\/badania.uew.pl\/wp-content\/uploads\/sites\/23\/2026\/07\/Professor-Sulich-to-Study-Green-Jobs-under-Zawacka-NAWA-300x300.png",300,300,true],"thumbrelated":["https:\/\/badania.uew.pl\/wp-content\/uploads\/sites\/23\/2026\/07\/Professor-Sulich-to-Study-Green-Jobs-under-Zawacka-NAWA-500x500.png",500,500,true],"meccarouselthumb":["https:\/\/badania.uew.pl\/wp-content\/uploads\/sites\/23\/2026\/07\/Professor-Sulich-to-Study-Green-Jobs-under-Zawacka-NAWA-474x324.png",474,324,true],"gridsquare":["https:\/\/badania.uew.pl\/wp-content\/uploads\/sites\/23\/2026\/07\/Professor-Sulich-to-Study-Green-Jobs-under-Zawacka-NAWA-391x260.png",391,260,true],"tileview":["https:\/\/badania.uew.pl\/wp-content\/uploads\/sites\/23\/2026\/07\/Professor-Sulich-to-Study-Green-Jobs-under-Zawacka-NAWA-300x400.png",300,400,true],"1536x1536":["https:\/\/badania.uew.pl\/wp-content\/uploads\/sites\/23\/2026\/07\/Professor-Sulich-to-Study-Green-Jobs-under-Zawacka-NAWA-1536x1024.png",1536,1024,true],"2048x2048":["https:\/\/badania.uew.pl\/wp-content\/uploads\/sites\/23\/2026\/07\/Professor-Sulich-to-Study-Green-Jobs-under-Zawacka-NAWA.png",1920,1280,false]},"uagb_author_info":{"display_name":"Anna","author_link":"https:\/\/badania.uew.pl\/en\/author\/anna-hapeta\/"},"uagb_comment_info":0,"uagb_excerpt":"Green jobs will be a central focus of a six-month [&hellip;]","publishpress_future_action":{"enabled":false,"date":"2026-09-02 15:55:25","action":"change-status","newStatus":"draft","terms":[],"taxonomy":"category","extraData":[]},"publishpress_future_workflow_manual_trigger":{"enabledWorkflows":[]},"_links":{"self":[{"href":"https:\/\/badania.uew.pl\/en\/wp-json\/wp\/v2\/posts\/50820","targetHints":{"allow":["GET"]}}],"collection":[{"href":"https:\/\/badania.uew.pl\/en\/wp-json\/wp\/v2\/posts"}],"about":[{"href":"https:\/\/badania.uew.pl\/en\/wp-json\/wp\/v2\/types\/post"}],"author":[{"embeddable":true,"href":"https:\/\/badania.uew.pl\/en\/wp-json\/wp\/v2\/users\/3729"}],"replies":[{"embeddable":true,"href":"https:\/\/badania.uew.pl\/en\/wp-json\/wp\/v2\/comments?post=50820"}],"version-history":[{"count":2,"href":"https:\/\/badania.uew.pl\/en\/wp-json\/wp\/v2\/posts\/50820\/revisions"}],"predecessor-version":[{"id":51012,"href":"https:\/\/badania.uew.pl\/en\/wp-json\/wp\/v2\/posts\/50820\/revisions\/51012"}],"wp:featuredmedia":[{"embeddable":true,"href":"https:\/\/badania.uew.pl\/en\/wp-json\/wp\/v2\/media\/50808"}],"wp:attachment":[{"href":"https:\/\/badania.uew.pl\/en\/wp-json\/wp\/v2\/media?parent=50820"}],"wp:term":[{"taxonomy":"category","embeddable":true,"href":"https:\/\/badania.uew.pl\/en\/wp-json\/wp\/v2\/categories?post=50820"},{"taxonomy":"post_tag","embeddable":true,"href":"https:\/\/badania.uew.pl\/en\/wp-json\/wp\/v2\/tags?post=50820"}],"curies":[{"name":"wp","href":"https:\/\/api.w.org\/{rel}","templated":true}]}}