{"id":46200,"date":"2026-03-26T10:59:59","date_gmt":"2026-03-26T09:59:59","guid":{"rendered":"https:\/\/badania.uew.pl\/?p=46200"},"modified":"2026-03-26T11:15:23","modified_gmt":"2026-03-26T10:15:23","slug":"rare-earths-and-economic-security","status":"publish","type":"post","link":"https:\/\/badania.uew.pl\/en\/rare-earths-and-economic-security\/","title":{"rendered":"Rare\u00a0earths\u00a0and\u00a0economic\u00a0security\u00a0"},"content":{"rendered":"\n<div class=\"wp-block-columns is-layout-flex wp-container-core-columns-is-layout-fba3a3af wp-block-columns-is-layout-flex\" style=\"padding-top:var(--wp--preset--spacing--60);padding-bottom:var(--wp--preset--spacing--80)\">\n<div class=\"wp-block-column is-layout-constrained wp-container-core-column-is-layout-fd2b50d3 wp-block-column-is-layout-constrained\" style=\"flex-basis:100%\">\n<p class=\"has-medium-font-size wp-block-paragraph\"><strong>Rare earth elements are no longer just a technological issue. They are increasingly shaping economic and political security. In an interview for Polska Zbrojna journal, <a href=\"https:\/\/wir.ue.wroc.pl\/info\/author\/WUT289711\/\" target=\"_blank\" rel=\"noreferrer noopener\">dr hab. Przemys\u0142aw Skulski<\/a>, Associate Profesor on WUEB explains why access to these resources is now a strategic challenge and why Europe is not fully prepared.<\/strong><\/p>\n\n\n\n<figure class=\"wp-block-image alignwide size-large\" style=\"margin-top:var(--wp--preset--spacing--70);margin-bottom:var(--wp--preset--spacing--70)\"><img loading=\"lazy\" decoding=\"async\" width=\"1024\" height=\"683\" src=\"https:\/\/badania.uew.pl\/wp-content\/uploads\/sites\/23\/2026\/03\/Metale-ziem-rzadkich-i-nowe-zaleznosci-swiata.-dr-hab.-Przemyslaw-Skulski-1024x683.png\" alt=\"WUEB expert dr hab. Przemys\u0142aw Skulski, Associate Profesoer on WUEB\" class=\"wp-image-46191\" srcset=\"https:\/\/badania.uew.pl\/wp-content\/uploads\/sites\/23\/2026\/03\/Metale-ziem-rzadkich-i-nowe-zaleznosci-swiata.-dr-hab.-Przemyslaw-Skulski-1024x683.png 1024w, https:\/\/badania.uew.pl\/wp-content\/uploads\/sites\/23\/2026\/03\/Metale-ziem-rzadkich-i-nowe-zaleznosci-swiata.-dr-hab.-Przemyslaw-Skulski-300x200.png 300w, https:\/\/badania.uew.pl\/wp-content\/uploads\/sites\/23\/2026\/03\/Metale-ziem-rzadkich-i-nowe-zaleznosci-swiata.-dr-hab.-Przemyslaw-Skulski-768x512.png 768w, https:\/\/badania.uew.pl\/wp-content\/uploads\/sites\/23\/2026\/03\/Metale-ziem-rzadkich-i-nowe-zaleznosci-swiata.-dr-hab.-Przemyslaw-Skulski-391x260.png 391w, https:\/\/badania.uew.pl\/wp-content\/uploads\/sites\/23\/2026\/03\/Metale-ziem-rzadkich-i-nowe-zaleznosci-swiata.-dr-hab.-Przemyslaw-Skulski-1536x1024.png 1536w, https:\/\/badania.uew.pl\/wp-content\/uploads\/sites\/23\/2026\/03\/Metale-ziem-rzadkich-i-nowe-zaleznosci-swiata.-dr-hab.-Przemyslaw-Skulski.png 1920w\" sizes=\"auto, (max-width: 1024px) 100vw, 1024px\" \/><\/figure>\n\n\n\n<blockquote class=\"wp-block-quote is-style-default is-layout-flow wp-block-quote-is-layout-flow\" style=\"border-top-style:none;border-top-width:0px;border-right-style:none;border-right-width:0px;border-bottom-style:none;border-bottom-width:0px;border-left-color:var(--wp--preset--color--ast-global-color-1);border-left-width:4px;padding-top:0;padding-bottom:0\">\n<p class=\"has-medium-font-size wp-block-paragraph\"><strong><em>\u201cThe\u00a0difficulties\u00a0Western\u00a0countries\u00a0face in\u00a0accessing\u00a0rare\u00a0earths\u00a0did\u00a0not end with the\u00a0pandemic.\u00a0They\u00a0have\u00a0intensified\u00a0and\u00a0are\u00a0largely\u00a0linked\u00a0to the\u00a0fact\u00a0that\u00a0we\u00a0are\u00a0building\u00a0a new\u00a0global\u00a0security\u00a0architecture.\u201d<\/em>\u00a0<\/strong><\/p>\n<\/blockquote>\n\n\n\n<h2 class=\"wp-block-heading has-large-font-size\"><strong>From\u00a0technology\u00a0to\u00a0strategy<\/strong>\u00a0<\/h2>\n\n\n\n<p class=\"wp-block-paragraph\">The expert commentary highlights a structural issue. <strong>For years, Western economies built their advantage on access to raw materials sourced outside their own territories.<\/strong> This model was cost-efficient but did not account for geopolitical risk, which is now becoming increasingly visible.<\/p>\n\n\n\n<div class=\"wp-block-group has-ast-global-color-6-background-color has-background is-layout-constrained wp-container-core-group-is-layout-dba1cb2d wp-block-group-is-layout-constrained\" style=\"padding-top:var(--wp--preset--spacing--50);padding-right:var(--wp--preset--spacing--50);padding-bottom:var(--wp--preset--spacing--50);padding-left:var(--wp--preset--spacing--50)\">\n<p class=\"wp-block-paragraph\">Rare earth elements are a group of 17 chemical elements used in modern technologies. Their unique properties, including magnetic and luminescent characteristics, make them essential in electronics, communication systems, energy technologies and defence solutions. Without them, it is difficult to sustain energy transition, digital development or a modern economy.<\/p>\n<\/div>\n\n\n\n<h2 class=\"wp-block-heading has-large-font-size\"><strong>A\u00a0world\u00a0that\u00a0gave\u00a0too\u00a0much to China<\/strong>\u00a0<\/h2>\n\n\n\n<p class=\"wp-block-paragraph\"><strong>The COVID-19 pandemic marked a turning point by exposing the scale of dependence on global supply chains. As Przemys\u0142aw Skulski notes, however, the problem had existed long before. <\/strong>Limited deposits, their uneven geographical distribution and high extraction costs led many Western countries to abandon the development of domestic capabilities.<\/p>\n\n\n\n<p class=\"wp-block-paragraph\"><strong>At the same time, China consistently strengthened its position by expanding both extraction and processing technologies.<\/strong> As a result, it now controls the vast majority of global rare earth production, despite not holding proportionally the largest reserves.<\/p>\n\n\n\n<blockquote class=\"wp-block-quote is-style-default is-layout-flow wp-block-quote-is-layout-flow\" style=\"border-top-style:none;border-top-width:0px;border-right-style:none;border-right-width:0px;border-bottom-style:none;border-bottom-width:0px;border-left-color:var(--wp--preset--color--ast-global-color-1);border-left-width:4px;padding-top:0;padding-bottom:0\">\n<p class=\"has-medium-font-size wp-block-paragraph\"><strong><em>\u201e<em>China has not only built a kind of web limiting access to rare earths from its own deposits, but has also sought to take over those located in other countries<\/em>\u201d.<\/em>\u00a0<\/strong><\/p>\n<\/blockquote>\n\n\n\n<p class=\"wp-block-paragraph\">This dominance has both economic and political dimensions. Export restrictions and trade tensions show that access to raw materials can be used as a tool of influence. In practice, this means that European countries and companies must take into account the risk of supply disruptions or rising production costs.<\/p>\n\n\n\n<h2 class=\"wp-block-heading has-large-font-size\">Europe is responding, but time cannot be recovered quickly<\/h2>\n\n\n\n<p class=\"wp-block-paragraph\">Efforts to reduce dependency are underway in both the United States and the European Union. They focus on three main directions:<\/p>\n\n\n\n<ul class=\"wp-block-list\">\n<li>exploring\u00a0new\u00a0deposits\u00a0and\u00a0suppliers,\u00a0<\/li>\n\n\n\n<li>developing\u00a0processing\u00a0technologies,\u00a0<\/li>\n\n\n\n<li>investing\u00a0in recycling,\u00a0including\u00a0the\u00a0recovery\u00a0of\u00a0valuable\u00a0elements\u00a0from\u00a0industrial\u00a0waste and end-of-life products.\u00a0<\/li>\n<\/ul>\n\n\n\n<p class=\"wp-block-paragraph\">Each of these approaches has limitations. <strong>Identifying new deposits requires time and significant investment, and their exploitation is not always economically viable. Recycling is an important direction but also involves costs and technological challenges.<\/strong> As a result, reducing dependence on imports will be a gradual process, spread over many years.<\/p>\n\n\n\n<h2 class=\"wp-block-heading has-large-font-size\"><strong>The\u00a0Polish\u00a0context<\/strong>\u00a0<\/h2>\n\n\n\n<p class=\"wp-block-paragraph\"><strong>In Poland, potential occurrences of rare earth elements are identified in regions such as Suwa\u0142ki, the \u015awi\u0119tokrzyskie Mountains and the Sudetes.<\/strong> The key issue remains the scale of these resources and whether their extraction can be both economically viable and socially acceptable.<\/p>\n\n\n\n<p class=\"wp-block-paragraph\">At the same time, initial projects related to processing and recovery are being developed. In the long term, they may strengthen Poland\u2019s position in this area.<\/p>\n\n\n\n<h2 class=\"wp-block-heading has-large-font-size\"><strong>Long-term\u00a0implications\u00a0for the\u00a0economy<\/strong>\u00a0<\/h2>\n\n\n\n<p class=\"wp-block-paragraph\"><strong>From the perspective of the economy and business, the importance of this issue will continue to grow.<\/strong> Rare earth elements are essential for many sectors, from energy to advanced technologies, and their availability directly affects costs, production stability and development potential.<\/p>\n\n\n\n<p class=\"wp-block-paragraph\">More broadly, competition for critical raw materials is becoming a permanent feature of the global economy.<\/p>\n\n\n\n<p class=\"wp-block-paragraph\">The expert perspective of Przemys\u0142aw Skulski contributes to the wider debate on economic security and the future of the European economy. It shows that decisions taken today \u2013 both by governments and businesses \u2013 will have long-term consequences for competitiveness and economic independence.<\/p>\n\n\n\n<p class=\"wp-block-paragraph\">badania.uew.pl \u2013 because the world needs competent voices where complexity is too often reduced to simplifications.<\/p>\n\n\n<div class=\"taxonomy-post_tag wp-block-post-terms\"><span class=\"wp-block-post-terms__prefix\"><strong>Tagi:<\/strong> <\/span><a href=\"https:\/\/badania.uew.pl\/en\/tag\/przemyslaw-skulski-en\/\" rel=\"tag\">Przemys\u0142aw Skulski<\/a><\/div>\n\n\n<p class=\"has-text-align-right wp-block-paragraph\"><strong>Author: Barbara Grzelczak<\/strong><\/p>\n<\/div>\n<\/div>\n\n\n\n<div class=\"wp-block-columns block-main-events is-layout-flex wp-container-core-columns-is-layout-44712903 wp-block-columns-is-layout-flex\" style=\"margin-top:0;margin-bottom:0;padding-top:var(--wp--preset--spacing--80);padding-bottom:var(--wp--preset--spacing--80)\">\n<div class=\"wp-block-column is-layout-flow wp-block-column-is-layout-flow\">\n<h2 class=\"wp-block-heading has-text-align-center\" style=\"margin-bottom:var(--wp--preset--spacing--60)\">See similar content<\/h2>\n\n\n\n\t\t\t<div class=\"wp-block-uagb-post-grid uagb-post-grid  uagb-post__image-position-top uagb-post__image-enabled uagb-block-c534e230     uagb-post__items uagb-post__columns-4 is-grid uagb-post__columns-tablet-2 uagb-post__columns-mobile-1 uagb-post__equal-height\" data-total=\"20\" style=\"\">\n\n\t\t\t\t\t\t\t\t\t\t\t\t<article class=\"uagb-post__inner-wrap\">\t\t\t\t\t\t\t\t<div class='uagb-post__image'>\n\t\t\t\t\t\t\t\t\t<a href=\"https:\/\/badania.uew.pl\/en\/wueb-experts-weekly-review-research-projects-and-academic-successes-24-30-august-2026\/\" target=\"_self\" rel=\"bookmark noopener noreferrer\" class=\"uagb-image-ratio-2-3\"><img loading=\"lazy\" decoding=\"async\" width=\"768\" height=\"512\" src=\"https:\/\/badania.uew.pl\/wp-content\/uploads\/sites\/23\/2026\/03\/Tydzien-z-ekspertami-UEW.-Komentarze-projekty-i-sukcesy-\u2013-przeglad-najwazniejszych-aktywnosci-768x512.jpg\" class=\"attachment-medium_large size-medium_large\" alt=\"Week with WUEB experts. Commentary, projects and achievements \u2013 a review of key activities\" srcset=\"https:\/\/badania.uew.pl\/wp-content\/uploads\/sites\/23\/2026\/03\/Tydzien-z-ekspertami-UEW.-Komentarze-projekty-i-sukcesy-\u2013-przeglad-najwazniejszych-aktywnosci-768x512.jpg 768w, https:\/\/badania.uew.pl\/wp-content\/uploads\/sites\/23\/2026\/03\/Tydzien-z-ekspertami-UEW.-Komentarze-projekty-i-sukcesy-\u2013-przeglad-najwazniejszych-aktywnosci-300x200.jpg 300w, https:\/\/badania.uew.pl\/wp-content\/uploads\/sites\/23\/2026\/03\/Tydzien-z-ekspertami-UEW.-Komentarze-projekty-i-sukcesy-\u2013-przeglad-najwazniejszych-aktywnosci-1024x683.jpg 1024w, https:\/\/badania.uew.pl\/wp-content\/uploads\/sites\/23\/2026\/03\/Tydzien-z-ekspertami-UEW.-Komentarze-projekty-i-sukcesy-\u2013-przeglad-najwazniejszych-aktywnosci-391x260.jpg 391w, https:\/\/badania.uew.pl\/wp-content\/uploads\/sites\/23\/2026\/03\/Tydzien-z-ekspertami-UEW.-Komentarze-projekty-i-sukcesy-\u2013-przeglad-najwazniejszych-aktywnosci-1536x1024.jpg 1536w, https:\/\/badania.uew.pl\/wp-content\/uploads\/sites\/23\/2026\/03\/Tydzien-z-ekspertami-UEW.-Komentarze-projekty-i-sukcesy-\u2013-przeglad-najwazniejszych-aktywnosci.jpg 1920w\" sizes=\"auto, (max-width: 768px) 100vw, 768px\" \/>\t\t\t\t\t<\/a>\n\t\t\t\t\t\t\t<\/div>\n\t\t\t\t\t\t<h3 class=\"uagb-post__title uagb-post__text\">\n\t\t\t\t<a href=\"https:\/\/badania.uew.pl\/en\/wueb-experts-weekly-review-research-projects-and-academic-successes-24-30-august-2026\/\" target=\"_self\" rel=\"bookmark noopener noreferrer\">WUEB Experts Weekly Review. Research, Projects and Academic Successes (24 &#8211; 30 August 2026)<\/a>\n\t\t\t<\/h3>\n\t\t\t\t\t\t<div class='uagb-post__text uagb-post-grid-byline'>\n\t\t\t\t\t\t\t<\/div>\n\t\t\t\n\t\t\t\t\t\t\t\t\t<\/article>\n\t\t\t\t\t\t\t\t\t\t\t\t\t\t\t\t<article class=\"uagb-post__inner-wrap\">\t\t\t\t\t\t\t\t<div class='uagb-post__image'>\n\t\t\t\t\t\t\t\t\t<a href=\"https:\/\/badania.uew.pl\/en\/wueb-experts-weekly-rewiev-research-projects-and-academic-successes-17-23-august-2026\/\" target=\"_self\" rel=\"bookmark noopener noreferrer\" class=\"uagb-image-ratio-2-3\"><img loading=\"lazy\" decoding=\"async\" width=\"768\" height=\"512\" src=\"https:\/\/badania.uew.pl\/wp-content\/uploads\/sites\/23\/2026\/03\/Tydzien-z-ekspertami-UEW.-Komentarze-projekty-i-sukcesy-\u2013-przeglad-najwazniejszych-aktywnosci-768x512.jpg\" class=\"attachment-medium_large size-medium_large\" alt=\"Week with WUEB experts. Commentary, projects and achievements \u2013 a review of key activities\" srcset=\"https:\/\/badania.uew.pl\/wp-content\/uploads\/sites\/23\/2026\/03\/Tydzien-z-ekspertami-UEW.-Komentarze-projekty-i-sukcesy-\u2013-przeglad-najwazniejszych-aktywnosci-768x512.jpg 768w, https:\/\/badania.uew.pl\/wp-content\/uploads\/sites\/23\/2026\/03\/Tydzien-z-ekspertami-UEW.-Komentarze-projekty-i-sukcesy-\u2013-przeglad-najwazniejszych-aktywnosci-300x200.jpg 300w, https:\/\/badania.uew.pl\/wp-content\/uploads\/sites\/23\/2026\/03\/Tydzien-z-ekspertami-UEW.-Komentarze-projekty-i-sukcesy-\u2013-przeglad-najwazniejszych-aktywnosci-1024x683.jpg 1024w, https:\/\/badania.uew.pl\/wp-content\/uploads\/sites\/23\/2026\/03\/Tydzien-z-ekspertami-UEW.-Komentarze-projekty-i-sukcesy-\u2013-przeglad-najwazniejszych-aktywnosci-391x260.jpg 391w, https:\/\/badania.uew.pl\/wp-content\/uploads\/sites\/23\/2026\/03\/Tydzien-z-ekspertami-UEW.-Komentarze-projekty-i-sukcesy-\u2013-przeglad-najwazniejszych-aktywnosci-1536x1024.jpg 1536w, https:\/\/badania.uew.pl\/wp-content\/uploads\/sites\/23\/2026\/03\/Tydzien-z-ekspertami-UEW.-Komentarze-projekty-i-sukcesy-\u2013-przeglad-najwazniejszych-aktywnosci.jpg 1920w\" sizes=\"auto, (max-width: 768px) 100vw, 768px\" \/>\t\t\t\t\t<\/a>\n\t\t\t\t\t\t\t<\/div>\n\t\t\t\t\t\t<h3 class=\"uagb-post__title uagb-post__text\">\n\t\t\t\t<a href=\"https:\/\/badania.uew.pl\/en\/wueb-experts-weekly-rewiev-research-projects-and-academic-successes-17-23-august-2026\/\" target=\"_self\" rel=\"bookmark noopener noreferrer\">\u00a0WUEB experts weekly rewiev. Research, Projects and Academic Successes (17\u201323 August 2026)<\/a>\n\t\t\t<\/h3>\n\t\t\t\t\t\t<div class='uagb-post__text uagb-post-grid-byline'>\n\t\t\t\t\t\t\t<\/div>\n\t\t\t\n\t\t\t\t\t\t\t\t\t<\/article>\n\t\t\t\t\t\t\t\t\t\t\t\t\t\t\t\t<article class=\"uagb-post__inner-wrap\">\t\t\t\t\t\t\t\t<div class='uagb-post__image'>\n\t\t\t\t\t\t\t\t\t<a href=\"https:\/\/badania.uew.pl\/en\/wueb-experts-weekly-review-research-projects-and-academic-successes-10-16-august-2026\/\" target=\"_self\" rel=\"bookmark noopener noreferrer\" class=\"uagb-image-ratio-2-3\"><img loading=\"lazy\" decoding=\"async\" width=\"768\" height=\"512\" src=\"https:\/\/badania.uew.pl\/wp-content\/uploads\/sites\/23\/2026\/03\/Tydzien-z-ekspertami-UEW.-Komentarze-projekty-i-sukcesy-\u2013-przeglad-najwazniejszych-aktywnosci-768x512.jpg\" class=\"attachment-medium_large size-medium_large\" alt=\"Week with WUEB experts. Commentary, projects and achievements \u2013 a review of key activities\" srcset=\"https:\/\/badania.uew.pl\/wp-content\/uploads\/sites\/23\/2026\/03\/Tydzien-z-ekspertami-UEW.-Komentarze-projekty-i-sukcesy-\u2013-przeglad-najwazniejszych-aktywnosci-768x512.jpg 768w, https:\/\/badania.uew.pl\/wp-content\/uploads\/sites\/23\/2026\/03\/Tydzien-z-ekspertami-UEW.-Komentarze-projekty-i-sukcesy-\u2013-przeglad-najwazniejszych-aktywnosci-300x200.jpg 300w, https:\/\/badania.uew.pl\/wp-content\/uploads\/sites\/23\/2026\/03\/Tydzien-z-ekspertami-UEW.-Komentarze-projekty-i-sukcesy-\u2013-przeglad-najwazniejszych-aktywnosci-1024x683.jpg 1024w, https:\/\/badania.uew.pl\/wp-content\/uploads\/sites\/23\/2026\/03\/Tydzien-z-ekspertami-UEW.-Komentarze-projekty-i-sukcesy-\u2013-przeglad-najwazniejszych-aktywnosci-391x260.jpg 391w, https:\/\/badania.uew.pl\/wp-content\/uploads\/sites\/23\/2026\/03\/Tydzien-z-ekspertami-UEW.-Komentarze-projekty-i-sukcesy-\u2013-przeglad-najwazniejszych-aktywnosci-1536x1024.jpg 1536w, https:\/\/badania.uew.pl\/wp-content\/uploads\/sites\/23\/2026\/03\/Tydzien-z-ekspertami-UEW.-Komentarze-projekty-i-sukcesy-\u2013-przeglad-najwazniejszych-aktywnosci.jpg 1920w\" sizes=\"auto, (max-width: 768px) 100vw, 768px\" \/>\t\t\t\t\t<\/a>\n\t\t\t\t\t\t\t<\/div>\n\t\t\t\t\t\t<h3 class=\"uagb-post__title uagb-post__text\">\n\t\t\t\t<a href=\"https:\/\/badania.uew.pl\/en\/wueb-experts-weekly-review-research-projects-and-academic-successes-10-16-august-2026\/\" target=\"_self\" rel=\"bookmark noopener noreferrer\">WUEB Experts Weekly Review. Research, Projects and Academic Successes (10\u201316 August 2026)<\/a>\n\t\t\t<\/h3>\n\t\t\t\t\t\t<div class='uagb-post__text uagb-post-grid-byline'>\n\t\t\t\t\t\t\t<\/div>\n\t\t\t\n\t\t\t\t\t\t\t\t\t<\/article>\n\t\t\t\t\t\t\t\t\t\t\t\t\t\t\t\t<article class=\"uagb-post__inner-wrap\">\t\t\t\t\t\t\t\t<div class='uagb-post__image'>\n\t\t\t\t\t\t\t\t\t<a href=\"https:\/\/badania.uew.pl\/en\/wueb-experts-weekly-review-research-projects-and-academic-successes-3-9-august-2026\/\" target=\"_self\" rel=\"bookmark noopener noreferrer\" class=\"uagb-image-ratio-2-3\"><img loading=\"lazy\" decoding=\"async\" width=\"768\" height=\"512\" src=\"https:\/\/badania.uew.pl\/wp-content\/uploads\/sites\/23\/2026\/03\/Tydzien-z-ekspertami-UEW.-Komentarze-projekty-i-sukcesy-\u2013-przeglad-najwazniejszych-aktywnosci-768x512.jpg\" class=\"attachment-medium_large size-medium_large\" alt=\"Week with WUEB experts. Commentary, projects and achievements \u2013 a review of key activities\" srcset=\"https:\/\/badania.uew.pl\/wp-content\/uploads\/sites\/23\/2026\/03\/Tydzien-z-ekspertami-UEW.-Komentarze-projekty-i-sukcesy-\u2013-przeglad-najwazniejszych-aktywnosci-768x512.jpg 768w, https:\/\/badania.uew.pl\/wp-content\/uploads\/sites\/23\/2026\/03\/Tydzien-z-ekspertami-UEW.-Komentarze-projekty-i-sukcesy-\u2013-przeglad-najwazniejszych-aktywnosci-300x200.jpg 300w, https:\/\/badania.uew.pl\/wp-content\/uploads\/sites\/23\/2026\/03\/Tydzien-z-ekspertami-UEW.-Komentarze-projekty-i-sukcesy-\u2013-przeglad-najwazniejszych-aktywnosci-1024x683.jpg 1024w, https:\/\/badania.uew.pl\/wp-content\/uploads\/sites\/23\/2026\/03\/Tydzien-z-ekspertami-UEW.-Komentarze-projekty-i-sukcesy-\u2013-przeglad-najwazniejszych-aktywnosci-391x260.jpg 391w, https:\/\/badania.uew.pl\/wp-content\/uploads\/sites\/23\/2026\/03\/Tydzien-z-ekspertami-UEW.-Komentarze-projekty-i-sukcesy-\u2013-przeglad-najwazniejszych-aktywnosci-1536x1024.jpg 1536w, https:\/\/badania.uew.pl\/wp-content\/uploads\/sites\/23\/2026\/03\/Tydzien-z-ekspertami-UEW.-Komentarze-projekty-i-sukcesy-\u2013-przeglad-najwazniejszych-aktywnosci.jpg 1920w\" sizes=\"auto, (max-width: 768px) 100vw, 768px\" \/>\t\t\t\t\t<\/a>\n\t\t\t\t\t\t\t<\/div>\n\t\t\t\t\t\t<h3 class=\"uagb-post__title uagb-post__text\">\n\t\t\t\t<a href=\"https:\/\/badania.uew.pl\/en\/wueb-experts-weekly-review-research-projects-and-academic-successes-3-9-august-2026\/\" target=\"_self\" rel=\"bookmark noopener noreferrer\">WUEB Experts Weekly Review: Research, Projects and Academic Successes (3\u20139 August 2026)<\/a>\n\t\t\t<\/h3>\n\t\t\t\t\t\t<div class='uagb-post__text uagb-post-grid-byline'>\n\t\t\t\t\t\t\t<\/div>\n\t\t\t\n\t\t\t\t\t\t\t\t\t<\/article>\n\t\t\t\t\t\t\t\t\t\t\t<\/div>\n\t\t\t<\/div>\n<\/div>\n\n\n\n<div class=\"wp-block-columns news-four-column is-layout-flex wp-container-core-columns-is-layout-3534481f wp-block-columns-is-layout-flex\" style=\"margin-top:0;margin-bottom:0;padding-top:var(--wp--preset--spacing--80);padding-bottom:var(--wp--preset--spacing--80)\">\n<div class=\"wp-block-column is-layout-flow wp-block-column-is-layout-flow\">\n<h2 class=\"wp-block-heading has-text-align-center\" style=\"margin-bottom:var(--wp--preset--spacing--60)\">See also<\/h2>\n\n\n\n\t\t\t<div class=\"wp-block-uagb-post-grid uagb-post-grid  uagb-post__image-position-top uagb-post__image-enabled uagb-block-1ff73c89     uagb-post__items uagb-post__columns-4 is-grid uagb-post__columns-tablet-2 uagb-post__columns-mobile-1 uagb-post__equal-height\" data-total=\"28\" style=\"\">\n\n\t\t\t\t\t\t\t\t\t\t\t\t<article class=\"uagb-post__inner-wrap\">\t\t\t\t\t\t\t\t<div class='uagb-post__image'>\n\t\t\t\t\t\t\t\t\t<a href=\"https:\/\/badania.uew.pl\/en\/what-comes-after-a-phd-dr-milena-kowalska-at-the-economic-forum-in-karpacz\/\" target=\"_self\" rel=\"bookmark noopener noreferrer\" class=\"uagb-image-ratio-2-3\"><img loading=\"lazy\" decoding=\"async\" width=\"768\" height=\"512\" src=\"https:\/\/badania.uew.pl\/wp-content\/uploads\/sites\/23\/2026\/09\/Milena-Kowalska-w-zespole-doradczym-Ministra-Nauki-i-Szkolnictwa-Wyzszego-eng-768x512.png\" class=\"attachment-medium_large size-medium_large\" alt=\"Dr Milena Kowalska with the text: \u201cDr Milena Kowalska at the NAWA panel during the 2026 Economic Forum in Karpacz.\u201d\" srcset=\"https:\/\/badania.uew.pl\/wp-content\/uploads\/sites\/23\/2026\/09\/Milena-Kowalska-w-zespole-doradczym-Ministra-Nauki-i-Szkolnictwa-Wyzszego-eng-768x512.png 768w, https:\/\/badania.uew.pl\/wp-content\/uploads\/sites\/23\/2026\/09\/Milena-Kowalska-w-zespole-doradczym-Ministra-Nauki-i-Szkolnictwa-Wyzszego-eng-300x200.png 300w, https:\/\/badania.uew.pl\/wp-content\/uploads\/sites\/23\/2026\/09\/Milena-Kowalska-w-zespole-doradczym-Ministra-Nauki-i-Szkolnictwa-Wyzszego-eng-1024x683.png 1024w, https:\/\/badania.uew.pl\/wp-content\/uploads\/sites\/23\/2026\/09\/Milena-Kowalska-w-zespole-doradczym-Ministra-Nauki-i-Szkolnictwa-Wyzszego-eng-391x260.png 391w, https:\/\/badania.uew.pl\/wp-content\/uploads\/sites\/23\/2026\/09\/Milena-Kowalska-w-zespole-doradczym-Ministra-Nauki-i-Szkolnictwa-Wyzszego-eng-1536x1024.png 1536w, https:\/\/badania.uew.pl\/wp-content\/uploads\/sites\/23\/2026\/09\/Milena-Kowalska-w-zespole-doradczym-Ministra-Nauki-i-Szkolnictwa-Wyzszego-eng.png 1920w\" sizes=\"auto, (max-width: 768px) 100vw, 768px\" \/>\t\t\t\t\t<\/a>\n\t\t\t\t\t\t\t<\/div>\n\t\t\t\t\t\t<h3 class=\"uagb-post__title uagb-post__text\">\n\t\t\t\t<a href=\"https:\/\/badania.uew.pl\/en\/what-comes-after-a-phd-dr-milena-kowalska-at-the-economic-forum-in-karpacz\/\" target=\"_self\" rel=\"bookmark noopener noreferrer\">What comes after a PhD? Dr Milena Kowalska at the Economic Forum in\u00a0Karpacz\u00a0<\/a>\n\t\t\t<\/h3>\n\t\t\t\t\t\t<div class='uagb-post__text uagb-post-grid-byline'>\n\t\t\t\t\t\t\t<\/div>\n\t\t\t\n\t\t\t\t\t\t\t\t\t<\/article>\n\t\t\t\t\t\t\t\t\t\t\t\t\t\t\t\t<article class=\"uagb-post__inner-wrap\">\t\t\t\t\t\t\t\t<div class='uagb-post__image'>\n\t\t\t\t\t\t\t\t\t<a href=\"https:\/\/badania.uew.pl\/en\/bridging-v4-universities-and-business-through-design-thinking\/\" target=\"_self\" rel=\"bookmark noopener noreferrer\" class=\"uagb-image-ratio-2-3\"><img loading=\"lazy\" decoding=\"async\" width=\"768\" height=\"512\" src=\"https:\/\/badania.uew.pl\/wp-content\/uploads\/sites\/23\/2026\/09\/Bridging-V4-Universities-and-Business-through-Design-Thinking-1-768x512.png\" class=\"attachment-medium_large size-medium_large\" alt=\"A project exploring how universities can use Design Thinking to develop skills that are valuable at the start of a career.\" srcset=\"https:\/\/badania.uew.pl\/wp-content\/uploads\/sites\/23\/2026\/09\/Bridging-V4-Universities-and-Business-through-Design-Thinking-1-768x512.png 768w, https:\/\/badania.uew.pl\/wp-content\/uploads\/sites\/23\/2026\/09\/Bridging-V4-Universities-and-Business-through-Design-Thinking-1-300x200.png 300w, https:\/\/badania.uew.pl\/wp-content\/uploads\/sites\/23\/2026\/09\/Bridging-V4-Universities-and-Business-through-Design-Thinking-1-1024x683.png 1024w, https:\/\/badania.uew.pl\/wp-content\/uploads\/sites\/23\/2026\/09\/Bridging-V4-Universities-and-Business-through-Design-Thinking-1-391x260.png 391w, https:\/\/badania.uew.pl\/wp-content\/uploads\/sites\/23\/2026\/09\/Bridging-V4-Universities-and-Business-through-Design-Thinking-1-1536x1024.png 1536w, https:\/\/badania.uew.pl\/wp-content\/uploads\/sites\/23\/2026\/09\/Bridging-V4-Universities-and-Business-through-Design-Thinking-1.png 1920w\" sizes=\"auto, (max-width: 768px) 100vw, 768px\" \/>\t\t\t\t\t<\/a>\n\t\t\t\t\t\t\t<\/div>\n\t\t\t\t\t\t<h3 class=\"uagb-post__title uagb-post__text\">\n\t\t\t\t<a href=\"https:\/\/badania.uew.pl\/en\/bridging-v4-universities-and-business-through-design-thinking\/\" target=\"_self\" rel=\"bookmark noopener noreferrer\">Bridging V4 Universities and Business through Design Thinking\u00a0<\/a>\n\t\t\t<\/h3>\n\t\t\t\t\t\t<div class='uagb-post__text uagb-post-grid-byline'>\n\t\t\t\t\t\t\t<\/div>\n\t\t\t\n\t\t\t\t\t\t\t\t\t<\/article>\n\t\t\t\t\t\t\t\t\t\t\t\t\t\t\t\t<article class=\"uagb-post__inner-wrap\">\t\t\t\t\t\t\t\t<div class='uagb-post__image'>\n\t\t\t\t\t\t\t\t\t<a href=\"https:\/\/badania.uew.pl\/en\/wueb-experts-weekly-review-research-projects-and-academic-successes-24-30-august-2026\/\" target=\"_self\" rel=\"bookmark noopener noreferrer\" class=\"uagb-image-ratio-2-3\"><img loading=\"lazy\" decoding=\"async\" width=\"768\" height=\"512\" src=\"https:\/\/badania.uew.pl\/wp-content\/uploads\/sites\/23\/2026\/03\/Tydzien-z-ekspertami-UEW.-Komentarze-projekty-i-sukcesy-\u2013-przeglad-najwazniejszych-aktywnosci-768x512.jpg\" class=\"attachment-medium_large size-medium_large\" alt=\"Week with WUEB experts. Commentary, projects and achievements \u2013 a review of key activities\" srcset=\"https:\/\/badania.uew.pl\/wp-content\/uploads\/sites\/23\/2026\/03\/Tydzien-z-ekspertami-UEW.-Komentarze-projekty-i-sukcesy-\u2013-przeglad-najwazniejszych-aktywnosci-768x512.jpg 768w, https:\/\/badania.uew.pl\/wp-content\/uploads\/sites\/23\/2026\/03\/Tydzien-z-ekspertami-UEW.-Komentarze-projekty-i-sukcesy-\u2013-przeglad-najwazniejszych-aktywnosci-300x200.jpg 300w, https:\/\/badania.uew.pl\/wp-content\/uploads\/sites\/23\/2026\/03\/Tydzien-z-ekspertami-UEW.-Komentarze-projekty-i-sukcesy-\u2013-przeglad-najwazniejszych-aktywnosci-1024x683.jpg 1024w, https:\/\/badania.uew.pl\/wp-content\/uploads\/sites\/23\/2026\/03\/Tydzien-z-ekspertami-UEW.-Komentarze-projekty-i-sukcesy-\u2013-przeglad-najwazniejszych-aktywnosci-391x260.jpg 391w, https:\/\/badania.uew.pl\/wp-content\/uploads\/sites\/23\/2026\/03\/Tydzien-z-ekspertami-UEW.-Komentarze-projekty-i-sukcesy-\u2013-przeglad-najwazniejszych-aktywnosci-1536x1024.jpg 1536w, https:\/\/badania.uew.pl\/wp-content\/uploads\/sites\/23\/2026\/03\/Tydzien-z-ekspertami-UEW.-Komentarze-projekty-i-sukcesy-\u2013-przeglad-najwazniejszych-aktywnosci.jpg 1920w\" sizes=\"auto, (max-width: 768px) 100vw, 768px\" \/>\t\t\t\t\t<\/a>\n\t\t\t\t\t\t\t<\/div>\n\t\t\t\t\t\t<h3 class=\"uagb-post__title uagb-post__text\">\n\t\t\t\t<a href=\"https:\/\/badania.uew.pl\/en\/wueb-experts-weekly-review-research-projects-and-academic-successes-24-30-august-2026\/\" target=\"_self\" rel=\"bookmark noopener noreferrer\">WUEB Experts Weekly Review. Research, Projects and Academic Successes (24 &#8211; 30 August 2026)<\/a>\n\t\t\t<\/h3>\n\t\t\t\t\t\t<div class='uagb-post__text uagb-post-grid-byline'>\n\t\t\t\t\t\t\t<\/div>\n\t\t\t\n\t\t\t\t\t\t\t\t\t<\/article>\n\t\t\t\t\t\t\t\t\t\t\t\t\t\t\t\t<article class=\"uagb-post__inner-wrap\">\t\t\t\t\t\t\t\t<div class='uagb-post__image'>\n\t\t\t\t\t\t\t\t\t<a href=\"https:\/\/badania.uew.pl\/en\/visual-simulation-of-business-processes-wspb-joins-the-polish-roadmap-for-research-infrastructures\/\" target=\"_self\" rel=\"bookmark noopener noreferrer\" class=\"uagb-image-ratio-2-3\"><img loading=\"lazy\" decoding=\"async\" width=\"768\" height=\"512\" src=\"https:\/\/badania.uew.pl\/wp-content\/uploads\/sites\/23\/2026\/08\/Wizualna-symulacja-procesow-biznesowych-UEW-eng-768x512.png\" class=\"attachment-medium_large size-medium_large\" alt=\"Visual Simulation of Business Processes (WSPB) joins the Polish Roadmap for Research Infrastructures\" srcset=\"https:\/\/badania.uew.pl\/wp-content\/uploads\/sites\/23\/2026\/08\/Wizualna-symulacja-procesow-biznesowych-UEW-eng-768x512.png 768w, https:\/\/badania.uew.pl\/wp-content\/uploads\/sites\/23\/2026\/08\/Wizualna-symulacja-procesow-biznesowych-UEW-eng-300x200.png 300w, https:\/\/badania.uew.pl\/wp-content\/uploads\/sites\/23\/2026\/08\/Wizualna-symulacja-procesow-biznesowych-UEW-eng-1024x683.png 1024w, https:\/\/badania.uew.pl\/wp-content\/uploads\/sites\/23\/2026\/08\/Wizualna-symulacja-procesow-biznesowych-UEW-eng-391x260.png 391w, https:\/\/badania.uew.pl\/wp-content\/uploads\/sites\/23\/2026\/08\/Wizualna-symulacja-procesow-biznesowych-UEW-eng-1536x1024.png 1536w, https:\/\/badania.uew.pl\/wp-content\/uploads\/sites\/23\/2026\/08\/Wizualna-symulacja-procesow-biznesowych-UEW-eng.png 1920w\" sizes=\"auto, (max-width: 768px) 100vw, 768px\" \/>\t\t\t\t\t<\/a>\n\t\t\t\t\t\t\t<\/div>\n\t\t\t\t\t\t<h3 class=\"uagb-post__title uagb-post__text\">\n\t\t\t\t<a href=\"https:\/\/badania.uew.pl\/en\/visual-simulation-of-business-processes-wspb-joins-the-polish-roadmap-for-research-infrastructures\/\" target=\"_self\" rel=\"bookmark noopener noreferrer\">Visual Simulation of Business Processes (WSPB) joins the Polish Roadmap for Research Infrastructures<\/a>\n\t\t\t<\/h3>\n\t\t\t\t\t\t<div class='uagb-post__text uagb-post-grid-byline'>\n\t\t\t\t\t\t\t<\/div>\n\t\t\t\n\t\t\t\t\t\t\t\t\t<\/article>\n\t\t\t\t\t\t\t\t\t\t\t\t\t\t\t\t<article class=\"uagb-post__inner-wrap\">\t\t\t\t\t\t\t\t<div class='uagb-post__image'>\n\t\t\t\t\t\t\t\t\t<a href=\"https:\/\/badania.uew.pl\/en\/wueb-experts-weekly-rewiev-research-projects-and-academic-successes-17-23-august-2026\/\" target=\"_self\" rel=\"bookmark noopener noreferrer\" class=\"uagb-image-ratio-2-3\"><img loading=\"lazy\" decoding=\"async\" width=\"768\" height=\"512\" src=\"https:\/\/badania.uew.pl\/wp-content\/uploads\/sites\/23\/2026\/03\/Tydzien-z-ekspertami-UEW.-Komentarze-projekty-i-sukcesy-\u2013-przeglad-najwazniejszych-aktywnosci-768x512.jpg\" class=\"attachment-medium_large size-medium_large\" alt=\"Week with WUEB experts. Commentary, projects and achievements \u2013 a review of key activities\" srcset=\"https:\/\/badania.uew.pl\/wp-content\/uploads\/sites\/23\/2026\/03\/Tydzien-z-ekspertami-UEW.-Komentarze-projekty-i-sukcesy-\u2013-przeglad-najwazniejszych-aktywnosci-768x512.jpg 768w, https:\/\/badania.uew.pl\/wp-content\/uploads\/sites\/23\/2026\/03\/Tydzien-z-ekspertami-UEW.-Komentarze-projekty-i-sukcesy-\u2013-przeglad-najwazniejszych-aktywnosci-300x200.jpg 300w, https:\/\/badania.uew.pl\/wp-content\/uploads\/sites\/23\/2026\/03\/Tydzien-z-ekspertami-UEW.-Komentarze-projekty-i-sukcesy-\u2013-przeglad-najwazniejszych-aktywnosci-1024x683.jpg 1024w, https:\/\/badania.uew.pl\/wp-content\/uploads\/sites\/23\/2026\/03\/Tydzien-z-ekspertami-UEW.-Komentarze-projekty-i-sukcesy-\u2013-przeglad-najwazniejszych-aktywnosci-391x260.jpg 391w, https:\/\/badania.uew.pl\/wp-content\/uploads\/sites\/23\/2026\/03\/Tydzien-z-ekspertami-UEW.-Komentarze-projekty-i-sukcesy-\u2013-przeglad-najwazniejszych-aktywnosci-1536x1024.jpg 1536w, https:\/\/badania.uew.pl\/wp-content\/uploads\/sites\/23\/2026\/03\/Tydzien-z-ekspertami-UEW.-Komentarze-projekty-i-sukcesy-\u2013-przeglad-najwazniejszych-aktywnosci.jpg 1920w\" sizes=\"auto, (max-width: 768px) 100vw, 768px\" \/>\t\t\t\t\t<\/a>\n\t\t\t\t\t\t\t<\/div>\n\t\t\t\t\t\t<h3 class=\"uagb-post__title uagb-post__text\">\n\t\t\t\t<a href=\"https:\/\/badania.uew.pl\/en\/wueb-experts-weekly-rewiev-research-projects-and-academic-successes-17-23-august-2026\/\" target=\"_self\" rel=\"bookmark noopener noreferrer\">\u00a0WUEB experts weekly rewiev. Research, Projects and Academic Successes (17\u201323 August 2026)<\/a>\n\t\t\t<\/h3>\n\t\t\t\t\t\t<div class='uagb-post__text uagb-post-grid-byline'>\n\t\t\t\t\t\t\t<\/div>\n\t\t\t\n\t\t\t\t\t\t\t\t\t<\/article>\n\t\t\t\t\t\t\t\t\t\t\t\t\t\t\t\t<article class=\"uagb-post__inner-wrap\">\t\t\t\t\t\t\t\t<div class='uagb-post__image'>\n\t\t\t\t\t\t\t\t\t<a href=\"https:\/\/badania.uew.pl\/en\/wueb-awarded-visegrad-grant-to-study-the-skills-gap-across-the-v4\/\" target=\"_self\" rel=\"bookmark noopener noreferrer\" class=\"uagb-image-ratio-2-3\"><img loading=\"lazy\" decoding=\"async\" width=\"768\" height=\"512\" src=\"https:\/\/badania.uew.pl\/wp-content\/uploads\/sites\/23\/2026\/08\/Aktualnosci-3-768x512.png\" class=\"attachment-medium_large size-medium_large\" alt=\"The graphic features portraits of the WUEB team delivering the \u2018Bridging V4 Universities and Business through Design Thinking\u2019 project: mgr Paulina Graczyk, mgr Kamila \u0141uczak and mgr Maciej Krahel. The project has received funding from the International Visegrad Fund.\" srcset=\"https:\/\/badania.uew.pl\/wp-content\/uploads\/sites\/23\/2026\/08\/Aktualnosci-3-768x512.png 768w, https:\/\/badania.uew.pl\/wp-content\/uploads\/sites\/23\/2026\/08\/Aktualnosci-3-300x200.png 300w, https:\/\/badania.uew.pl\/wp-content\/uploads\/sites\/23\/2026\/08\/Aktualnosci-3-1024x683.png 1024w, https:\/\/badania.uew.pl\/wp-content\/uploads\/sites\/23\/2026\/08\/Aktualnosci-3-391x260.png 391w, https:\/\/badania.uew.pl\/wp-content\/uploads\/sites\/23\/2026\/08\/Aktualnosci-3-1536x1024.png 1536w, https:\/\/badania.uew.pl\/wp-content\/uploads\/sites\/23\/2026\/08\/Aktualnosci-3.png 1920w\" sizes=\"auto, (max-width: 768px) 100vw, 768px\" \/>\t\t\t\t\t<\/a>\n\t\t\t\t\t\t\t<\/div>\n\t\t\t\t\t\t<h3 class=\"uagb-post__title uagb-post__text\">\n\t\t\t\t<a href=\"https:\/\/badania.uew.pl\/en\/wueb-awarded-visegrad-grant-to-study-the-skills-gap-across-the-v4\/\" target=\"_self\" rel=\"bookmark noopener noreferrer\">WUEB awarded Visegrad grant to study the skills gap across the V4<\/a>\n\t\t\t<\/h3>\n\t\t\t\t\t\t<div class='uagb-post__text uagb-post-grid-byline'>\n\t\t\t\t\t\t\t<\/div>\n\t\t\t\n\t\t\t\t\t\t\t\t\t<\/article>\n\t\t\t\t\t\t\t\t\t\t\t\t\t\t\t\t<article class=\"uagb-post__inner-wrap\">\t\t\t\t\t\t\t\t<div class='uagb-post__image'>\n\t\t\t\t\t\t\t\t\t<a href=\"https:\/\/badania.uew.pl\/en\/prof-malgorzata-krzywonos-joins-the-management-committee-of-cost-action-brasschi\/\" target=\"_self\" rel=\"bookmark noopener noreferrer\" class=\"uagb-image-ratio-2-3\"><img loading=\"lazy\" decoding=\"async\" width=\"768\" height=\"512\" src=\"https:\/\/badania.uew.pl\/wp-content\/uploads\/sites\/23\/2026\/08\/Prof-Malgorzata-Krzywonos-joins-the-Management-Committee-of-COST-Action-BRASSCHI-768x512.jpg\" class=\"attachment-medium_large size-medium_large\" alt=\"\" srcset=\"https:\/\/badania.uew.pl\/wp-content\/uploads\/sites\/23\/2026\/08\/Prof-Malgorzata-Krzywonos-joins-the-Management-Committee-of-COST-Action-BRASSCHI-768x512.jpg 768w, https:\/\/badania.uew.pl\/wp-content\/uploads\/sites\/23\/2026\/08\/Prof-Malgorzata-Krzywonos-joins-the-Management-Committee-of-COST-Action-BRASSCHI-300x200.jpg 300w, https:\/\/badania.uew.pl\/wp-content\/uploads\/sites\/23\/2026\/08\/Prof-Malgorzata-Krzywonos-joins-the-Management-Committee-of-COST-Action-BRASSCHI-1024x683.jpg 1024w, https:\/\/badania.uew.pl\/wp-content\/uploads\/sites\/23\/2026\/08\/Prof-Malgorzata-Krzywonos-joins-the-Management-Committee-of-COST-Action-BRASSCHI-391x260.jpg 391w, https:\/\/badania.uew.pl\/wp-content\/uploads\/sites\/23\/2026\/08\/Prof-Malgorzata-Krzywonos-joins-the-Management-Committee-of-COST-Action-BRASSCHI-1536x1024.jpg 1536w, https:\/\/badania.uew.pl\/wp-content\/uploads\/sites\/23\/2026\/08\/Prof-Malgorzata-Krzywonos-joins-the-Management-Committee-of-COST-Action-BRASSCHI.jpg 1920w\" sizes=\"auto, (max-width: 768px) 100vw, 768px\" \/>\t\t\t\t\t<\/a>\n\t\t\t\t\t\t\t<\/div>\n\t\t\t\t\t\t<h3 class=\"uagb-post__title uagb-post__text\">\n\t\t\t\t<a href=\"https:\/\/badania.uew.pl\/en\/prof-malgorzata-krzywonos-joins-the-management-committee-of-cost-action-brasschi\/\" target=\"_self\" rel=\"bookmark noopener noreferrer\">Prof Ma\u0142gorzata Krzywonos joins the Management Committee of COST Action BRASSCHI<\/a>\n\t\t\t<\/h3>\n\t\t\t\t\t\t<div class='uagb-post__text uagb-post-grid-byline'>\n\t\t\t\t\t\t\t<\/div>\n\t\t\t\n\t\t\t\t\t\t\t\t\t<\/article>\n\t\t\t\t\t\t\t\t\t\t\t\t\t\t\t\t<article class=\"uagb-post__inner-wrap\">\t\t\t\t\t\t\t\t<div class='uagb-post__image'>\n\t\t\t\t\t\t\t\t\t<a href=\"https:\/\/badania.uew.pl\/en\/wueb-joins-discussions-on-teema-technology-park-in-miekinia\/\" target=\"_self\" rel=\"bookmark noopener noreferrer\" class=\"uagb-image-ratio-2-3\"><img loading=\"lazy\" decoding=\"async\" width=\"768\" height=\"512\" src=\"https:\/\/badania.uew.pl\/wp-content\/uploads\/sites\/23\/2026\/08\/UEW-w-rozmowach-o-TEEMA-Technology-Park-w-Miekini-768x512.jpg\" class=\"attachment-medium_large size-medium_large\" alt=\"Zdj\u0119cie z rozm\u00f3w. Ludzie siedz\u0105cy przy stole. W tle dziennikarze. W\u015br\u00f3d siedz\u0105cych A\u0142\u0142a Witwicka-Dudek oraz Krzysztof Piontek.\" srcset=\"https:\/\/badania.uew.pl\/wp-content\/uploads\/sites\/23\/2026\/08\/UEW-w-rozmowach-o-TEEMA-Technology-Park-w-Miekini-768x512.jpg 768w, https:\/\/badania.uew.pl\/wp-content\/uploads\/sites\/23\/2026\/08\/UEW-w-rozmowach-o-TEEMA-Technology-Park-w-Miekini-300x200.jpg 300w, https:\/\/badania.uew.pl\/wp-content\/uploads\/sites\/23\/2026\/08\/UEW-w-rozmowach-o-TEEMA-Technology-Park-w-Miekini-1024x683.jpg 1024w, https:\/\/badania.uew.pl\/wp-content\/uploads\/sites\/23\/2026\/08\/UEW-w-rozmowach-o-TEEMA-Technology-Park-w-Miekini-391x260.jpg 391w, https:\/\/badania.uew.pl\/wp-content\/uploads\/sites\/23\/2026\/08\/UEW-w-rozmowach-o-TEEMA-Technology-Park-w-Miekini-1536x1024.jpg 1536w, https:\/\/badania.uew.pl\/wp-content\/uploads\/sites\/23\/2026\/08\/UEW-w-rozmowach-o-TEEMA-Technology-Park-w-Miekini.jpg 1920w\" sizes=\"auto, (max-width: 768px) 100vw, 768px\" \/>\t\t\t\t\t<\/a>\n\t\t\t\t\t\t\t<\/div>\n\t\t\t\t\t\t<h3 class=\"uagb-post__title uagb-post__text\">\n\t\t\t\t<a href=\"https:\/\/badania.uew.pl\/en\/wueb-joins-discussions-on-teema-technology-park-in-miekinia\/\" target=\"_self\" rel=\"bookmark noopener noreferrer\">WUEB joins discussions on TEEMA Technology Park in Mi\u0119kinia<\/a>\n\t\t\t<\/h3>\n\t\t\t\t\t\t<div class='uagb-post__text uagb-post-grid-byline'>\n\t\t\t\t\t\t\t<\/div>\n\t\t\t\n\t\t\t\t\t\t\t\t\t<\/article>\n\t\t\t\t\t\t\t\t\t\t\t<\/div>\n\t\t\t<\/div>\n<\/div>\n","protected":false},"excerpt":{"rendered":"<p>Rare earth elements are no longer just a technological issue. [&hellip;]<\/p>\n","protected":false},"author":3741,"featured_media":46194,"comment_status":"closed","ping_status":"closed","sticky":false,"template":"","format":"standard","meta":{"_acf_changed":false,"inline_featured_image":false,"_uag_custom_page_level_css":"","site-sidebar-layout":"default","site-content-layout":"","ast-site-content-layout":"default","site-content-style":"default","site-sidebar-style":"default","ast-global-header-display":"","ast-banner-title-visibility":"","ast-main-header-display":"","ast-hfb-above-header-display":"","ast-hfb-below-header-display":"","ast-hfb-mobile-header-display":"","site-post-title":"","ast-breadcrumbs-content":"","ast-featured-img":"","footer-sml-layout":"","ast-disable-related-posts":"","theme-transparent-header-meta":"","adv-header-id-meta":"","stick-header-meta":"","header-above-stick-meta":"","header-main-stick-meta":"","header-below-stick-meta":"","astra-migrate-meta-layouts":"set","ast-page-background-enabled":"default","ast-page-background-meta":{"desktop":{"background-color":"var(--ast-global-color-4)","background-image":"","background-repeat":"repeat","background-position":"center center","background-size":"auto","background-attachment":"scroll","background-type":"","background-media":"","overlay-type":"","overlay-color":"","overlay-opacity":"","overlay-gradient":""},"tablet":{"background-color":"","background-image":"","background-repeat":"repeat","background-position":"center center","background-size":"auto","background-attachment":"scroll","background-type":"","background-media":"","overlay-type":"","overlay-color":"","overlay-opacity":"","overlay-gradient":""},"mobile":{"background-color":"","background-image":"","background-repeat":"repeat","background-position":"center center","background-size":"auto","background-attachment":"scroll","background-type":"","background-media":"","overlay-type":"","overlay-color":"","overlay-opacity":"","overlay-gradient":""}},"ast-content-background-meta":{"desktop":{"background-color":"var(--ast-global-color-5)","background-image":"","background-repeat":"repeat","background-position":"center center","background-size":"auto","background-attachment":"scroll","background-type":"","background-media":"","overlay-type":"","overlay-color":"","overlay-opacity":"","overlay-gradient":""},"tablet":{"background-color":"var(--ast-global-color-5)","background-image":"","background-repeat":"repeat","background-position":"center center","background-size":"auto","background-attachment":"scroll","background-type":"","background-media":"","overlay-type":"","overlay-color":"","overlay-opacity":"","overlay-gradient":""},"mobile":{"background-color":"var(--ast-global-color-5)","background-image":"","background-repeat":"repeat","background-position":"center center","background-size":"auto","background-attachment":"scroll","background-type":"","background-media":"","overlay-type":"","overlay-color":"","overlay-opacity":"","overlay-gradient":""}},"footnotes":""},"categories":[330],"tags":[609],"class_list":["post-46200","post","type-post","status-publish","format-standard","has-post-thumbnail","hentry","category-media-en","tag-przemyslaw-skulski-en"],"acf":[],"featured_image_src":"https:\/\/badania.uew.pl\/wp-content\/uploads\/sites\/23\/2026\/03\/Metale-ziem-rzadkich-i-nowe-zaleznosci-swiata.-dr-hab.-Przemyslaw-Skulski.png","author_info":{"display_name":"bgrzelczak","author_link":"https:\/\/badania.uew.pl\/en\/author\/bgrzelczak\/"},"uagb_featured_image_src":{"full":["https:\/\/badania.uew.pl\/wp-content\/uploads\/sites\/23\/2026\/03\/Metale-ziem-rzadkich-i-nowe-zaleznosci-swiata.-dr-hab.-Przemyslaw-Skulski.png",1920,1280,false],"thumbnail":["https:\/\/badania.uew.pl\/wp-content\/uploads\/sites\/23\/2026\/03\/Metale-ziem-rzadkich-i-nowe-zaleznosci-swiata.-dr-hab.-Przemyslaw-Skulski-150x150.png",150,150,true],"medium":["https:\/\/badania.uew.pl\/wp-content\/uploads\/sites\/23\/2026\/03\/Metale-ziem-rzadkich-i-nowe-zaleznosci-swiata.-dr-hab.-Przemyslaw-Skulski-300x200.png",300,200,true],"medium_large":["https:\/\/badania.uew.pl\/wp-content\/uploads\/sites\/23\/2026\/03\/Metale-ziem-rzadkich-i-nowe-zaleznosci-swiata.-dr-hab.-Przemyslaw-Skulski-768x512.png",768,512,true],"large":["https:\/\/badania.uew.pl\/wp-content\/uploads\/sites\/23\/2026\/03\/Metale-ziem-rzadkich-i-nowe-zaleznosci-swiata.-dr-hab.-Przemyslaw-Skulski-1024x683.png",1024,683,true],"thumblist":["https:\/\/badania.uew.pl\/wp-content\/uploads\/sites\/23\/2026\/03\/Metale-ziem-rzadkich-i-nowe-zaleznosci-swiata.-dr-hab.-Przemyslaw-Skulski-300x300.png",300,300,true],"thumbrelated":["https:\/\/badania.uew.pl\/wp-content\/uploads\/sites\/23\/2026\/03\/Metale-ziem-rzadkich-i-nowe-zaleznosci-swiata.-dr-hab.-Przemyslaw-Skulski-500x500.png",500,500,true],"meccarouselthumb":["https:\/\/badania.uew.pl\/wp-content\/uploads\/sites\/23\/2026\/03\/Metale-ziem-rzadkich-i-nowe-zaleznosci-swiata.-dr-hab.-Przemyslaw-Skulski-474x324.png",474,324,true],"gridsquare":["https:\/\/badania.uew.pl\/wp-content\/uploads\/sites\/23\/2026\/03\/Metale-ziem-rzadkich-i-nowe-zaleznosci-swiata.-dr-hab.-Przemyslaw-Skulski-391x260.png",391,260,true],"tileview":["https:\/\/badania.uew.pl\/wp-content\/uploads\/sites\/23\/2026\/03\/Metale-ziem-rzadkich-i-nowe-zaleznosci-swiata.-dr-hab.-Przemyslaw-Skulski-300x400.png",300,400,true],"1536x1536":["https:\/\/badania.uew.pl\/wp-content\/uploads\/sites\/23\/2026\/03\/Metale-ziem-rzadkich-i-nowe-zaleznosci-swiata.-dr-hab.-Przemyslaw-Skulski-1536x1024.png",1536,1024,true],"2048x2048":["https:\/\/badania.uew.pl\/wp-content\/uploads\/sites\/23\/2026\/03\/Metale-ziem-rzadkich-i-nowe-zaleznosci-swiata.-dr-hab.-Przemyslaw-Skulski.png",1920,1280,false]},"uagb_author_info":{"display_name":"bgrzelczak","author_link":"https:\/\/badania.uew.pl\/en\/author\/bgrzelczak\/"},"uagb_comment_info":0,"uagb_excerpt":"Rare earth elements are no longer just a technological issue. [&hellip;]","publishpress_future_action":{"enabled":false,"date":"2026-09-05 16:37:29","action":"change-status","newStatus":"draft","terms":[],"taxonomy":"category","extraData":[]},"publishpress_future_workflow_manual_trigger":{"enabledWorkflows":[]},"_links":{"self":[{"href":"https:\/\/badania.uew.pl\/en\/wp-json\/wp\/v2\/posts\/46200","targetHints":{"allow":["GET"]}}],"collection":[{"href":"https:\/\/badania.uew.pl\/en\/wp-json\/wp\/v2\/posts"}],"about":[{"href":"https:\/\/badania.uew.pl\/en\/wp-json\/wp\/v2\/types\/post"}],"author":[{"embeddable":true,"href":"https:\/\/badania.uew.pl\/en\/wp-json\/wp\/v2\/users\/3741"}],"replies":[{"embeddable":true,"href":"https:\/\/badania.uew.pl\/en\/wp-json\/wp\/v2\/comments?post=46200"}],"version-history":[{"count":1,"href":"https:\/\/badania.uew.pl\/en\/wp-json\/wp\/v2\/posts\/46200\/revisions"}],"predecessor-version":[{"id":46203,"href":"https:\/\/badania.uew.pl\/en\/wp-json\/wp\/v2\/posts\/46200\/revisions\/46203"}],"wp:featuredmedia":[{"embeddable":true,"href":"https:\/\/badania.uew.pl\/en\/wp-json\/wp\/v2\/media\/46194"}],"wp:attachment":[{"href":"https:\/\/badania.uew.pl\/en\/wp-json\/wp\/v2\/media?parent=46200"}],"wp:term":[{"taxonomy":"category","embeddable":true,"href":"https:\/\/badania.uew.pl\/en\/wp-json\/wp\/v2\/categories?post=46200"},{"taxonomy":"post_tag","embeddable":true,"href":"https:\/\/badania.uew.pl\/en\/wp-json\/wp\/v2\/tags?post=46200"}],"curies":[{"name":"wp","href":"https:\/\/api.w.org\/{rel}","templated":true}]}}