{"id":45006,"date":"2026-02-24T12:31:31","date_gmt":"2026-02-24T11:31:31","guid":{"rendered":"https:\/\/badania.uew.pl\/?p=45006"},"modified":"2026-02-24T12:38:02","modified_gmt":"2026-02-24T11:38:02","slug":"eu-india-relations-in-the-shadow-of-sanctions-risks-what-does-this-mean-for-businesses-an-expert-view-from-wueb","status":"publish","type":"post","link":"https:\/\/badania.uew.pl\/en\/eu-india-relations-in-the-shadow-of-sanctions-risks-what-does-this-mean-for-businesses-an-expert-view-from-wueb\/","title":{"rendered":"EU-India relations in the shadow of sanctions risks. What does this mean for businesses? An expert view from WUEB"},"content":{"rendered":"\n<div class=\"wp-block-columns is-layout-flex wp-container-core-columns-is-layout-fba3a3af wp-block-columns-is-layout-flex\" style=\"padding-top:var(--wp--preset--spacing--60);padding-bottom:var(--wp--preset--spacing--80)\">\n<div class=\"wp-block-column is-layout-constrained wp-container-core-column-is-layout-fd2b50d3 wp-block-column-is-layout-constrained\" style=\"flex-basis:100%\">\n<p class=\"has-medium-font-size wp-block-paragraph\"><strong>In discussions about the negotiated EU\u2013India trade agreement, the narrative is usually dominated by opportunities: trade liberalisation, easier conditions for companies, and access to a large market with strong growth momentum. An Interia Biznes piece, however, highlights another\u2014equally important\u2014side of the equation: potential economic gains must be assessed alongside risks stemming from geopolitics and sanctions regimes. This perspective is structured by an expert comment from Dr habil. Sebastian Bobowski, Professor at the Wroclaw University of Economics and Business (WUEB).<\/strong><\/p>\n\n\n\n<figure class=\"wp-block-image alignwide size-full\" style=\"margin-top:var(--wp--preset--spacing--70);margin-bottom:var(--wp--preset--spacing--70)\"><img loading=\"lazy\" decoding=\"async\" width=\"1920\" height=\"1280\" src=\"https:\/\/badania.uew.pl\/wp-content\/uploads\/sites\/23\/2026\/02\/Relacje-UE\u2013Indie-w-cieniu-ryzyk-sankcyjnych.jpg\" alt=\"EU\u2013India relations overshadowed by sanctions risks\" class=\"wp-image-44994\" srcset=\"https:\/\/badania.uew.pl\/wp-content\/uploads\/sites\/23\/2026\/02\/Relacje-UE\u2013Indie-w-cieniu-ryzyk-sankcyjnych.jpg 1920w, https:\/\/badania.uew.pl\/wp-content\/uploads\/sites\/23\/2026\/02\/Relacje-UE\u2013Indie-w-cieniu-ryzyk-sankcyjnych-300x200.jpg 300w, https:\/\/badania.uew.pl\/wp-content\/uploads\/sites\/23\/2026\/02\/Relacje-UE\u2013Indie-w-cieniu-ryzyk-sankcyjnych-1024x683.jpg 1024w, https:\/\/badania.uew.pl\/wp-content\/uploads\/sites\/23\/2026\/02\/Relacje-UE\u2013Indie-w-cieniu-ryzyk-sankcyjnych-768x512.jpg 768w, https:\/\/badania.uew.pl\/wp-content\/uploads\/sites\/23\/2026\/02\/Relacje-UE\u2013Indie-w-cieniu-ryzyk-sankcyjnych-391x260.jpg 391w, https:\/\/badania.uew.pl\/wp-content\/uploads\/sites\/23\/2026\/02\/Relacje-UE\u2013Indie-w-cieniu-ryzyk-sankcyjnych-1536x1024.jpg 1536w\" sizes=\"auto, (max-width: 1920px) 100vw, 1920px\" \/><\/figure>\n\n\n\n<p class=\"wp-block-paragraph\"><strong><strong>The interview with Dr habil. Sebastian Bobowski, Professor at WUEB, was conducted by Sebastian Ta\u0142ach (Interia Biznes), the author of the publication.<\/strong><\/strong><\/p>\n\n\n\n<h2 class=\"wp-block-heading has-large-font-size\"><strong><strong>EU\u2013India: an economic opportunity, but not an unconditional one<\/strong><\/strong><\/h2>\n\n\n\n<p class=\"wp-block-paragraph\">The expert from the Wroclaw University of Economics and Business points to a key context for EU\u2013India relations: \u201cA shadow over EU\u2013India relations is cast by New Delhi\u2019s partnership with the Kremlin.\u201d This is an important clarification, because it shifts the discussion from the general question \u201cIs cooperation with India profitable?\u201d to a more operational one: in which sectors and transaction types does risk become material from a compliance and business security perspective?<\/p>\n\n\n\n<h2 class=\"wp-block-heading has-large-font-size\"><strong>Sanctions as part of risk management, not \u201ca legal issue dealt with at the end\u201d<\/strong><\/h2>\n\n\n\n<p class=\"wp-block-paragraph\">From a business standpoint, this implies a practical change: a mere declaration of compliance is no longer sufficient. Increasingly, what matters is the ability to demonstrate due diligence\u2014that the company screened the counterparty, assessed risks, documented its decision-making process, and monitored the transaction. As a result, sanctions risk becomes part of strategy, compliance, and operational management, rather than a purely formal legal \u201ccheckbox.\u201d<\/p>\n\n\n\n<h2 class=\"wp-block-heading has-large-font-size\"><strong>Why \u201cpaper compliance\u201d is no longer enough<\/strong><\/h2>\n\n\n\n<p class=\"wp-block-paragraph\">The article accurately shows that modern sanctions rarely boil down to a simple ban on trade. Their real impact often emerges in indirect situations\u2014for example, when a company is involved in a transaction or supply chain linked to entities under restrictions, even without any intent to circumvent the rules. Hence the growing importance of risks related to re-export, opaque intermediary chains, and complex corporate links that are not easy to identify quickly.<\/p>\n\n\n\n<h2 class=\"wp-block-heading has-large-font-size\"><strong>Risk is not \u201ceverywhere\u201d\u2014it is sector-specific<\/strong><\/h2>\n\n\n\n<p class=\"wp-block-paragraph\">The value of the expert comment lies in avoiding simplistic conclusions such as \u201cIndia is safe\u201d or \u201cIndia is risky.\u201d Instead, it stresses that sanctions risk tends to cluster in sensitive areas, which calls for selective, sector-based risk assessment, rather than broad assumptions.<\/p>\n\n\n\n<h2 class=\"wp-block-heading has-large-font-size\"><strong>Where heightened caution is needed<\/strong><\/h2>\n\n\n\n<p class=\"wp-block-paragraph\">The piece points to examples of areas requiring increased vigilance: technology sectors and goods with potential dual-use (civilian and strategic) applications, including microelectronics, CNC machine tools, and UAVs\/drones, as well as selected issues related to refined petroleum products. At the same time, indirect risks are growing in logistics and finance\u2014covering maritime transport, ports, and financial services that may be used to circumvent restrictions.<\/p>\n\n\n\n<h2 class=\"wp-block-heading has-large-font-size\"><strong>Links to Russia: when risk becomes critical<\/strong><\/h2>\n\n\n\n<p class=\"wp-block-paragraph\">If a potential counterparty regularly cooperates with Russian entities, for many EU companies this may translate into unacceptably high risk, and in practice even rule out safe cooperation. This is not only a reputational matter: it also involves legal and financial consequences that management should factor in at the deal-approval stage\u2014not only after problems arise.<\/p>\n\n\n\n<h2 class=\"wp-block-heading has-large-font-size\"><strong>Consequences of breaches: tangible costs and real liability<\/strong><\/h2>\n\n\n\n<p class=\"wp-block-paragraph\">The article also reminds readers that in Poland, breaches of sanctions regulations may result in high administrative fines and, in certain cases, criminal liability. This reinforces the central point: sanctions should be treated as a strategic risk area, with a direct impact on commercial decisions, partner selection, and internal processes.<\/p>\n\n\n\n<h2 class=\"wp-block-heading has-large-font-size\"><strong>Regulatory gaps and the need for clarification<\/strong><\/h2>\n\n\n\n<p class=\"wp-block-paragraph\">Another important systemic point is the observation that Polish sanctions regulations require clarification\u2014for example, in terms of mechanisms that could recognise voluntary self-disclosure of a breach as a potential mitigating factor when financial penalties are imposed. This matters not only to lawyers, but also to compliance and risk managers.<\/p>\n\n\n\n<h2 class=\"wp-block-heading has-large-font-size\"><strong>Contract clauses are not enough<\/strong><\/h2>\n\n\n\n<p class=\"wp-block-paragraph\">Against this backdrop, a key practical conclusion stands out: contract clauses and counterparties\u2019 declarations of sanctions compliance are, at best, an add-on. In cross-border relationships, their effectiveness can be limited, especially when it comes to enforcement. Therefore, contractual tools should complement\u2014rather than replace\u2014robust screening procedures, transaction monitoring, and ongoing risk assessment.<\/p>\n\n\n\n<h2 class=\"wp-block-heading has-large-font-size\"><strong>How businesses can reduce risk in practice<\/strong><\/h2>\n\n\n\n<p class=\"wp-block-paragraph\">The article points to several directions: using information tools (including official sources and helpdesks) and seeking support from specialised providers focused on risk assessment and business intelligence. The core principle remains self-responsibility: the company is ultimately accountable for properly vetting the transaction and the partner.<\/p>\n\n\n\n<h2 class=\"wp-block-heading has-large-font-size\"><strong>Why this voice matters in the debate<\/strong><\/h2>\n\n\n\n<p class=\"wp-block-paragraph\">Dr habil. Sebastian Bobowski, Professor at WUEB, plays the expert role effectively: he translates a complex geoeconomic context into the language of business decisions. In the case of EU\u2013India relations, such analyses\u2014precise, sector-focused, and grounded in regulatory realities\u2014are exactly what internationally active companies need today.<\/p>\n\n\n\n<p class=\"wp-block-paragraph\"><strong>Read the full piece on <\/strong><a href=\"https:\/\/biznes.interia.pl\/firma\/news-umowa-ue-indie-moze-uderzyc-w-europejskie-firmy-w-tle-sa-ros,nId,22602253\" target=\"_blank\" rel=\"noopener\"><strong>Interia Biznes<\/strong><\/a> <em>(in Polish)<\/em><\/p>\n\n\n\n\n\n<p class=\"has-text-align-right wp-block-paragraph\"><strong>Authors: Justyna Morawska-P\u0142oskonka, Agnieszka Drami\u0144ska<\/strong><\/p>\n<\/div>\n<\/div>\n\n\n\n<div class=\"wp-block-columns block-main-events is-layout-flex wp-container-core-columns-is-layout-44712903 wp-block-columns-is-layout-flex\" style=\"margin-top:0;margin-bottom:0;padding-top:var(--wp--preset--spacing--80);padding-bottom:var(--wp--preset--spacing--80)\">\n<div class=\"wp-block-column is-layout-flow wp-block-column-is-layout-flow\">\n<h2 class=\"wp-block-heading has-text-align-center\" style=\"margin-bottom:var(--wp--preset--spacing--60)\">See similar content<\/h2>\n\n\n\n\t\t\t<div class=\"wp-block-uagb-post-grid uagb-post-grid  uagb-post__image-position-top uagb-post__image-enabled uagb-block-c534e230     uagb-post__items uagb-post__columns-4 is-grid uagb-post__columns-tablet-2 uagb-post__columns-mobile-1 uagb-post__equal-height\" data-total=\"20\" style=\"\">\n\n\t\t\t\t\t\t\t\t\t\t\t\t<article class=\"uagb-post__inner-wrap\">\t\t\t\t\t\t\t\t<div class='uagb-post__image'>\n\t\t\t\t\t\t\t\t\t<a href=\"https:\/\/badania.uew.pl\/en\/wueb-experts-weekly-review-research-projects-and-academic-successes-24-30-august-2026\/\" target=\"_self\" rel=\"bookmark noopener noreferrer\" class=\"uagb-image-ratio-2-3\"><img loading=\"lazy\" decoding=\"async\" width=\"768\" height=\"512\" src=\"https:\/\/badania.uew.pl\/wp-content\/uploads\/sites\/23\/2026\/03\/Tydzien-z-ekspertami-UEW.-Komentarze-projekty-i-sukcesy-\u2013-przeglad-najwazniejszych-aktywnosci-768x512.jpg\" class=\"attachment-medium_large size-medium_large\" alt=\"Week with WUEB experts. Commentary, projects and achievements \u2013 a review of key activities\" srcset=\"https:\/\/badania.uew.pl\/wp-content\/uploads\/sites\/23\/2026\/03\/Tydzien-z-ekspertami-UEW.-Komentarze-projekty-i-sukcesy-\u2013-przeglad-najwazniejszych-aktywnosci-768x512.jpg 768w, https:\/\/badania.uew.pl\/wp-content\/uploads\/sites\/23\/2026\/03\/Tydzien-z-ekspertami-UEW.-Komentarze-projekty-i-sukcesy-\u2013-przeglad-najwazniejszych-aktywnosci-300x200.jpg 300w, https:\/\/badania.uew.pl\/wp-content\/uploads\/sites\/23\/2026\/03\/Tydzien-z-ekspertami-UEW.-Komentarze-projekty-i-sukcesy-\u2013-przeglad-najwazniejszych-aktywnosci-1024x683.jpg 1024w, https:\/\/badania.uew.pl\/wp-content\/uploads\/sites\/23\/2026\/03\/Tydzien-z-ekspertami-UEW.-Komentarze-projekty-i-sukcesy-\u2013-przeglad-najwazniejszych-aktywnosci-391x260.jpg 391w, https:\/\/badania.uew.pl\/wp-content\/uploads\/sites\/23\/2026\/03\/Tydzien-z-ekspertami-UEW.-Komentarze-projekty-i-sukcesy-\u2013-przeglad-najwazniejszych-aktywnosci-1536x1024.jpg 1536w, https:\/\/badania.uew.pl\/wp-content\/uploads\/sites\/23\/2026\/03\/Tydzien-z-ekspertami-UEW.-Komentarze-projekty-i-sukcesy-\u2013-przeglad-najwazniejszych-aktywnosci.jpg 1920w\" sizes=\"auto, (max-width: 768px) 100vw, 768px\" \/>\t\t\t\t\t<\/a>\n\t\t\t\t\t\t\t<\/div>\n\t\t\t\t\t\t<h3 class=\"uagb-post__title uagb-post__text\">\n\t\t\t\t<a href=\"https:\/\/badania.uew.pl\/en\/wueb-experts-weekly-review-research-projects-and-academic-successes-24-30-august-2026\/\" target=\"_self\" rel=\"bookmark noopener noreferrer\">WUEB Experts Weekly Review. Research, Projects and Academic Successes (24 &#8211; 30 August 2026)<\/a>\n\t\t\t<\/h3>\n\t\t\t\t\t\t<div class='uagb-post__text uagb-post-grid-byline'>\n\t\t\t\t\t\t\t<\/div>\n\t\t\t\n\t\t\t\t\t\t\t\t\t<\/article>\n\t\t\t\t\t\t\t\t\t\t\t\t\t\t\t\t<article class=\"uagb-post__inner-wrap\">\t\t\t\t\t\t\t\t<div class='uagb-post__image'>\n\t\t\t\t\t\t\t\t\t<a href=\"https:\/\/badania.uew.pl\/en\/wueb-experts-weekly-rewiev-research-projects-and-academic-successes-17-23-august-2026\/\" target=\"_self\" rel=\"bookmark noopener noreferrer\" class=\"uagb-image-ratio-2-3\"><img loading=\"lazy\" decoding=\"async\" width=\"768\" height=\"512\" src=\"https:\/\/badania.uew.pl\/wp-content\/uploads\/sites\/23\/2026\/03\/Tydzien-z-ekspertami-UEW.-Komentarze-projekty-i-sukcesy-\u2013-przeglad-najwazniejszych-aktywnosci-768x512.jpg\" class=\"attachment-medium_large size-medium_large\" alt=\"Week with WUEB experts. Commentary, projects and achievements \u2013 a review of key activities\" srcset=\"https:\/\/badania.uew.pl\/wp-content\/uploads\/sites\/23\/2026\/03\/Tydzien-z-ekspertami-UEW.-Komentarze-projekty-i-sukcesy-\u2013-przeglad-najwazniejszych-aktywnosci-768x512.jpg 768w, https:\/\/badania.uew.pl\/wp-content\/uploads\/sites\/23\/2026\/03\/Tydzien-z-ekspertami-UEW.-Komentarze-projekty-i-sukcesy-\u2013-przeglad-najwazniejszych-aktywnosci-300x200.jpg 300w, https:\/\/badania.uew.pl\/wp-content\/uploads\/sites\/23\/2026\/03\/Tydzien-z-ekspertami-UEW.-Komentarze-projekty-i-sukcesy-\u2013-przeglad-najwazniejszych-aktywnosci-1024x683.jpg 1024w, https:\/\/badania.uew.pl\/wp-content\/uploads\/sites\/23\/2026\/03\/Tydzien-z-ekspertami-UEW.-Komentarze-projekty-i-sukcesy-\u2013-przeglad-najwazniejszych-aktywnosci-391x260.jpg 391w, https:\/\/badania.uew.pl\/wp-content\/uploads\/sites\/23\/2026\/03\/Tydzien-z-ekspertami-UEW.-Komentarze-projekty-i-sukcesy-\u2013-przeglad-najwazniejszych-aktywnosci-1536x1024.jpg 1536w, https:\/\/badania.uew.pl\/wp-content\/uploads\/sites\/23\/2026\/03\/Tydzien-z-ekspertami-UEW.-Komentarze-projekty-i-sukcesy-\u2013-przeglad-najwazniejszych-aktywnosci.jpg 1920w\" sizes=\"auto, (max-width: 768px) 100vw, 768px\" \/>\t\t\t\t\t<\/a>\n\t\t\t\t\t\t\t<\/div>\n\t\t\t\t\t\t<h3 class=\"uagb-post__title uagb-post__text\">\n\t\t\t\t<a href=\"https:\/\/badania.uew.pl\/en\/wueb-experts-weekly-rewiev-research-projects-and-academic-successes-17-23-august-2026\/\" target=\"_self\" rel=\"bookmark noopener noreferrer\">\u00a0WUEB experts weekly rewiev. Research, Projects and Academic Successes (17\u201323 August 2026)<\/a>\n\t\t\t<\/h3>\n\t\t\t\t\t\t<div class='uagb-post__text uagb-post-grid-byline'>\n\t\t\t\t\t\t\t<\/div>\n\t\t\t\n\t\t\t\t\t\t\t\t\t<\/article>\n\t\t\t\t\t\t\t\t\t\t\t\t\t\t\t\t<article class=\"uagb-post__inner-wrap\">\t\t\t\t\t\t\t\t<div class='uagb-post__image'>\n\t\t\t\t\t\t\t\t\t<a href=\"https:\/\/badania.uew.pl\/en\/wueb-experts-weekly-review-research-projects-and-academic-successes-10-16-august-2026\/\" target=\"_self\" rel=\"bookmark noopener noreferrer\" class=\"uagb-image-ratio-2-3\"><img loading=\"lazy\" decoding=\"async\" width=\"768\" height=\"512\" src=\"https:\/\/badania.uew.pl\/wp-content\/uploads\/sites\/23\/2026\/03\/Tydzien-z-ekspertami-UEW.-Komentarze-projekty-i-sukcesy-\u2013-przeglad-najwazniejszych-aktywnosci-768x512.jpg\" class=\"attachment-medium_large size-medium_large\" alt=\"Week with WUEB experts. Commentary, projects and achievements \u2013 a review of key activities\" srcset=\"https:\/\/badania.uew.pl\/wp-content\/uploads\/sites\/23\/2026\/03\/Tydzien-z-ekspertami-UEW.-Komentarze-projekty-i-sukcesy-\u2013-przeglad-najwazniejszych-aktywnosci-768x512.jpg 768w, https:\/\/badania.uew.pl\/wp-content\/uploads\/sites\/23\/2026\/03\/Tydzien-z-ekspertami-UEW.-Komentarze-projekty-i-sukcesy-\u2013-przeglad-najwazniejszych-aktywnosci-300x200.jpg 300w, https:\/\/badania.uew.pl\/wp-content\/uploads\/sites\/23\/2026\/03\/Tydzien-z-ekspertami-UEW.-Komentarze-projekty-i-sukcesy-\u2013-przeglad-najwazniejszych-aktywnosci-1024x683.jpg 1024w, https:\/\/badania.uew.pl\/wp-content\/uploads\/sites\/23\/2026\/03\/Tydzien-z-ekspertami-UEW.-Komentarze-projekty-i-sukcesy-\u2013-przeglad-najwazniejszych-aktywnosci-391x260.jpg 391w, https:\/\/badania.uew.pl\/wp-content\/uploads\/sites\/23\/2026\/03\/Tydzien-z-ekspertami-UEW.-Komentarze-projekty-i-sukcesy-\u2013-przeglad-najwazniejszych-aktywnosci-1536x1024.jpg 1536w, https:\/\/badania.uew.pl\/wp-content\/uploads\/sites\/23\/2026\/03\/Tydzien-z-ekspertami-UEW.-Komentarze-projekty-i-sukcesy-\u2013-przeglad-najwazniejszych-aktywnosci.jpg 1920w\" sizes=\"auto, (max-width: 768px) 100vw, 768px\" \/>\t\t\t\t\t<\/a>\n\t\t\t\t\t\t\t<\/div>\n\t\t\t\t\t\t<h3 class=\"uagb-post__title uagb-post__text\">\n\t\t\t\t<a href=\"https:\/\/badania.uew.pl\/en\/wueb-experts-weekly-review-research-projects-and-academic-successes-10-16-august-2026\/\" target=\"_self\" rel=\"bookmark noopener noreferrer\">WUEB Experts Weekly Review. Research, Projects and Academic Successes (10\u201316 August 2026)<\/a>\n\t\t\t<\/h3>\n\t\t\t\t\t\t<div class='uagb-post__text uagb-post-grid-byline'>\n\t\t\t\t\t\t\t<\/div>\n\t\t\t\n\t\t\t\t\t\t\t\t\t<\/article>\n\t\t\t\t\t\t\t\t\t\t\t\t\t\t\t\t<article class=\"uagb-post__inner-wrap\">\t\t\t\t\t\t\t\t<div class='uagb-post__image'>\n\t\t\t\t\t\t\t\t\t<a href=\"https:\/\/badania.uew.pl\/en\/wueb-experts-weekly-review-research-projects-and-academic-successes-3-9-august-2026\/\" target=\"_self\" rel=\"bookmark noopener noreferrer\" class=\"uagb-image-ratio-2-3\"><img loading=\"lazy\" decoding=\"async\" width=\"768\" height=\"512\" src=\"https:\/\/badania.uew.pl\/wp-content\/uploads\/sites\/23\/2026\/03\/Tydzien-z-ekspertami-UEW.-Komentarze-projekty-i-sukcesy-\u2013-przeglad-najwazniejszych-aktywnosci-768x512.jpg\" class=\"attachment-medium_large size-medium_large\" alt=\"Week with WUEB experts. Commentary, projects and achievements \u2013 a review of key activities\" srcset=\"https:\/\/badania.uew.pl\/wp-content\/uploads\/sites\/23\/2026\/03\/Tydzien-z-ekspertami-UEW.-Komentarze-projekty-i-sukcesy-\u2013-przeglad-najwazniejszych-aktywnosci-768x512.jpg 768w, https:\/\/badania.uew.pl\/wp-content\/uploads\/sites\/23\/2026\/03\/Tydzien-z-ekspertami-UEW.-Komentarze-projekty-i-sukcesy-\u2013-przeglad-najwazniejszych-aktywnosci-300x200.jpg 300w, https:\/\/badania.uew.pl\/wp-content\/uploads\/sites\/23\/2026\/03\/Tydzien-z-ekspertami-UEW.-Komentarze-projekty-i-sukcesy-\u2013-przeglad-najwazniejszych-aktywnosci-1024x683.jpg 1024w, https:\/\/badania.uew.pl\/wp-content\/uploads\/sites\/23\/2026\/03\/Tydzien-z-ekspertami-UEW.-Komentarze-projekty-i-sukcesy-\u2013-przeglad-najwazniejszych-aktywnosci-391x260.jpg 391w, https:\/\/badania.uew.pl\/wp-content\/uploads\/sites\/23\/2026\/03\/Tydzien-z-ekspertami-UEW.-Komentarze-projekty-i-sukcesy-\u2013-przeglad-najwazniejszych-aktywnosci-1536x1024.jpg 1536w, https:\/\/badania.uew.pl\/wp-content\/uploads\/sites\/23\/2026\/03\/Tydzien-z-ekspertami-UEW.-Komentarze-projekty-i-sukcesy-\u2013-przeglad-najwazniejszych-aktywnosci.jpg 1920w\" sizes=\"auto, (max-width: 768px) 100vw, 768px\" \/>\t\t\t\t\t<\/a>\n\t\t\t\t\t\t\t<\/div>\n\t\t\t\t\t\t<h3 class=\"uagb-post__title uagb-post__text\">\n\t\t\t\t<a href=\"https:\/\/badania.uew.pl\/en\/wueb-experts-weekly-review-research-projects-and-academic-successes-3-9-august-2026\/\" target=\"_self\" rel=\"bookmark noopener noreferrer\">WUEB Experts Weekly Review: Research, Projects and Academic Successes (3\u20139 August 2026)<\/a>\n\t\t\t<\/h3>\n\t\t\t\t\t\t<div class='uagb-post__text uagb-post-grid-byline'>\n\t\t\t\t\t\t\t<\/div>\n\t\t\t\n\t\t\t\t\t\t\t\t\t<\/article>\n\t\t\t\t\t\t\t\t\t\t\t<\/div>\n\t\t\t<\/div>\n<\/div>\n\n\n\n<div class=\"wp-block-columns news-four-column is-layout-flex wp-container-core-columns-is-layout-3534481f wp-block-columns-is-layout-flex\" style=\"margin-top:0;margin-bottom:0;padding-top:var(--wp--preset--spacing--80);padding-bottom:var(--wp--preset--spacing--80)\">\n<div class=\"wp-block-column is-layout-flow wp-block-column-is-layout-flow\">\n<h2 class=\"wp-block-heading has-text-align-center\" style=\"margin-bottom:var(--wp--preset--spacing--60)\">See also<\/h2>\n\n\n\n\t\t\t<div class=\"wp-block-uagb-post-grid uagb-post-grid  uagb-post__image-position-top uagb-post__image-enabled uagb-block-1ff73c89     uagb-post__items uagb-post__columns-4 is-grid uagb-post__columns-tablet-2 uagb-post__columns-mobile-1 uagb-post__equal-height\" data-total=\"28\" style=\"\">\n\n\t\t\t\t\t\t\t\t\t\t\t\t<article class=\"uagb-post__inner-wrap\">\t\t\t\t\t\t\t\t<div class='uagb-post__image'>\n\t\t\t\t\t\t\t\t\t<a href=\"https:\/\/badania.uew.pl\/en\/what-comes-after-a-phd-dr-milena-kowalska-at-the-economic-forum-in-karpacz\/\" target=\"_self\" rel=\"bookmark noopener noreferrer\" class=\"uagb-image-ratio-2-3\"><img loading=\"lazy\" decoding=\"async\" width=\"768\" height=\"512\" src=\"https:\/\/badania.uew.pl\/wp-content\/uploads\/sites\/23\/2026\/09\/Milena-Kowalska-w-zespole-doradczym-Ministra-Nauki-i-Szkolnictwa-Wyzszego-eng-768x512.png\" class=\"attachment-medium_large size-medium_large\" alt=\"Dr Milena Kowalska with the text: \u201cDr Milena Kowalska at the NAWA panel during the 2026 Economic Forum in Karpacz.\u201d\" srcset=\"https:\/\/badania.uew.pl\/wp-content\/uploads\/sites\/23\/2026\/09\/Milena-Kowalska-w-zespole-doradczym-Ministra-Nauki-i-Szkolnictwa-Wyzszego-eng-768x512.png 768w, https:\/\/badania.uew.pl\/wp-content\/uploads\/sites\/23\/2026\/09\/Milena-Kowalska-w-zespole-doradczym-Ministra-Nauki-i-Szkolnictwa-Wyzszego-eng-300x200.png 300w, https:\/\/badania.uew.pl\/wp-content\/uploads\/sites\/23\/2026\/09\/Milena-Kowalska-w-zespole-doradczym-Ministra-Nauki-i-Szkolnictwa-Wyzszego-eng-1024x683.png 1024w, https:\/\/badania.uew.pl\/wp-content\/uploads\/sites\/23\/2026\/09\/Milena-Kowalska-w-zespole-doradczym-Ministra-Nauki-i-Szkolnictwa-Wyzszego-eng-391x260.png 391w, https:\/\/badania.uew.pl\/wp-content\/uploads\/sites\/23\/2026\/09\/Milena-Kowalska-w-zespole-doradczym-Ministra-Nauki-i-Szkolnictwa-Wyzszego-eng-1536x1024.png 1536w, https:\/\/badania.uew.pl\/wp-content\/uploads\/sites\/23\/2026\/09\/Milena-Kowalska-w-zespole-doradczym-Ministra-Nauki-i-Szkolnictwa-Wyzszego-eng.png 1920w\" sizes=\"auto, (max-width: 768px) 100vw, 768px\" \/>\t\t\t\t\t<\/a>\n\t\t\t\t\t\t\t<\/div>\n\t\t\t\t\t\t<h3 class=\"uagb-post__title uagb-post__text\">\n\t\t\t\t<a href=\"https:\/\/badania.uew.pl\/en\/what-comes-after-a-phd-dr-milena-kowalska-at-the-economic-forum-in-karpacz\/\" target=\"_self\" rel=\"bookmark noopener noreferrer\">What comes after a PhD? Dr Milena Kowalska at the Economic Forum in\u00a0Karpacz\u00a0<\/a>\n\t\t\t<\/h3>\n\t\t\t\t\t\t<div class='uagb-post__text uagb-post-grid-byline'>\n\t\t\t\t\t\t\t<\/div>\n\t\t\t\n\t\t\t\t\t\t\t\t\t<\/article>\n\t\t\t\t\t\t\t\t\t\t\t\t\t\t\t\t<article class=\"uagb-post__inner-wrap\">\t\t\t\t\t\t\t\t<div class='uagb-post__image'>\n\t\t\t\t\t\t\t\t\t<a href=\"https:\/\/badania.uew.pl\/en\/bridging-v4-universities-and-business-through-design-thinking\/\" target=\"_self\" rel=\"bookmark noopener noreferrer\" class=\"uagb-image-ratio-2-3\"><img loading=\"lazy\" decoding=\"async\" width=\"768\" height=\"512\" src=\"https:\/\/badania.uew.pl\/wp-content\/uploads\/sites\/23\/2026\/09\/Bridging-V4-Universities-and-Business-through-Design-Thinking-1-768x512.png\" class=\"attachment-medium_large size-medium_large\" alt=\"A project exploring how universities can use Design Thinking to develop skills that are valuable at the start of a career.\" srcset=\"https:\/\/badania.uew.pl\/wp-content\/uploads\/sites\/23\/2026\/09\/Bridging-V4-Universities-and-Business-through-Design-Thinking-1-768x512.png 768w, https:\/\/badania.uew.pl\/wp-content\/uploads\/sites\/23\/2026\/09\/Bridging-V4-Universities-and-Business-through-Design-Thinking-1-300x200.png 300w, https:\/\/badania.uew.pl\/wp-content\/uploads\/sites\/23\/2026\/09\/Bridging-V4-Universities-and-Business-through-Design-Thinking-1-1024x683.png 1024w, https:\/\/badania.uew.pl\/wp-content\/uploads\/sites\/23\/2026\/09\/Bridging-V4-Universities-and-Business-through-Design-Thinking-1-391x260.png 391w, https:\/\/badania.uew.pl\/wp-content\/uploads\/sites\/23\/2026\/09\/Bridging-V4-Universities-and-Business-through-Design-Thinking-1-1536x1024.png 1536w, https:\/\/badania.uew.pl\/wp-content\/uploads\/sites\/23\/2026\/09\/Bridging-V4-Universities-and-Business-through-Design-Thinking-1.png 1920w\" sizes=\"auto, (max-width: 768px) 100vw, 768px\" \/>\t\t\t\t\t<\/a>\n\t\t\t\t\t\t\t<\/div>\n\t\t\t\t\t\t<h3 class=\"uagb-post__title uagb-post__text\">\n\t\t\t\t<a href=\"https:\/\/badania.uew.pl\/en\/bridging-v4-universities-and-business-through-design-thinking\/\" target=\"_self\" rel=\"bookmark noopener noreferrer\">Bridging V4 Universities and Business through Design Thinking\u00a0<\/a>\n\t\t\t<\/h3>\n\t\t\t\t\t\t<div class='uagb-post__text uagb-post-grid-byline'>\n\t\t\t\t\t\t\t<\/div>\n\t\t\t\n\t\t\t\t\t\t\t\t\t<\/article>\n\t\t\t\t\t\t\t\t\t\t\t\t\t\t\t\t<article class=\"uagb-post__inner-wrap\">\t\t\t\t\t\t\t\t<div class='uagb-post__image'>\n\t\t\t\t\t\t\t\t\t<a href=\"https:\/\/badania.uew.pl\/en\/wueb-experts-weekly-review-research-projects-and-academic-successes-24-30-august-2026\/\" target=\"_self\" rel=\"bookmark noopener noreferrer\" class=\"uagb-image-ratio-2-3\"><img loading=\"lazy\" decoding=\"async\" width=\"768\" height=\"512\" src=\"https:\/\/badania.uew.pl\/wp-content\/uploads\/sites\/23\/2026\/03\/Tydzien-z-ekspertami-UEW.-Komentarze-projekty-i-sukcesy-\u2013-przeglad-najwazniejszych-aktywnosci-768x512.jpg\" class=\"attachment-medium_large size-medium_large\" alt=\"Week with WUEB experts. Commentary, projects and achievements \u2013 a review of key activities\" srcset=\"https:\/\/badania.uew.pl\/wp-content\/uploads\/sites\/23\/2026\/03\/Tydzien-z-ekspertami-UEW.-Komentarze-projekty-i-sukcesy-\u2013-przeglad-najwazniejszych-aktywnosci-768x512.jpg 768w, https:\/\/badania.uew.pl\/wp-content\/uploads\/sites\/23\/2026\/03\/Tydzien-z-ekspertami-UEW.-Komentarze-projekty-i-sukcesy-\u2013-przeglad-najwazniejszych-aktywnosci-300x200.jpg 300w, https:\/\/badania.uew.pl\/wp-content\/uploads\/sites\/23\/2026\/03\/Tydzien-z-ekspertami-UEW.-Komentarze-projekty-i-sukcesy-\u2013-przeglad-najwazniejszych-aktywnosci-1024x683.jpg 1024w, https:\/\/badania.uew.pl\/wp-content\/uploads\/sites\/23\/2026\/03\/Tydzien-z-ekspertami-UEW.-Komentarze-projekty-i-sukcesy-\u2013-przeglad-najwazniejszych-aktywnosci-391x260.jpg 391w, https:\/\/badania.uew.pl\/wp-content\/uploads\/sites\/23\/2026\/03\/Tydzien-z-ekspertami-UEW.-Komentarze-projekty-i-sukcesy-\u2013-przeglad-najwazniejszych-aktywnosci-1536x1024.jpg 1536w, https:\/\/badania.uew.pl\/wp-content\/uploads\/sites\/23\/2026\/03\/Tydzien-z-ekspertami-UEW.-Komentarze-projekty-i-sukcesy-\u2013-przeglad-najwazniejszych-aktywnosci.jpg 1920w\" sizes=\"auto, (max-width: 768px) 100vw, 768px\" \/>\t\t\t\t\t<\/a>\n\t\t\t\t\t\t\t<\/div>\n\t\t\t\t\t\t<h3 class=\"uagb-post__title uagb-post__text\">\n\t\t\t\t<a href=\"https:\/\/badania.uew.pl\/en\/wueb-experts-weekly-review-research-projects-and-academic-successes-24-30-august-2026\/\" target=\"_self\" rel=\"bookmark noopener noreferrer\">WUEB Experts Weekly Review. Research, Projects and Academic Successes (24 &#8211; 30 August 2026)<\/a>\n\t\t\t<\/h3>\n\t\t\t\t\t\t<div class='uagb-post__text uagb-post-grid-byline'>\n\t\t\t\t\t\t\t<\/div>\n\t\t\t\n\t\t\t\t\t\t\t\t\t<\/article>\n\t\t\t\t\t\t\t\t\t\t\t\t\t\t\t\t<article class=\"uagb-post__inner-wrap\">\t\t\t\t\t\t\t\t<div class='uagb-post__image'>\n\t\t\t\t\t\t\t\t\t<a href=\"https:\/\/badania.uew.pl\/en\/visual-simulation-of-business-processes-wspb-joins-the-polish-roadmap-for-research-infrastructures\/\" target=\"_self\" rel=\"bookmark noopener noreferrer\" class=\"uagb-image-ratio-2-3\"><img loading=\"lazy\" decoding=\"async\" width=\"768\" height=\"512\" src=\"https:\/\/badania.uew.pl\/wp-content\/uploads\/sites\/23\/2026\/08\/Wizualna-symulacja-procesow-biznesowych-UEW-eng-768x512.png\" class=\"attachment-medium_large size-medium_large\" alt=\"Visual Simulation of Business Processes (WSPB) joins the Polish Roadmap for Research Infrastructures\" srcset=\"https:\/\/badania.uew.pl\/wp-content\/uploads\/sites\/23\/2026\/08\/Wizualna-symulacja-procesow-biznesowych-UEW-eng-768x512.png 768w, https:\/\/badania.uew.pl\/wp-content\/uploads\/sites\/23\/2026\/08\/Wizualna-symulacja-procesow-biznesowych-UEW-eng-300x200.png 300w, https:\/\/badania.uew.pl\/wp-content\/uploads\/sites\/23\/2026\/08\/Wizualna-symulacja-procesow-biznesowych-UEW-eng-1024x683.png 1024w, https:\/\/badania.uew.pl\/wp-content\/uploads\/sites\/23\/2026\/08\/Wizualna-symulacja-procesow-biznesowych-UEW-eng-391x260.png 391w, https:\/\/badania.uew.pl\/wp-content\/uploads\/sites\/23\/2026\/08\/Wizualna-symulacja-procesow-biznesowych-UEW-eng-1536x1024.png 1536w, https:\/\/badania.uew.pl\/wp-content\/uploads\/sites\/23\/2026\/08\/Wizualna-symulacja-procesow-biznesowych-UEW-eng.png 1920w\" sizes=\"auto, (max-width: 768px) 100vw, 768px\" \/>\t\t\t\t\t<\/a>\n\t\t\t\t\t\t\t<\/div>\n\t\t\t\t\t\t<h3 class=\"uagb-post__title uagb-post__text\">\n\t\t\t\t<a href=\"https:\/\/badania.uew.pl\/en\/visual-simulation-of-business-processes-wspb-joins-the-polish-roadmap-for-research-infrastructures\/\" target=\"_self\" rel=\"bookmark noopener noreferrer\">Visual Simulation of Business Processes (WSPB) joins the Polish Roadmap for Research Infrastructures<\/a>\n\t\t\t<\/h3>\n\t\t\t\t\t\t<div class='uagb-post__text uagb-post-grid-byline'>\n\t\t\t\t\t\t\t<\/div>\n\t\t\t\n\t\t\t\t\t\t\t\t\t<\/article>\n\t\t\t\t\t\t\t\t\t\t\t\t\t\t\t\t<article class=\"uagb-post__inner-wrap\">\t\t\t\t\t\t\t\t<div class='uagb-post__image'>\n\t\t\t\t\t\t\t\t\t<a href=\"https:\/\/badania.uew.pl\/en\/wueb-experts-weekly-rewiev-research-projects-and-academic-successes-17-23-august-2026\/\" target=\"_self\" rel=\"bookmark noopener noreferrer\" class=\"uagb-image-ratio-2-3\"><img loading=\"lazy\" decoding=\"async\" width=\"768\" height=\"512\" src=\"https:\/\/badania.uew.pl\/wp-content\/uploads\/sites\/23\/2026\/03\/Tydzien-z-ekspertami-UEW.-Komentarze-projekty-i-sukcesy-\u2013-przeglad-najwazniejszych-aktywnosci-768x512.jpg\" class=\"attachment-medium_large size-medium_large\" alt=\"Week with WUEB experts. Commentary, projects and achievements \u2013 a review of key activities\" srcset=\"https:\/\/badania.uew.pl\/wp-content\/uploads\/sites\/23\/2026\/03\/Tydzien-z-ekspertami-UEW.-Komentarze-projekty-i-sukcesy-\u2013-przeglad-najwazniejszych-aktywnosci-768x512.jpg 768w, https:\/\/badania.uew.pl\/wp-content\/uploads\/sites\/23\/2026\/03\/Tydzien-z-ekspertami-UEW.-Komentarze-projekty-i-sukcesy-\u2013-przeglad-najwazniejszych-aktywnosci-300x200.jpg 300w, https:\/\/badania.uew.pl\/wp-content\/uploads\/sites\/23\/2026\/03\/Tydzien-z-ekspertami-UEW.-Komentarze-projekty-i-sukcesy-\u2013-przeglad-najwazniejszych-aktywnosci-1024x683.jpg 1024w, https:\/\/badania.uew.pl\/wp-content\/uploads\/sites\/23\/2026\/03\/Tydzien-z-ekspertami-UEW.-Komentarze-projekty-i-sukcesy-\u2013-przeglad-najwazniejszych-aktywnosci-391x260.jpg 391w, https:\/\/badania.uew.pl\/wp-content\/uploads\/sites\/23\/2026\/03\/Tydzien-z-ekspertami-UEW.-Komentarze-projekty-i-sukcesy-\u2013-przeglad-najwazniejszych-aktywnosci-1536x1024.jpg 1536w, https:\/\/badania.uew.pl\/wp-content\/uploads\/sites\/23\/2026\/03\/Tydzien-z-ekspertami-UEW.-Komentarze-projekty-i-sukcesy-\u2013-przeglad-najwazniejszych-aktywnosci.jpg 1920w\" sizes=\"auto, (max-width: 768px) 100vw, 768px\" \/>\t\t\t\t\t<\/a>\n\t\t\t\t\t\t\t<\/div>\n\t\t\t\t\t\t<h3 class=\"uagb-post__title uagb-post__text\">\n\t\t\t\t<a href=\"https:\/\/badania.uew.pl\/en\/wueb-experts-weekly-rewiev-research-projects-and-academic-successes-17-23-august-2026\/\" target=\"_self\" rel=\"bookmark noopener noreferrer\">\u00a0WUEB experts weekly rewiev. Research, Projects and Academic Successes (17\u201323 August 2026)<\/a>\n\t\t\t<\/h3>\n\t\t\t\t\t\t<div class='uagb-post__text uagb-post-grid-byline'>\n\t\t\t\t\t\t\t<\/div>\n\t\t\t\n\t\t\t\t\t\t\t\t\t<\/article>\n\t\t\t\t\t\t\t\t\t\t\t\t\t\t\t\t<article class=\"uagb-post__inner-wrap\">\t\t\t\t\t\t\t\t<div class='uagb-post__image'>\n\t\t\t\t\t\t\t\t\t<a href=\"https:\/\/badania.uew.pl\/en\/wueb-awarded-visegrad-grant-to-study-the-skills-gap-across-the-v4\/\" target=\"_self\" rel=\"bookmark noopener noreferrer\" class=\"uagb-image-ratio-2-3\"><img loading=\"lazy\" decoding=\"async\" width=\"768\" height=\"512\" src=\"https:\/\/badania.uew.pl\/wp-content\/uploads\/sites\/23\/2026\/08\/Aktualnosci-3-768x512.png\" class=\"attachment-medium_large size-medium_large\" alt=\"The graphic features portraits of the WUEB team delivering the \u2018Bridging V4 Universities and Business through Design Thinking\u2019 project: mgr Paulina Graczyk, mgr Kamila \u0141uczak and mgr Maciej Krahel. The project has received funding from the International Visegrad Fund.\" srcset=\"https:\/\/badania.uew.pl\/wp-content\/uploads\/sites\/23\/2026\/08\/Aktualnosci-3-768x512.png 768w, https:\/\/badania.uew.pl\/wp-content\/uploads\/sites\/23\/2026\/08\/Aktualnosci-3-300x200.png 300w, https:\/\/badania.uew.pl\/wp-content\/uploads\/sites\/23\/2026\/08\/Aktualnosci-3-1024x683.png 1024w, https:\/\/badania.uew.pl\/wp-content\/uploads\/sites\/23\/2026\/08\/Aktualnosci-3-391x260.png 391w, https:\/\/badania.uew.pl\/wp-content\/uploads\/sites\/23\/2026\/08\/Aktualnosci-3-1536x1024.png 1536w, https:\/\/badania.uew.pl\/wp-content\/uploads\/sites\/23\/2026\/08\/Aktualnosci-3.png 1920w\" sizes=\"auto, (max-width: 768px) 100vw, 768px\" \/>\t\t\t\t\t<\/a>\n\t\t\t\t\t\t\t<\/div>\n\t\t\t\t\t\t<h3 class=\"uagb-post__title uagb-post__text\">\n\t\t\t\t<a href=\"https:\/\/badania.uew.pl\/en\/wueb-awarded-visegrad-grant-to-study-the-skills-gap-across-the-v4\/\" target=\"_self\" rel=\"bookmark noopener noreferrer\">WUEB awarded Visegrad grant to study the skills gap across the V4<\/a>\n\t\t\t<\/h3>\n\t\t\t\t\t\t<div class='uagb-post__text uagb-post-grid-byline'>\n\t\t\t\t\t\t\t<\/div>\n\t\t\t\n\t\t\t\t\t\t\t\t\t<\/article>\n\t\t\t\t\t\t\t\t\t\t\t\t\t\t\t\t<article class=\"uagb-post__inner-wrap\">\t\t\t\t\t\t\t\t<div class='uagb-post__image'>\n\t\t\t\t\t\t\t\t\t<a href=\"https:\/\/badania.uew.pl\/en\/prof-malgorzata-krzywonos-joins-the-management-committee-of-cost-action-brasschi\/\" target=\"_self\" rel=\"bookmark noopener noreferrer\" class=\"uagb-image-ratio-2-3\"><img loading=\"lazy\" decoding=\"async\" width=\"768\" height=\"512\" src=\"https:\/\/badania.uew.pl\/wp-content\/uploads\/sites\/23\/2026\/08\/Prof-Malgorzata-Krzywonos-joins-the-Management-Committee-of-COST-Action-BRASSCHI-768x512.jpg\" class=\"attachment-medium_large size-medium_large\" alt=\"\" srcset=\"https:\/\/badania.uew.pl\/wp-content\/uploads\/sites\/23\/2026\/08\/Prof-Malgorzata-Krzywonos-joins-the-Management-Committee-of-COST-Action-BRASSCHI-768x512.jpg 768w, https:\/\/badania.uew.pl\/wp-content\/uploads\/sites\/23\/2026\/08\/Prof-Malgorzata-Krzywonos-joins-the-Management-Committee-of-COST-Action-BRASSCHI-300x200.jpg 300w, https:\/\/badania.uew.pl\/wp-content\/uploads\/sites\/23\/2026\/08\/Prof-Malgorzata-Krzywonos-joins-the-Management-Committee-of-COST-Action-BRASSCHI-1024x683.jpg 1024w, https:\/\/badania.uew.pl\/wp-content\/uploads\/sites\/23\/2026\/08\/Prof-Malgorzata-Krzywonos-joins-the-Management-Committee-of-COST-Action-BRASSCHI-391x260.jpg 391w, https:\/\/badania.uew.pl\/wp-content\/uploads\/sites\/23\/2026\/08\/Prof-Malgorzata-Krzywonos-joins-the-Management-Committee-of-COST-Action-BRASSCHI-1536x1024.jpg 1536w, https:\/\/badania.uew.pl\/wp-content\/uploads\/sites\/23\/2026\/08\/Prof-Malgorzata-Krzywonos-joins-the-Management-Committee-of-COST-Action-BRASSCHI.jpg 1920w\" sizes=\"auto, (max-width: 768px) 100vw, 768px\" \/>\t\t\t\t\t<\/a>\n\t\t\t\t\t\t\t<\/div>\n\t\t\t\t\t\t<h3 class=\"uagb-post__title uagb-post__text\">\n\t\t\t\t<a href=\"https:\/\/badania.uew.pl\/en\/prof-malgorzata-krzywonos-joins-the-management-committee-of-cost-action-brasschi\/\" target=\"_self\" rel=\"bookmark noopener noreferrer\">Prof Ma\u0142gorzata Krzywonos joins the Management Committee of COST Action BRASSCHI<\/a>\n\t\t\t<\/h3>\n\t\t\t\t\t\t<div class='uagb-post__text uagb-post-grid-byline'>\n\t\t\t\t\t\t\t<\/div>\n\t\t\t\n\t\t\t\t\t\t\t\t\t<\/article>\n\t\t\t\t\t\t\t\t\t\t\t\t\t\t\t\t<article class=\"uagb-post__inner-wrap\">\t\t\t\t\t\t\t\t<div class='uagb-post__image'>\n\t\t\t\t\t\t\t\t\t<a href=\"https:\/\/badania.uew.pl\/en\/wueb-joins-discussions-on-teema-technology-park-in-miekinia\/\" target=\"_self\" rel=\"bookmark noopener noreferrer\" class=\"uagb-image-ratio-2-3\"><img loading=\"lazy\" decoding=\"async\" width=\"768\" height=\"512\" src=\"https:\/\/badania.uew.pl\/wp-content\/uploads\/sites\/23\/2026\/08\/UEW-w-rozmowach-o-TEEMA-Technology-Park-w-Miekini-768x512.jpg\" class=\"attachment-medium_large size-medium_large\" alt=\"Zdj\u0119cie z rozm\u00f3w. Ludzie siedz\u0105cy przy stole. W tle dziennikarze. W\u015br\u00f3d siedz\u0105cych A\u0142\u0142a Witwicka-Dudek oraz Krzysztof Piontek.\" srcset=\"https:\/\/badania.uew.pl\/wp-content\/uploads\/sites\/23\/2026\/08\/UEW-w-rozmowach-o-TEEMA-Technology-Park-w-Miekini-768x512.jpg 768w, https:\/\/badania.uew.pl\/wp-content\/uploads\/sites\/23\/2026\/08\/UEW-w-rozmowach-o-TEEMA-Technology-Park-w-Miekini-300x200.jpg 300w, https:\/\/badania.uew.pl\/wp-content\/uploads\/sites\/23\/2026\/08\/UEW-w-rozmowach-o-TEEMA-Technology-Park-w-Miekini-1024x683.jpg 1024w, https:\/\/badania.uew.pl\/wp-content\/uploads\/sites\/23\/2026\/08\/UEW-w-rozmowach-o-TEEMA-Technology-Park-w-Miekini-391x260.jpg 391w, https:\/\/badania.uew.pl\/wp-content\/uploads\/sites\/23\/2026\/08\/UEW-w-rozmowach-o-TEEMA-Technology-Park-w-Miekini-1536x1024.jpg 1536w, https:\/\/badania.uew.pl\/wp-content\/uploads\/sites\/23\/2026\/08\/UEW-w-rozmowach-o-TEEMA-Technology-Park-w-Miekini.jpg 1920w\" sizes=\"auto, (max-width: 768px) 100vw, 768px\" \/>\t\t\t\t\t<\/a>\n\t\t\t\t\t\t\t<\/div>\n\t\t\t\t\t\t<h3 class=\"uagb-post__title uagb-post__text\">\n\t\t\t\t<a href=\"https:\/\/badania.uew.pl\/en\/wueb-joins-discussions-on-teema-technology-park-in-miekinia\/\" target=\"_self\" rel=\"bookmark noopener noreferrer\">WUEB joins discussions on TEEMA Technology Park in Mi\u0119kinia<\/a>\n\t\t\t<\/h3>\n\t\t\t\t\t\t<div class='uagb-post__text uagb-post-grid-byline'>\n\t\t\t\t\t\t\t<\/div>\n\t\t\t\n\t\t\t\t\t\t\t\t\t<\/article>\n\t\t\t\t\t\t\t\t\t\t\t<\/div>\n\t\t\t<\/div>\n<\/div>\n","protected":false},"excerpt":{"rendered":"<p>In discussions about the negotiated EU\u2013India trade agreement, the narrative [&hellip;]<\/p>\n","protected":false},"author":80,"featured_media":44997,"comment_status":"closed","ping_status":"closed","sticky":false,"template":"","format":"standard","meta":{"_acf_changed":false,"inline_featured_image":false,"_uag_custom_page_level_css":"","site-sidebar-layout":"default","site-content-layout":"","ast-site-content-layout":"default","site-content-style":"default","site-sidebar-style":"default","ast-global-header-display":"","ast-banner-title-visibility":"","ast-main-header-display":"","ast-hfb-above-header-display":"","ast-hfb-below-header-display":"","ast-hfb-mobile-header-display":"","site-post-title":"","ast-breadcrumbs-content":"","ast-featured-img":"","footer-sml-layout":"","ast-disable-related-posts":"","theme-transparent-header-meta":"","adv-header-id-meta":"","stick-header-meta":"","header-above-stick-meta":"","header-main-stick-meta":"","header-below-stick-meta":"","astra-migrate-meta-layouts":"set","ast-page-background-enabled":"default","ast-page-background-meta":{"desktop":{"background-color":"var(--ast-global-color-4)","background-image":"","background-repeat":"repeat","background-position":"center center","background-size":"auto","background-attachment":"scroll","background-type":"","background-media":"","overlay-type":"","overlay-color":"","overlay-opacity":"","overlay-gradient":""},"tablet":{"background-color":"","background-image":"","background-repeat":"repeat","background-position":"center center","background-size":"auto","background-attachment":"scroll","background-type":"","background-media":"","overlay-type":"","overlay-color":"","overlay-opacity":"","overlay-gradient":""},"mobile":{"background-color":"","background-image":"","background-repeat":"repeat","background-position":"center center","background-size":"auto","background-attachment":"scroll","background-type":"","background-media":"","overlay-type":"","overlay-color":"","overlay-opacity":"","overlay-gradient":""}},"ast-content-background-meta":{"desktop":{"background-color":"var(--ast-global-color-5)","background-image":"","background-repeat":"repeat","background-position":"center center","background-size":"auto","background-attachment":"scroll","background-type":"","background-media":"","overlay-type":"","overlay-color":"","overlay-opacity":"","overlay-gradient":""},"tablet":{"background-color":"var(--ast-global-color-5)","background-image":"","background-repeat":"repeat","background-position":"center center","background-size":"auto","background-attachment":"scroll","background-type":"","background-media":"","overlay-type":"","overlay-color":"","overlay-opacity":"","overlay-gradient":""},"mobile":{"background-color":"var(--ast-global-color-5)","background-image":"","background-repeat":"repeat","background-position":"center center","background-size":"auto","background-attachment":"scroll","background-type":"","background-media":"","overlay-type":"","overlay-color":"","overlay-opacity":"","overlay-gradient":""}},"footnotes":""},"categories":[330],"tags":[],"class_list":["post-45006","post","type-post","status-publish","format-standard","has-post-thumbnail","hentry","category-media-en"],"acf":[],"featured_image_src":"https:\/\/badania.uew.pl\/wp-content\/uploads\/sites\/23\/2026\/02\/Relacje-UE\u2013Indie-w-cieniu-ryzyk-sankcyjnych.jpg","author_info":{"display_name":"kkanoniak","author_link":"https:\/\/badania.uew.pl\/en\/author\/kkanoniak\/"},"uagb_featured_image_src":{"full":["https:\/\/badania.uew.pl\/wp-content\/uploads\/sites\/23\/2026\/02\/Relacje-UE\u2013Indie-w-cieniu-ryzyk-sankcyjnych.jpg",1920,1280,false],"thumbnail":["https:\/\/badania.uew.pl\/wp-content\/uploads\/sites\/23\/2026\/02\/Relacje-UE\u2013Indie-w-cieniu-ryzyk-sankcyjnych-150x150.jpg",150,150,true],"medium":["https:\/\/badania.uew.pl\/wp-content\/uploads\/sites\/23\/2026\/02\/Relacje-UE\u2013Indie-w-cieniu-ryzyk-sankcyjnych-300x200.jpg",300,200,true],"medium_large":["https:\/\/badania.uew.pl\/wp-content\/uploads\/sites\/23\/2026\/02\/Relacje-UE\u2013Indie-w-cieniu-ryzyk-sankcyjnych-768x512.jpg",768,512,true],"large":["https:\/\/badania.uew.pl\/wp-content\/uploads\/sites\/23\/2026\/02\/Relacje-UE\u2013Indie-w-cieniu-ryzyk-sankcyjnych-1024x683.jpg",1024,683,true],"thumblist":["https:\/\/badania.uew.pl\/wp-content\/uploads\/sites\/23\/2026\/02\/Relacje-UE\u2013Indie-w-cieniu-ryzyk-sankcyjnych-300x300.jpg",300,300,true],"thumbrelated":["https:\/\/badania.uew.pl\/wp-content\/uploads\/sites\/23\/2026\/02\/Relacje-UE\u2013Indie-w-cieniu-ryzyk-sankcyjnych-500x500.jpg",500,500,true],"meccarouselthumb":["https:\/\/badania.uew.pl\/wp-content\/uploads\/sites\/23\/2026\/02\/Relacje-UE\u2013Indie-w-cieniu-ryzyk-sankcyjnych-474x324.jpg",474,324,true],"gridsquare":["https:\/\/badania.uew.pl\/wp-content\/uploads\/sites\/23\/2026\/02\/Relacje-UE\u2013Indie-w-cieniu-ryzyk-sankcyjnych-391x260.jpg",391,260,true],"tileview":["https:\/\/badania.uew.pl\/wp-content\/uploads\/sites\/23\/2026\/02\/Relacje-UE\u2013Indie-w-cieniu-ryzyk-sankcyjnych-300x400.jpg",300,400,true],"1536x1536":["https:\/\/badania.uew.pl\/wp-content\/uploads\/sites\/23\/2026\/02\/Relacje-UE\u2013Indie-w-cieniu-ryzyk-sankcyjnych-1536x1024.jpg",1536,1024,true],"2048x2048":["https:\/\/badania.uew.pl\/wp-content\/uploads\/sites\/23\/2026\/02\/Relacje-UE\u2013Indie-w-cieniu-ryzyk-sankcyjnych.jpg",1920,1280,false]},"uagb_author_info":{"display_name":"kkanoniak","author_link":"https:\/\/badania.uew.pl\/en\/author\/kkanoniak\/"},"uagb_comment_info":0,"uagb_excerpt":"In discussions about the negotiated EU\u2013India trade agreement, the narrative [&hellip;]","publishpress_future_action":{"enabled":false,"date":"2026-09-05 17:31:05","action":"change-status","newStatus":"draft","terms":[],"taxonomy":"category","extraData":[]},"publishpress_future_workflow_manual_trigger":{"enabledWorkflows":[]},"_links":{"self":[{"href":"https:\/\/badania.uew.pl\/en\/wp-json\/wp\/v2\/posts\/45006","targetHints":{"allow":["GET"]}}],"collection":[{"href":"https:\/\/badania.uew.pl\/en\/wp-json\/wp\/v2\/posts"}],"about":[{"href":"https:\/\/badania.uew.pl\/en\/wp-json\/wp\/v2\/types\/post"}],"author":[{"embeddable":true,"href":"https:\/\/badania.uew.pl\/en\/wp-json\/wp\/v2\/users\/80"}],"replies":[{"embeddable":true,"href":"https:\/\/badania.uew.pl\/en\/wp-json\/wp\/v2\/comments?post=45006"}],"version-history":[{"count":1,"href":"https:\/\/badania.uew.pl\/en\/wp-json\/wp\/v2\/posts\/45006\/revisions"}],"predecessor-version":[{"id":45012,"href":"https:\/\/badania.uew.pl\/en\/wp-json\/wp\/v2\/posts\/45006\/revisions\/45012"}],"wp:featuredmedia":[{"embeddable":true,"href":"https:\/\/badania.uew.pl\/en\/wp-json\/wp\/v2\/media\/44997"}],"wp:attachment":[{"href":"https:\/\/badania.uew.pl\/en\/wp-json\/wp\/v2\/media?parent=45006"}],"wp:term":[{"taxonomy":"category","embeddable":true,"href":"https:\/\/badania.uew.pl\/en\/wp-json\/wp\/v2\/categories?post=45006"},{"taxonomy":"post_tag","embeddable":true,"href":"https:\/\/badania.uew.pl\/en\/wp-json\/wp\/v2\/tags?post=45006"}],"curies":[{"name":"wp","href":"https:\/\/api.w.org\/{rel}","templated":true}]}}