{"id":44460,"date":"2026-02-12T11:18:04","date_gmt":"2026-02-12T10:18:04","guid":{"rendered":"https:\/\/badania.uew.pl\/?p=44460"},"modified":"2026-02-12T14:15:13","modified_gmt":"2026-02-12T13:15:13","slug":"new-photoactive-niobiumv-containing-oxide-compounds-as-photocatalysts-forthe-purification-of-drinking-water-from-organic-micropollutants","status":"publish","type":"post","link":"https:\/\/badania.uew.pl\/en\/new-photoactive-niobiumv-containing-oxide-compounds-as-photocatalysts-forthe-purification-of-drinking-water-from-organic-micropollutants\/","title":{"rendered":"New photoactive niobium(V)-containing oxide compounds as photocatalysts forthe purification of drinking water from organic micropollutants"},"content":{"rendered":"\n<div class=\"wp-block-columns is-layout-flex wp-container-core-columns-is-layout-40db2c55 wp-block-columns-is-layout-flex\" style=\"margin-bottom:var(--wp--preset--spacing--80)\">\n<div class=\"wp-block-column is-layout-constrained wp-container-core-column-is-layout-88178138 wp-block-column-is-layout-constrained\" style=\"padding-top:0;padding-right:0;padding-bottom:0;padding-left:0;flex-basis:100%\">\n<div class=\"wp-block-columns is-layout-flex wp-container-core-columns-is-layout-8160db91 wp-block-columns-is-layout-flex\">\n<div class=\"wp-block-column is-layout-flow wp-block-column-is-layout-flow\" style=\"flex-basis:66.66%\">\n<h1 class=\"wp-block-heading has-large-font-size\"><strong><strong>Photocatalysts of the Future: How Niobium Oxide Can Help Purify Water<\/strong><\/strong><\/h1>\n\n\n\n<p class=\"wp-block-paragraph\">Can light purify water? In the latest research project led by Dr. Eng. Bo\u017cena Marta Pilarek, we explore how to harness the unique properties of niobium(V) oxide and its compounds with calcium and neodymium to create cutting-edge photocatalytic materials. The goal? Effectively remove organic micropollutants from water that comes into contact with food\u2014in a safe, energy-efficient, and sustainable way.<\/p>\n\n\n<figure class=\"wp-block-post-featured-image\"><img loading=\"lazy\" decoding=\"async\" width=\"1920\" height=\"1280\" src=\"https:\/\/badania.uew.pl\/wp-content\/uploads\/sites\/23\/2026\/02\/Nowe-swiatlowrazliwe-zwiazki-tlenkowe-zawierajace-niobV-jako-fotokatalizatory-do-oczyszczania-wody-spozywczej-z-mikrozanieczyszczen-organicznych.jpg\" class=\"attachment-post-thumbnail size-post-thumbnail wp-post-image\" alt=\"Nowe\u00a0\u015bwiat\u0142owra\u017cliwe\u00a0zwi\u0105zki tlenkowe zawieraj\u0105ce niob(V) jako\u00a0fotokatalizatory\u00a0do oczyszczania wody spo\u017cywczej z mikrozanieczyszcze\u0144 organicznych\" style=\"object-fit:cover;\" srcset=\"https:\/\/badania.uew.pl\/wp-content\/uploads\/sites\/23\/2026\/02\/Nowe-swiatlowrazliwe-zwiazki-tlenkowe-zawierajace-niobV-jako-fotokatalizatory-do-oczyszczania-wody-spozywczej-z-mikrozanieczyszczen-organicznych.jpg 1920w, https:\/\/badania.uew.pl\/wp-content\/uploads\/sites\/23\/2026\/02\/Nowe-swiatlowrazliwe-zwiazki-tlenkowe-zawierajace-niobV-jako-fotokatalizatory-do-oczyszczania-wody-spozywczej-z-mikrozanieczyszczen-organicznych-300x200.jpg 300w, https:\/\/badania.uew.pl\/wp-content\/uploads\/sites\/23\/2026\/02\/Nowe-swiatlowrazliwe-zwiazki-tlenkowe-zawierajace-niobV-jako-fotokatalizatory-do-oczyszczania-wody-spozywczej-z-mikrozanieczyszczen-organicznych-1024x683.jpg 1024w, https:\/\/badania.uew.pl\/wp-content\/uploads\/sites\/23\/2026\/02\/Nowe-swiatlowrazliwe-zwiazki-tlenkowe-zawierajace-niobV-jako-fotokatalizatory-do-oczyszczania-wody-spozywczej-z-mikrozanieczyszczen-organicznych-768x512.jpg 768w, https:\/\/badania.uew.pl\/wp-content\/uploads\/sites\/23\/2026\/02\/Nowe-swiatlowrazliwe-zwiazki-tlenkowe-zawierajace-niobV-jako-fotokatalizatory-do-oczyszczania-wody-spozywczej-z-mikrozanieczyszczen-organicznych-391x260.jpg 391w, https:\/\/badania.uew.pl\/wp-content\/uploads\/sites\/23\/2026\/02\/Nowe-swiatlowrazliwe-zwiazki-tlenkowe-zawierajace-niobV-jako-fotokatalizatory-do-oczyszczania-wody-spozywczej-z-mikrozanieczyszczen-organicznych-1536x1024.jpg 1536w\" sizes=\"auto, (max-width: 1920px) 100vw, 1920px\" \/><\/figure>\n\n\n<p class=\"wp-block-paragraph\">The project bridges modern materials science with real-world needs of industry and society. It\u2019s an example of innovation that aligns with global environmental, health, and regulatory goals\u2014as well as ESG (Environmental, Social, Governance) standards.<\/p>\n\n\n\n<h2 class=\"wp-block-heading has-large-font-size\"><strong><strong>Niobium Oxide and Its Compounds \u2013 New Champions in the Fight Against Pollution<\/strong><\/strong><\/h2>\n\n\n\n<p class=\"wp-block-paragraph\">Niobium(V) oxide (Nb\u2082O\u2085) combines exceptional properties: a wide band gap (allowing it to absorb UV light), high chemical and structural resistance, and strong potential for modification\u2014making it an ideal candidate as a photocatalyst. Previous research suggests even greater potential when forming mixed oxides, such as:<\/p>\n\n\n\n<ul class=\"wp-block-list\">\n<li>CaO\u2013Nb\u2082O\u2085 \u2013 with calcium,<\/li>\n\n\n\n<li>Nd\u2082O\u2083\u2013Nb\u2082O\u2085 \u2013 with neodymium,<\/li>\n\n\n\n<li>CaO\u2013Nd\u2082O\u2083\u2013Nb\u2082O\u2085 \u2013 a complex three-component system.<\/li>\n<\/ul>\n\n\n\n<p class=\"wp-block-paragraph\">These materials not only withstand UV radiation but also offer great flexibility in tuning their surface properties, which is crucial in photocatalytic processes.<\/p>\n\n\n\n<p class=\"wp-block-paragraph\">Thanks to their modifiable structure, high chemical resistance, and broad band gap, they can effectively initiate the decomposition of pollutants under UV light\u2014without generating toxic byproducts.<\/p>\n\n\n\n<h2 class=\"wp-block-heading has-large-font-size\"><strong><strong>Micropollutants \u2013 Hard to Detect, but Not Impossible to Remove<\/strong><\/strong><\/h2>\n\n\n\n<p class=\"wp-block-paragraph\">Water used in the food industry may contain trace amounts of pesticide residues, dyes, preservatives, or pharmaceuticals\u2014even at very low concentrations, these pose health risks. Traditional purification methods are not always effective and can be costly. In this context, photocatalysis\u2014where UV light activates a material that breaks down pollutants into harmless products\u2014emerges as a promising solution for the future.<\/p>\n\n\n\n<h2 class=\"wp-block-heading has-large-font-size\"><strong><strong>How Are These Materials Made?<\/strong><\/strong><\/h2>\n\n\n\n<p class=\"wp-block-paragraph\">The project will employ two complementary synthesis methods:<\/p>\n\n\n\n<h3 class=\"wp-block-heading has-medium-font-size\"><strong>Ceramic Synthesis<\/strong><\/h3>\n\n\n\n<p class=\"wp-block-paragraph\">A classic method in solid-state chemistry. Raw materials are mixed and heated to high temperatures until a reaction occurs and stable crystalline phases form. This yields high-purity materials with large crystallites\u2014ideal for fundamental research and chemical composition optimization.<\/p>\n\n\n\n<h3 class=\"wp-block-heading has-medium-font-size\"><strong>Hydrothermal Synthesis<\/strong><\/h3>\n\n\n\n<p class=\"wp-block-paragraph\">A more advanced and demanding technique. It takes place in a water-based environment under high pressure and temperature. This allows for the creation of nanostructures with controlled morphology, high surface area, and diverse surface structures\u2014enhancing photocatalytic activity. Key parameters like temperature, pressure, duration, and precursor selection will be optimized in the project.<\/p>\n\n\n\n<h2 class=\"wp-block-heading has-large-font-size\"><strong><strong>From Structure to Function: Comprehensive Material Analysis<\/strong><\/strong><\/h2>\n\n\n\n<p class=\"wp-block-paragraph\">To understand what makes an effective photocatalyst, knowing its composition isn\u2019t enough. We must delve deeper\u2014to the level of crystal structure and atomic surface. Modern research techniques will be employed:<\/p>\n\n\n\n<ul class=\"wp-block-list\">\n<li>XPS (X-ray Photoelectron Spectroscopy) \u2013 optionally used to identify surface chemical composition and oxidation states affecting photocatalyst mechanisms.<\/li>\n\n\n\n<li>PXRD (Powder X-Ray Diffraction) \u2013 to identify crystalline phases, their purity, and crystallite size.<\/li>\n\n\n\n<li>SEM (Scanning Electron Microscopy) \u2013 to examine morphology: shape, size, and particle uniformity.<\/li>\n\n\n\n<li>BET (Surface Area Analysis) \u2013 crucial for evaluating the number of reactive sites.<\/li>\n\n\n\n<li>UV-Vis DRS (Diffuse Reflectance Spectroscopy) \u2013 to measure absorption capability and calculate band gap width (Eg).<\/li>\n<\/ul>\n\n\n\n<h2 class=\"wp-block-heading has-large-font-size\"><strong><strong>How Is Effectiveness Tested?<\/strong><\/strong><\/h2>\n\n\n\n<p class=\"wp-block-paragraph\">To evaluate the effectiveness of the developed photocatalytic materials, the project will focus on two <strong>carefully selected model organic pollutants<\/strong>, representing the most common classes of substances found in technological and surface waters:<\/p>\n\n\n\n<ul class=\"wp-block-list\">\n<li><strong>Methylene blue<\/strong> \u2013 a classic model dye, widely used as a representative of food-related colorants. Due to its chemical stability and strong chromophoric properties, it serves as an excellent indicator for assessing photocatalytic degradation efficiency.<\/li>\n\n\n\n<li><strong>Atrazine<\/strong> \u2013 a commonly used herbicide frequently detected in groundwater and surface waters. It is of particular concern due to its chemical persistence and potential impact on human health and ecosystems.<\/li>\n\n\n\n<li><strong>Ibuprofen<\/strong> <em>(as an alternative to atrazine)<\/em> \u2013 a representative of pharmaceutical contaminants, often present in wastewater due to widespread use in medicine. It is commonly selected as a model compound in studies on water treatment technologies, given its frequent detection and resistance to biodegradation.<\/li>\n<\/ul>\n\n\n\n<p class=\"wp-block-paragraph\">In this project, <strong>methylene blue will be used alongside either atrazine or ibuprofen<\/strong>, depending on preliminary testing and analytical feasibility. This strategy allows us to assess the photocatalysts\u2019 performance against both a <strong>simple dye molecule<\/strong> and <strong>more structurally complex, biologically active compounds<\/strong> with varying degradation challenges.<\/p>\n\n\n\n<h2 class=\"wp-block-heading has-large-font-size\"><strong>Sustainability in Action: ESG at the Core of the Project<\/strong><\/h2>\n\n\n\n<p class=\"wp-block-paragraph\"><strong>Environmental:<\/strong><br>The project promotes water purification technologies that avoid harmful chemicals. Photocatalysis is low-emission, energy-saving, and environmentally friendly\u2014supporting the European Green Deal and circular economy goals.<\/p>\n\n\n\n<p class=\"wp-block-paragraph\"><strong>Social:<\/strong><br>Clean water is a public health essential. The project targets the removal of substances like pesticides, dyes, and pharmaceuticals increasingly found in surface waters. Innovations developed here can improve quality of life and food safety.<\/p>\n\n\n\n<p class=\"wp-block-paragraph\"><strong>Governance:<\/strong><br>The project is conducted under high scientific and ethical standards, funded by the National Science Centre through the transparent MINIATURA call. Results could form the basis for future funding applications (e.g., NCN SONATA) and international collaboration under MSCA and COST programs.<\/p>\n\n\n\n<h3 class=\"wp-block-heading\"><strong><strong>Sustainable Development Goals (SDGs) Addressed by the Project:<\/strong><\/strong><\/h3>\n\n\n\n<p class=\"wp-block-paragraph\">This research initiative aligns with several <strong>United Nations Sustainable Development Goals<\/strong>:<\/p>\n\n\n\n<div class=\"wp-block-group is-layout-grid wp-container-core-group-is-layout-73735f74 wp-block-group-is-layout-grid\">\n<figure class=\"wp-block-image size-full\"><img loading=\"lazy\" decoding=\"async\" width=\"1500\" height=\"1500\" src=\"https:\/\/badania.uew.pl\/wp-content\/uploads\/sites\/23\/2026\/01\/3-good-health-and-well-being.png\" alt=\"3 good health and well-being\" class=\"wp-image-43662\" srcset=\"https:\/\/badania.uew.pl\/wp-content\/uploads\/sites\/23\/2026\/01\/3-good-health-and-well-being.png 1500w, https:\/\/badania.uew.pl\/wp-content\/uploads\/sites\/23\/2026\/01\/3-good-health-and-well-being-300x300.png 300w, https:\/\/badania.uew.pl\/wp-content\/uploads\/sites\/23\/2026\/01\/3-good-health-and-well-being-1024x1024.png 1024w, https:\/\/badania.uew.pl\/wp-content\/uploads\/sites\/23\/2026\/01\/3-good-health-and-well-being-150x150.png 150w, https:\/\/badania.uew.pl\/wp-content\/uploads\/sites\/23\/2026\/01\/3-good-health-and-well-being-768x768.png 768w, https:\/\/badania.uew.pl\/wp-content\/uploads\/sites\/23\/2026\/01\/3-good-health-and-well-being-500x500.png 500w\" sizes=\"auto, (max-width: 1500px) 100vw, 1500px\" \/><\/figure>\n\n\n\n<figure class=\"wp-block-image size-full\"><img loading=\"lazy\" decoding=\"async\" width=\"1500\" height=\"1500\" src=\"https:\/\/badania.uew.pl\/wp-content\/uploads\/sites\/23\/2026\/01\/9-industry-innovation-and-infrastructure.png\" alt=\"9 industry, innovation and infrastructure\" class=\"wp-image-43698\" srcset=\"https:\/\/badania.uew.pl\/wp-content\/uploads\/sites\/23\/2026\/01\/9-industry-innovation-and-infrastructure.png 1500w, https:\/\/badania.uew.pl\/wp-content\/uploads\/sites\/23\/2026\/01\/9-industry-innovation-and-infrastructure-300x300.png 300w, https:\/\/badania.uew.pl\/wp-content\/uploads\/sites\/23\/2026\/01\/9-industry-innovation-and-infrastructure-1024x1024.png 1024w, https:\/\/badania.uew.pl\/wp-content\/uploads\/sites\/23\/2026\/01\/9-industry-innovation-and-infrastructure-150x150.png 150w, https:\/\/badania.uew.pl\/wp-content\/uploads\/sites\/23\/2026\/01\/9-industry-innovation-and-infrastructure-768x768.png 768w, https:\/\/badania.uew.pl\/wp-content\/uploads\/sites\/23\/2026\/01\/9-industry-innovation-and-infrastructure-500x500.png 500w\" sizes=\"auto, (max-width: 1500px) 100vw, 1500px\" \/><\/figure>\n\n\n\n<figure class=\"wp-block-image size-full\"><img loading=\"lazy\" decoding=\"async\" width=\"1500\" height=\"1500\" src=\"https:\/\/badania.uew.pl\/wp-content\/uploads\/sites\/23\/2026\/01\/12-responsible-consuption-and-production.png\" alt=\"12 responsible consuption and production\" class=\"wp-image-43716\" srcset=\"https:\/\/badania.uew.pl\/wp-content\/uploads\/sites\/23\/2026\/01\/12-responsible-consuption-and-production.png 1500w, https:\/\/badania.uew.pl\/wp-content\/uploads\/sites\/23\/2026\/01\/12-responsible-consuption-and-production-300x300.png 300w, https:\/\/badania.uew.pl\/wp-content\/uploads\/sites\/23\/2026\/01\/12-responsible-consuption-and-production-1024x1024.png 1024w, https:\/\/badania.uew.pl\/wp-content\/uploads\/sites\/23\/2026\/01\/12-responsible-consuption-and-production-150x150.png 150w, https:\/\/badania.uew.pl\/wp-content\/uploads\/sites\/23\/2026\/01\/12-responsible-consuption-and-production-768x768.png 768w, https:\/\/badania.uew.pl\/wp-content\/uploads\/sites\/23\/2026\/01\/12-responsible-consuption-and-production-500x500.png 500w\" sizes=\"auto, (max-width: 1500px) 100vw, 1500px\" \/><\/figure>\n\n\n\n<figure class=\"wp-block-image size-full\"><img loading=\"lazy\" decoding=\"async\" width=\"1500\" height=\"1500\" src=\"https:\/\/badania.uew.pl\/wp-content\/uploads\/sites\/23\/2026\/01\/13-climate-action.png\" alt=\"13 climate action\" class=\"wp-image-43722\" srcset=\"https:\/\/badania.uew.pl\/wp-content\/uploads\/sites\/23\/2026\/01\/13-climate-action.png 1500w, https:\/\/badania.uew.pl\/wp-content\/uploads\/sites\/23\/2026\/01\/13-climate-action-300x300.png 300w, https:\/\/badania.uew.pl\/wp-content\/uploads\/sites\/23\/2026\/01\/13-climate-action-1024x1024.png 1024w, https:\/\/badania.uew.pl\/wp-content\/uploads\/sites\/23\/2026\/01\/13-climate-action-150x150.png 150w, https:\/\/badania.uew.pl\/wp-content\/uploads\/sites\/23\/2026\/01\/13-climate-action-768x768.png 768w, https:\/\/badania.uew.pl\/wp-content\/uploads\/sites\/23\/2026\/01\/13-climate-action-500x500.png 500w\" sizes=\"auto, (max-width: 1500px) 100vw, 1500px\" \/><\/figure>\n<\/div>\n\n\n\n<p class=\"wp-block-paragraph\"><strong>Goal 3: Good Health and Well-Being<\/strong><br>\u00a0By focusing on natural compounds with hepatoprotective, antioxidant, and antidiabetic potential, the project contributes to the development of functional foods and nutraceuticals supporting the prevention of lifestyle-related diseases.<\/p>\n\n\n\n<p class=\"wp-block-paragraph\"><strong>Goal 9: Industry, Innovation and Infrastructure<\/strong><br>\u00a0The project incorporates advanced analytical and physical techniques (microwave treatment, spectroscopy, chromatography) and proposes innovative strategies for enhancing the biological value of plant materials, with strong industrial application potential.<\/p>\n\n\n\n<p class=\"wp-block-paragraph\"><strong>Goal 12: Responsible Consumption and Production<\/strong><br>\u00a0It promotes more sustainable methods for processing and enriching plant-based raw materials\u2014without relying on synthetic additives or genetic modification.<\/p>\n\n\n\n<p class=\"wp-block-paragraph\"><strong>Goal 13: Climate Action<\/strong><br>\u00a0By utilizing energy-efficient technologies such as microwave processing and LED lighting, the project supports low-emission approaches to food production and plant-based innovation.<\/p>\n\n\n\n<h2 class=\"wp-block-heading has-large-font-size\"><strong><strong>What\u2019s Next? Where Could This Technology Be Applied?<\/strong><\/strong><\/h2>\n\n\n\n<p class=\"wp-block-paragraph\">This MINIATURA 9 project is a major step toward developing advanced water purification materials\u2014for both drinking and industrial water.<\/p>\n\n\n\n<p class=\"wp-block-paragraph\">The resulting data will provide a foundation for future studies, including the development of doped materials (e.g., with Fe, Cu, La), real-condition testing, and implementation in:<\/p>\n\n\n\n<ul class=\"wp-block-list\">\n<li>UV reactors for industrial water purification,<\/li>\n\n\n\n<li>Membrane-based photocatalytic filters,<\/li>\n\n\n\n<li>Hybrid water treatment systems for the food industry,<\/li>\n\n\n\n<li>Possibly even high-end consumer water filters in the future.<\/li>\n<\/ul>\n\n\n\n<p class=\"wp-block-paragraph\">Moreover, the project may pave the way for international collaboration within initiatives like COST networks, Horizon Europe, MSCA, and others focused on innovative environmental technologies.<\/p>\n\n\n\n<h2 class=\"wp-block-heading has-large-font-size\"><strong>External links:<\/strong><\/h2>\n\n\n\n<p class=\"wp-block-paragraph\"><a href=\"https:\/\/wir.ue.wroc.pl\/info\/projectmain\/UEWRddd6baeb6d07416d8537c79d8de8b07f\/\" target=\"_blank\" rel=\"noreferrer noopener\">More information about the project in the WIR Knowledge Base<\/a><\/p>\n\n\n<\/div>\n\n\n\n<div class=\"wp-block-column has-ast-global-color-6-background-color has-background is-layout-flow wp-block-column-is-layout-flow\" style=\"padding-top:0;padding-right:0;padding-bottom:0;padding-left:0;flex-basis:33.33%\">\n<div class=\"wp-block-group is-layout-constrained wp-container-core-group-is-layout-e3964afe wp-block-group-is-layout-constrained wp-container-1 is-position-sticky\" style=\"padding-top:var(--wp--preset--spacing--60);padding-right:var(--wp--preset--spacing--60);padding-bottom:var(--wp--preset--spacing--60);padding-left:var(--wp--preset--spacing--60)\">\n<p class=\"wp-block-paragraph\" style=\"margin-top:0;margin-bottom:0\">Principal Investigator:<\/p>\n\n\n\n<div class=\"wp-block-media-text\" style=\"grid-template-columns:30% auto\"><figure class=\"wp-block-media-text__media\"><img loading=\"lazy\" decoding=\"async\" width=\"244\" height=\"280\" src=\"https:\/\/badania.uew.pl\/wp-content\/uploads\/sites\/23\/2026\/01\/Pilarek-Bozena-e1768997711579.webp\" alt=\"Photo by Bo\u017cena Pilarek\" class=\"wp-image-42390 size-medium\"\/><\/figure><div class=\"wp-block-media-text__content\">\n<p class=\"wp-block-paragraph\"><strong><a href=\"https:\/\/uew.pl\/employee\/120577\/\" data-type=\"link\" data-id=\"https:\/\/uew.pl\/employee\/120577\/\" target=\"_blank\" rel=\"noopener\">Dr. Eng. Bo\u017cena Marta Pilarek<\/a><\/strong><\/p>\n<\/div><\/div>\n\n\n\n<p class=\"wp-block-paragraph\" style=\"margin-bottom:var(--wp--preset--spacing--20)\">Funding Agency:<\/p>\n\n\n\n<figure class=\"wp-block-image size-full\" style=\"margin-top:0;margin-right:0;margin-bottom:0;margin-left:0\"><img loading=\"lazy\" decoding=\"async\" width=\"930\" height=\"145\" src=\"https:\/\/badania.uew.pl\/wp-content\/uploads\/sites\/23\/2024\/06\/logo-NCN.png\" alt=\"logo Narodowe Centrum Nauki\" class=\"wp-image-20396\" srcset=\"https:\/\/badania.uew.pl\/wp-content\/uploads\/sites\/23\/2024\/06\/logo-NCN.png 930w, https:\/\/badania.uew.pl\/wp-content\/uploads\/sites\/23\/2024\/06\/logo-NCN-300x47.png 300w, https:\/\/badania.uew.pl\/wp-content\/uploads\/sites\/23\/2024\/06\/logo-NCN-768x120.png 768w\" sizes=\"auto, (max-width: 930px) 100vw, 930px\" \/><\/figure>\n\n\n\n<p class=\"wp-block-paragraph\" style=\"margin-top:var(--wp--preset--spacing--20)\"><strong>National Science Centre (Poland)<\/strong><\/p>\n\n\n\n<p class=\"wp-block-paragraph\">Call:<br><strong>Miniatura 9<\/strong><\/p>\n\n\n\n<p class=\"wp-block-paragraph\">Funding Amount:<br><strong>41 408,00 PLN<\/strong><\/p>\n\n\n\n<p class=\"wp-block-paragraph\">Project Duration:<br><strong>11\/11\/2025 \u2013 10\/11\/2026<\/strong><\/p>\n\n\n\n<p class=\"wp-block-paragraph\">Status:<br><strong>Ongoing<\/strong><\/p>\n<\/div>\n<\/div>\n<\/div>\n<\/div>\n<\/div>\n\n\n\n<div class=\"wp-block-columns block-main-events is-layout-flex wp-container-core-columns-is-layout-44712903 wp-block-columns-is-layout-flex\" style=\"margin-top:0;margin-bottom:0;padding-top:var(--wp--preset--spacing--80);padding-bottom:var(--wp--preset--spacing--80)\">\n<div class=\"wp-block-column is-layout-flow wp-block-column-is-layout-flow\">\n<h2 class=\"wp-block-heading has-text-align-center\" style=\"margin-bottom:var(--wp--preset--spacing--60)\">See similar content<\/h2>\n\n\n\n\t\t\t<div class=\"wp-block-uagb-post-grid uagb-post-grid  uagb-post__image-position-top uagb-post__image-enabled uagb-block-c534e230     uagb-post__items uagb-post__columns-4 is-grid uagb-post__columns-tablet-2 uagb-post__columns-mobile-1 uagb-post__equal-height\" data-total=\"1\" style=\"\">\n\n\t\t\t\t\t\t\t\t\t\t\t\t<article class=\"uagb-post__inner-wrap\">\t\t\t\t\t\t\t\t<div class='uagb-post__image'>\n\t\t\t\t\t\t\t\t\t<a href=\"https:\/\/badania.uew.pl\/en\/bridging-v4-universities-and-business-through-design-thinking\/\" target=\"_self\" rel=\"bookmark noopener noreferrer\" class=\"uagb-image-ratio-2-3\"><img loading=\"lazy\" decoding=\"async\" width=\"768\" height=\"512\" src=\"https:\/\/badania.uew.pl\/wp-content\/uploads\/sites\/23\/2026\/09\/Bridging-V4-Universities-and-Business-through-Design-Thinking-1-768x512.png\" class=\"attachment-medium_large size-medium_large\" alt=\"A project exploring how universities can use Design Thinking to develop skills that are valuable at the start of a career.\" srcset=\"https:\/\/badania.uew.pl\/wp-content\/uploads\/sites\/23\/2026\/09\/Bridging-V4-Universities-and-Business-through-Design-Thinking-1-768x512.png 768w, https:\/\/badania.uew.pl\/wp-content\/uploads\/sites\/23\/2026\/09\/Bridging-V4-Universities-and-Business-through-Design-Thinking-1-300x200.png 300w, https:\/\/badania.uew.pl\/wp-content\/uploads\/sites\/23\/2026\/09\/Bridging-V4-Universities-and-Business-through-Design-Thinking-1-1024x683.png 1024w, https:\/\/badania.uew.pl\/wp-content\/uploads\/sites\/23\/2026\/09\/Bridging-V4-Universities-and-Business-through-Design-Thinking-1-391x260.png 391w, https:\/\/badania.uew.pl\/wp-content\/uploads\/sites\/23\/2026\/09\/Bridging-V4-Universities-and-Business-through-Design-Thinking-1-1536x1024.png 1536w, https:\/\/badania.uew.pl\/wp-content\/uploads\/sites\/23\/2026\/09\/Bridging-V4-Universities-and-Business-through-Design-Thinking-1.png 1920w\" sizes=\"auto, (max-width: 768px) 100vw, 768px\" \/>\t\t\t\t\t<\/a>\n\t\t\t\t\t\t\t<\/div>\n\t\t\t\t\t\t<h3 class=\"uagb-post__title uagb-post__text\">\n\t\t\t\t<a href=\"https:\/\/badania.uew.pl\/en\/bridging-v4-universities-and-business-through-design-thinking\/\" target=\"_self\" rel=\"bookmark noopener noreferrer\">Bridging V4 Universities and Business through Design Thinking\u00a0<\/a>\n\t\t\t<\/h3>\n\t\t\t\t\t\t<div class='uagb-post__text uagb-post-grid-byline'>\n\t\t\t\t\t\t\t<\/div>\n\t\t\t\n\t\t\t\t\t\t\t\t\t<\/article>\n\t\t\t\t\t\t\t\t\t\t\t\t\t\t\t\t<article class=\"uagb-post__inner-wrap\">\t\t\t\t\t\t\t\t<div class='uagb-post__image'>\n\t\t\t\t\t\t\t\t\t<a href=\"https:\/\/badania.uew.pl\/en\/a-new-form-of-fat-a-more-sustainable-product-formulation-watersmartfat-brings-together-food-technology-and-water-footprint-analysis\/\" target=\"_self\" rel=\"bookmark noopener noreferrer\" class=\"uagb-image-ratio-2-3\"><img loading=\"lazy\" decoding=\"async\" width=\"768\" height=\"512\" src=\"https:\/\/badania.uew.pl\/wp-content\/uploads\/sites\/23\/2026\/07\/WaterSmartFat-1-768x512.jpg\" class=\"attachment-medium_large size-medium_large\" alt=\"WaterSmartFat 1\" srcset=\"https:\/\/badania.uew.pl\/wp-content\/uploads\/sites\/23\/2026\/07\/WaterSmartFat-1-768x512.jpg 768w, https:\/\/badania.uew.pl\/wp-content\/uploads\/sites\/23\/2026\/07\/WaterSmartFat-1-300x200.jpg 300w, https:\/\/badania.uew.pl\/wp-content\/uploads\/sites\/23\/2026\/07\/WaterSmartFat-1-1024x683.jpg 1024w, https:\/\/badania.uew.pl\/wp-content\/uploads\/sites\/23\/2026\/07\/WaterSmartFat-1-391x260.jpg 391w, https:\/\/badania.uew.pl\/wp-content\/uploads\/sites\/23\/2026\/07\/WaterSmartFat-1-1536x1024.jpg 1536w, https:\/\/badania.uew.pl\/wp-content\/uploads\/sites\/23\/2026\/07\/WaterSmartFat-1.jpg 1920w\" sizes=\"auto, (max-width: 768px) 100vw, 768px\" \/>\t\t\t\t\t<\/a>\n\t\t\t\t\t\t\t<\/div>\n\t\t\t\t\t\t<h3 class=\"uagb-post__title uagb-post__text\">\n\t\t\t\t<a href=\"https:\/\/badania.uew.pl\/en\/a-new-form-of-fat-a-more-sustainable-product-formulation-watersmartfat-brings-together-food-technology-and-water-footprint-analysis\/\" target=\"_self\" rel=\"bookmark noopener noreferrer\">A New Form of Fat: A More Sustainable Product Formulation. WaterSmartFat Brings Together Food Technology and Water Footprint Analysis<\/a>\n\t\t\t<\/h3>\n\t\t\t\t\t\t<div class='uagb-post__text uagb-post-grid-byline'>\n\t\t\t\t\t\t\t<\/div>\n\t\t\t\n\t\t\t\t\t\t\t\t\t<\/article>\n\t\t\t\t\t\t\t\t\t\t\t\t\t\t\t\t<article class=\"uagb-post__inner-wrap\">\t\t\t\t\t\t\t\t<div class='uagb-post__image'>\n\t\t\t\t\t\t\t\t\t<a href=\"https:\/\/badania.uew.pl\/en\/microwaves-and-silymarin-an-innovative-approach-to-enhancing-the-health-value-of-milk-thistle-sprouts\/\" target=\"_self\" rel=\"bookmark noopener noreferrer\" class=\"uagb-image-ratio-2-3\"><img loading=\"lazy\" decoding=\"async\" width=\"768\" height=\"512\" src=\"https:\/\/badania.uew.pl\/wp-content\/uploads\/sites\/23\/2026\/02\/Mikrofale-i-sylimaryna-\u2013-nowatorskie-podejscie-do-zwiekszania-wartosci-prozdrowotnej-kielkow-ostropestu-768x512.jpg\" class=\"attachment-medium_large size-medium_large\" alt=\"Mikrofale i sylimaryna \u2013 nowatorskie podej\u015bcie do zwi\u0119kszania warto\u015bci prozdrowotnej kie\u0142k\u00f3w ostropestu\" srcset=\"https:\/\/badania.uew.pl\/wp-content\/uploads\/sites\/23\/2026\/02\/Mikrofale-i-sylimaryna-\u2013-nowatorskie-podejscie-do-zwiekszania-wartosci-prozdrowotnej-kielkow-ostropestu-768x512.jpg 768w, https:\/\/badania.uew.pl\/wp-content\/uploads\/sites\/23\/2026\/02\/Mikrofale-i-sylimaryna-\u2013-nowatorskie-podejscie-do-zwiekszania-wartosci-prozdrowotnej-kielkow-ostropestu-300x200.jpg 300w, https:\/\/badania.uew.pl\/wp-content\/uploads\/sites\/23\/2026\/02\/Mikrofale-i-sylimaryna-\u2013-nowatorskie-podejscie-do-zwiekszania-wartosci-prozdrowotnej-kielkow-ostropestu-1024x683.jpg 1024w, https:\/\/badania.uew.pl\/wp-content\/uploads\/sites\/23\/2026\/02\/Mikrofale-i-sylimaryna-\u2013-nowatorskie-podejscie-do-zwiekszania-wartosci-prozdrowotnej-kielkow-ostropestu-391x260.jpg 391w, https:\/\/badania.uew.pl\/wp-content\/uploads\/sites\/23\/2026\/02\/Mikrofale-i-sylimaryna-\u2013-nowatorskie-podejscie-do-zwiekszania-wartosci-prozdrowotnej-kielkow-ostropestu-1536x1024.jpg 1536w, https:\/\/badania.uew.pl\/wp-content\/uploads\/sites\/23\/2026\/02\/Mikrofale-i-sylimaryna-\u2013-nowatorskie-podejscie-do-zwiekszania-wartosci-prozdrowotnej-kielkow-ostropestu.jpg 1920w\" sizes=\"auto, (max-width: 768px) 100vw, 768px\" \/>\t\t\t\t\t<\/a>\n\t\t\t\t\t\t\t<\/div>\n\t\t\t\t\t\t<h3 class=\"uagb-post__title uagb-post__text\">\n\t\t\t\t<a href=\"https:\/\/badania.uew.pl\/en\/microwaves-and-silymarin-an-innovative-approach-to-enhancing-the-health-value-of-milk-thistle-sprouts\/\" target=\"_self\" rel=\"bookmark noopener noreferrer\">Microwaves and Silymarin \u2013 An Innovative Approach to Enhancing the Health Value of Milk Thistle Sprouts<\/a>\n\t\t\t<\/h3>\n\t\t\t\t\t\t<div class='uagb-post__text uagb-post-grid-byline'>\n\t\t\t\t\t\t\t<\/div>\n\t\t\t\n\t\t\t\t\t\t\t\t\t<\/article>\n\t\t\t\t\t\t\t\t\t\t\t\t\t\t\t\t<article class=\"uagb-post__inner-wrap\">\t\t\t\t\t\t\t\t<div class='uagb-post__image'>\n\t\t\t\t\t\t\t\t\t<a href=\"https:\/\/badania.uew.pl\/en\/next-gen-urban-freight-logistics-for-net-zero-emissions-through-innovative-solutions-nextlogic\/\" target=\"_self\" rel=\"bookmark noopener noreferrer\" class=\"uagb-image-ratio-2-3\"><img loading=\"lazy\" decoding=\"async\" width=\"768\" height=\"512\" src=\"https:\/\/badania.uew.pl\/wp-content\/uploads\/sites\/23\/2026\/01\/Projekt-NEXTLOGIC-\u2013-Next-Gen-Urban-Freight-Logistics-for-Net-Zero-Emissions-1-768x512.jpg\" class=\"attachment-medium_large size-medium_large\" alt=\"Projekt NEXTLOGIC \u2013 Next-Gen Urban Freight Logistics for Net-Zero Emissions\" srcset=\"https:\/\/badania.uew.pl\/wp-content\/uploads\/sites\/23\/2026\/01\/Projekt-NEXTLOGIC-\u2013-Next-Gen-Urban-Freight-Logistics-for-Net-Zero-Emissions-1-768x512.jpg 768w, https:\/\/badania.uew.pl\/wp-content\/uploads\/sites\/23\/2026\/01\/Projekt-NEXTLOGIC-\u2013-Next-Gen-Urban-Freight-Logistics-for-Net-Zero-Emissions-1-300x200.jpg 300w, https:\/\/badania.uew.pl\/wp-content\/uploads\/sites\/23\/2026\/01\/Projekt-NEXTLOGIC-\u2013-Next-Gen-Urban-Freight-Logistics-for-Net-Zero-Emissions-1-1024x683.jpg 1024w, https:\/\/badania.uew.pl\/wp-content\/uploads\/sites\/23\/2026\/01\/Projekt-NEXTLOGIC-\u2013-Next-Gen-Urban-Freight-Logistics-for-Net-Zero-Emissions-1-391x260.jpg 391w, https:\/\/badania.uew.pl\/wp-content\/uploads\/sites\/23\/2026\/01\/Projekt-NEXTLOGIC-\u2013-Next-Gen-Urban-Freight-Logistics-for-Net-Zero-Emissions-1-1536x1024.jpg 1536w, https:\/\/badania.uew.pl\/wp-content\/uploads\/sites\/23\/2026\/01\/Projekt-NEXTLOGIC-\u2013-Next-Gen-Urban-Freight-Logistics-for-Net-Zero-Emissions-1.jpg 1920w\" sizes=\"auto, (max-width: 768px) 100vw, 768px\" \/>\t\t\t\t\t<\/a>\n\t\t\t\t\t\t\t<\/div>\n\t\t\t\t\t\t<h3 class=\"uagb-post__title uagb-post__text\">\n\t\t\t\t<a href=\"https:\/\/badania.uew.pl\/en\/next-gen-urban-freight-logistics-for-net-zero-emissions-through-innovative-solutions-nextlogic\/\" target=\"_self\" rel=\"bookmark noopener noreferrer\">Next-Gen Urban\u00a0Freight\u00a0Logistics for Net Zero\u00a0Emissions\u00a0through\u00a0Innovative\u00a0Solutions \u2013 NEXTLOGIC<\/a>\n\t\t\t<\/h3>\n\t\t\t\t\t\t<div class='uagb-post__text uagb-post-grid-byline'>\n\t\t\t\t\t\t\t<\/div>\n\t\t\t\n\t\t\t\t\t\t\t\t\t<\/article>\n\t\t\t\t\t\t\t\t\t\t\t<\/div>\n\t\t\t<\/div>\n<\/div>\n\n\n\n<div class=\"wp-block-columns news-four-column is-layout-flex wp-container-core-columns-is-layout-3534481f wp-block-columns-is-layout-flex\" style=\"margin-top:0;margin-bottom:0;padding-top:var(--wp--preset--spacing--80);padding-bottom:var(--wp--preset--spacing--80)\">\n<div class=\"wp-block-column is-layout-flow wp-block-column-is-layout-flow\">\n<h2 class=\"wp-block-heading has-text-align-center\" style=\"margin-bottom:var(--wp--preset--spacing--60)\">See also<\/h2>\n\n\n\n\t\t\t<div class=\"wp-block-uagb-post-grid uagb-post-grid  uagb-post__image-position-top uagb-post__image-enabled uagb-block-1ff73c89     uagb-post__items uagb-post__columns-4 is-grid uagb-post__columns-tablet-2 uagb-post__columns-mobile-1 uagb-post__equal-height\" data-total=\"28\" style=\"\">\n\n\t\t\t\t\t\t\t\t\t\t\t\t<article class=\"uagb-post__inner-wrap\">\t\t\t\t\t\t\t\t<div class='uagb-post__image'>\n\t\t\t\t\t\t\t\t\t<a href=\"https:\/\/badania.uew.pl\/en\/what-comes-after-a-phd-dr-milena-kowalska-at-the-economic-forum-in-karpacz\/\" target=\"_self\" rel=\"bookmark noopener noreferrer\" class=\"uagb-image-ratio-2-3\"><img loading=\"lazy\" decoding=\"async\" width=\"768\" height=\"512\" src=\"https:\/\/badania.uew.pl\/wp-content\/uploads\/sites\/23\/2026\/09\/Milena-Kowalska-w-zespole-doradczym-Ministra-Nauki-i-Szkolnictwa-Wyzszego-eng-768x512.png\" class=\"attachment-medium_large size-medium_large\" alt=\"Dr Milena Kowalska with the text: \u201cDr Milena Kowalska at the NAWA panel during the 2026 Economic Forum in Karpacz.\u201d\" srcset=\"https:\/\/badania.uew.pl\/wp-content\/uploads\/sites\/23\/2026\/09\/Milena-Kowalska-w-zespole-doradczym-Ministra-Nauki-i-Szkolnictwa-Wyzszego-eng-768x512.png 768w, https:\/\/badania.uew.pl\/wp-content\/uploads\/sites\/23\/2026\/09\/Milena-Kowalska-w-zespole-doradczym-Ministra-Nauki-i-Szkolnictwa-Wyzszego-eng-300x200.png 300w, https:\/\/badania.uew.pl\/wp-content\/uploads\/sites\/23\/2026\/09\/Milena-Kowalska-w-zespole-doradczym-Ministra-Nauki-i-Szkolnictwa-Wyzszego-eng-1024x683.png 1024w, https:\/\/badania.uew.pl\/wp-content\/uploads\/sites\/23\/2026\/09\/Milena-Kowalska-w-zespole-doradczym-Ministra-Nauki-i-Szkolnictwa-Wyzszego-eng-391x260.png 391w, https:\/\/badania.uew.pl\/wp-content\/uploads\/sites\/23\/2026\/09\/Milena-Kowalska-w-zespole-doradczym-Ministra-Nauki-i-Szkolnictwa-Wyzszego-eng-1536x1024.png 1536w, https:\/\/badania.uew.pl\/wp-content\/uploads\/sites\/23\/2026\/09\/Milena-Kowalska-w-zespole-doradczym-Ministra-Nauki-i-Szkolnictwa-Wyzszego-eng.png 1920w\" sizes=\"auto, (max-width: 768px) 100vw, 768px\" \/>\t\t\t\t\t<\/a>\n\t\t\t\t\t\t\t<\/div>\n\t\t\t\t\t\t<h3 class=\"uagb-post__title uagb-post__text\">\n\t\t\t\t<a href=\"https:\/\/badania.uew.pl\/en\/what-comes-after-a-phd-dr-milena-kowalska-at-the-economic-forum-in-karpacz\/\" target=\"_self\" rel=\"bookmark noopener noreferrer\">What comes after a PhD? Dr Milena Kowalska at the Economic Forum in\u00a0Karpacz\u00a0<\/a>\n\t\t\t<\/h3>\n\t\t\t\t\t\t<div class='uagb-post__text uagb-post-grid-byline'>\n\t\t\t\t\t\t\t<\/div>\n\t\t\t\n\t\t\t\t\t\t\t\t\t<\/article>\n\t\t\t\t\t\t\t\t\t\t\t\t\t\t\t\t<article class=\"uagb-post__inner-wrap\">\t\t\t\t\t\t\t\t<div class='uagb-post__image'>\n\t\t\t\t\t\t\t\t\t<a href=\"https:\/\/badania.uew.pl\/en\/bridging-v4-universities-and-business-through-design-thinking\/\" target=\"_self\" rel=\"bookmark noopener noreferrer\" class=\"uagb-image-ratio-2-3\"><img loading=\"lazy\" decoding=\"async\" width=\"768\" height=\"512\" src=\"https:\/\/badania.uew.pl\/wp-content\/uploads\/sites\/23\/2026\/09\/Bridging-V4-Universities-and-Business-through-Design-Thinking-1-768x512.png\" class=\"attachment-medium_large size-medium_large\" alt=\"A project exploring how universities can use Design Thinking to develop skills that are valuable at the start of a career.\" srcset=\"https:\/\/badania.uew.pl\/wp-content\/uploads\/sites\/23\/2026\/09\/Bridging-V4-Universities-and-Business-through-Design-Thinking-1-768x512.png 768w, https:\/\/badania.uew.pl\/wp-content\/uploads\/sites\/23\/2026\/09\/Bridging-V4-Universities-and-Business-through-Design-Thinking-1-300x200.png 300w, https:\/\/badania.uew.pl\/wp-content\/uploads\/sites\/23\/2026\/09\/Bridging-V4-Universities-and-Business-through-Design-Thinking-1-1024x683.png 1024w, https:\/\/badania.uew.pl\/wp-content\/uploads\/sites\/23\/2026\/09\/Bridging-V4-Universities-and-Business-through-Design-Thinking-1-391x260.png 391w, https:\/\/badania.uew.pl\/wp-content\/uploads\/sites\/23\/2026\/09\/Bridging-V4-Universities-and-Business-through-Design-Thinking-1-1536x1024.png 1536w, https:\/\/badania.uew.pl\/wp-content\/uploads\/sites\/23\/2026\/09\/Bridging-V4-Universities-and-Business-through-Design-Thinking-1.png 1920w\" sizes=\"auto, (max-width: 768px) 100vw, 768px\" \/>\t\t\t\t\t<\/a>\n\t\t\t\t\t\t\t<\/div>\n\t\t\t\t\t\t<h3 class=\"uagb-post__title uagb-post__text\">\n\t\t\t\t<a href=\"https:\/\/badania.uew.pl\/en\/bridging-v4-universities-and-business-through-design-thinking\/\" target=\"_self\" rel=\"bookmark noopener noreferrer\">Bridging V4 Universities and Business through Design Thinking\u00a0<\/a>\n\t\t\t<\/h3>\n\t\t\t\t\t\t<div class='uagb-post__text uagb-post-grid-byline'>\n\t\t\t\t\t\t\t<\/div>\n\t\t\t\n\t\t\t\t\t\t\t\t\t<\/article>\n\t\t\t\t\t\t\t\t\t\t\t\t\t\t\t\t<article class=\"uagb-post__inner-wrap\">\t\t\t\t\t\t\t\t<div class='uagb-post__image'>\n\t\t\t\t\t\t\t\t\t<a href=\"https:\/\/badania.uew.pl\/en\/wueb-experts-weekly-review-research-projects-and-academic-successes-24-30-august-2026\/\" target=\"_self\" rel=\"bookmark noopener noreferrer\" class=\"uagb-image-ratio-2-3\"><img loading=\"lazy\" decoding=\"async\" width=\"768\" height=\"512\" src=\"https:\/\/badania.uew.pl\/wp-content\/uploads\/sites\/23\/2026\/03\/Tydzien-z-ekspertami-UEW.-Komentarze-projekty-i-sukcesy-\u2013-przeglad-najwazniejszych-aktywnosci-768x512.jpg\" class=\"attachment-medium_large size-medium_large\" alt=\"Week with WUEB experts. Commentary, projects and achievements \u2013 a review of key activities\" srcset=\"https:\/\/badania.uew.pl\/wp-content\/uploads\/sites\/23\/2026\/03\/Tydzien-z-ekspertami-UEW.-Komentarze-projekty-i-sukcesy-\u2013-przeglad-najwazniejszych-aktywnosci-768x512.jpg 768w, https:\/\/badania.uew.pl\/wp-content\/uploads\/sites\/23\/2026\/03\/Tydzien-z-ekspertami-UEW.-Komentarze-projekty-i-sukcesy-\u2013-przeglad-najwazniejszych-aktywnosci-300x200.jpg 300w, https:\/\/badania.uew.pl\/wp-content\/uploads\/sites\/23\/2026\/03\/Tydzien-z-ekspertami-UEW.-Komentarze-projekty-i-sukcesy-\u2013-przeglad-najwazniejszych-aktywnosci-1024x683.jpg 1024w, https:\/\/badania.uew.pl\/wp-content\/uploads\/sites\/23\/2026\/03\/Tydzien-z-ekspertami-UEW.-Komentarze-projekty-i-sukcesy-\u2013-przeglad-najwazniejszych-aktywnosci-391x260.jpg 391w, https:\/\/badania.uew.pl\/wp-content\/uploads\/sites\/23\/2026\/03\/Tydzien-z-ekspertami-UEW.-Komentarze-projekty-i-sukcesy-\u2013-przeglad-najwazniejszych-aktywnosci-1536x1024.jpg 1536w, https:\/\/badania.uew.pl\/wp-content\/uploads\/sites\/23\/2026\/03\/Tydzien-z-ekspertami-UEW.-Komentarze-projekty-i-sukcesy-\u2013-przeglad-najwazniejszych-aktywnosci.jpg 1920w\" sizes=\"auto, (max-width: 768px) 100vw, 768px\" \/>\t\t\t\t\t<\/a>\n\t\t\t\t\t\t\t<\/div>\n\t\t\t\t\t\t<h3 class=\"uagb-post__title uagb-post__text\">\n\t\t\t\t<a href=\"https:\/\/badania.uew.pl\/en\/wueb-experts-weekly-review-research-projects-and-academic-successes-24-30-august-2026\/\" target=\"_self\" rel=\"bookmark noopener noreferrer\">WUEB Experts Weekly Review. Research, Projects and Academic Successes (24 &#8211; 30 August 2026)<\/a>\n\t\t\t<\/h3>\n\t\t\t\t\t\t<div class='uagb-post__text uagb-post-grid-byline'>\n\t\t\t\t\t\t\t<\/div>\n\t\t\t\n\t\t\t\t\t\t\t\t\t<\/article>\n\t\t\t\t\t\t\t\t\t\t\t\t\t\t\t\t<article class=\"uagb-post__inner-wrap\">\t\t\t\t\t\t\t\t<div class='uagb-post__image'>\n\t\t\t\t\t\t\t\t\t<a href=\"https:\/\/badania.uew.pl\/en\/visual-simulation-of-business-processes-wspb-joins-the-polish-roadmap-for-research-infrastructures\/\" target=\"_self\" rel=\"bookmark noopener noreferrer\" class=\"uagb-image-ratio-2-3\"><img loading=\"lazy\" decoding=\"async\" width=\"768\" height=\"512\" src=\"https:\/\/badania.uew.pl\/wp-content\/uploads\/sites\/23\/2026\/08\/Wizualna-symulacja-procesow-biznesowych-UEW-eng-768x512.png\" class=\"attachment-medium_large size-medium_large\" alt=\"Visual Simulation of Business Processes (WSPB) joins the Polish Roadmap for Research Infrastructures\" srcset=\"https:\/\/badania.uew.pl\/wp-content\/uploads\/sites\/23\/2026\/08\/Wizualna-symulacja-procesow-biznesowych-UEW-eng-768x512.png 768w, https:\/\/badania.uew.pl\/wp-content\/uploads\/sites\/23\/2026\/08\/Wizualna-symulacja-procesow-biznesowych-UEW-eng-300x200.png 300w, https:\/\/badania.uew.pl\/wp-content\/uploads\/sites\/23\/2026\/08\/Wizualna-symulacja-procesow-biznesowych-UEW-eng-1024x683.png 1024w, https:\/\/badania.uew.pl\/wp-content\/uploads\/sites\/23\/2026\/08\/Wizualna-symulacja-procesow-biznesowych-UEW-eng-391x260.png 391w, https:\/\/badania.uew.pl\/wp-content\/uploads\/sites\/23\/2026\/08\/Wizualna-symulacja-procesow-biznesowych-UEW-eng-1536x1024.png 1536w, https:\/\/badania.uew.pl\/wp-content\/uploads\/sites\/23\/2026\/08\/Wizualna-symulacja-procesow-biznesowych-UEW-eng.png 1920w\" sizes=\"auto, (max-width: 768px) 100vw, 768px\" \/>\t\t\t\t\t<\/a>\n\t\t\t\t\t\t\t<\/div>\n\t\t\t\t\t\t<h3 class=\"uagb-post__title uagb-post__text\">\n\t\t\t\t<a href=\"https:\/\/badania.uew.pl\/en\/visual-simulation-of-business-processes-wspb-joins-the-polish-roadmap-for-research-infrastructures\/\" target=\"_self\" rel=\"bookmark noopener noreferrer\">Visual Simulation of Business Processes (WSPB) joins the Polish Roadmap for Research Infrastructures<\/a>\n\t\t\t<\/h3>\n\t\t\t\t\t\t<div class='uagb-post__text uagb-post-grid-byline'>\n\t\t\t\t\t\t\t<\/div>\n\t\t\t\n\t\t\t\t\t\t\t\t\t<\/article>\n\t\t\t\t\t\t\t\t\t\t\t\t\t\t\t\t<article class=\"uagb-post__inner-wrap\">\t\t\t\t\t\t\t\t<div class='uagb-post__image'>\n\t\t\t\t\t\t\t\t\t<a href=\"https:\/\/badania.uew.pl\/en\/wueb-experts-weekly-rewiev-research-projects-and-academic-successes-17-23-august-2026\/\" target=\"_self\" rel=\"bookmark noopener noreferrer\" class=\"uagb-image-ratio-2-3\"><img loading=\"lazy\" decoding=\"async\" width=\"768\" height=\"512\" src=\"https:\/\/badania.uew.pl\/wp-content\/uploads\/sites\/23\/2026\/03\/Tydzien-z-ekspertami-UEW.-Komentarze-projekty-i-sukcesy-\u2013-przeglad-najwazniejszych-aktywnosci-768x512.jpg\" class=\"attachment-medium_large size-medium_large\" alt=\"Week with WUEB experts. Commentary, projects and achievements \u2013 a review of key activities\" srcset=\"https:\/\/badania.uew.pl\/wp-content\/uploads\/sites\/23\/2026\/03\/Tydzien-z-ekspertami-UEW.-Komentarze-projekty-i-sukcesy-\u2013-przeglad-najwazniejszych-aktywnosci-768x512.jpg 768w, https:\/\/badania.uew.pl\/wp-content\/uploads\/sites\/23\/2026\/03\/Tydzien-z-ekspertami-UEW.-Komentarze-projekty-i-sukcesy-\u2013-przeglad-najwazniejszych-aktywnosci-300x200.jpg 300w, https:\/\/badania.uew.pl\/wp-content\/uploads\/sites\/23\/2026\/03\/Tydzien-z-ekspertami-UEW.-Komentarze-projekty-i-sukcesy-\u2013-przeglad-najwazniejszych-aktywnosci-1024x683.jpg 1024w, https:\/\/badania.uew.pl\/wp-content\/uploads\/sites\/23\/2026\/03\/Tydzien-z-ekspertami-UEW.-Komentarze-projekty-i-sukcesy-\u2013-przeglad-najwazniejszych-aktywnosci-391x260.jpg 391w, https:\/\/badania.uew.pl\/wp-content\/uploads\/sites\/23\/2026\/03\/Tydzien-z-ekspertami-UEW.-Komentarze-projekty-i-sukcesy-\u2013-przeglad-najwazniejszych-aktywnosci-1536x1024.jpg 1536w, https:\/\/badania.uew.pl\/wp-content\/uploads\/sites\/23\/2026\/03\/Tydzien-z-ekspertami-UEW.-Komentarze-projekty-i-sukcesy-\u2013-przeglad-najwazniejszych-aktywnosci.jpg 1920w\" sizes=\"auto, (max-width: 768px) 100vw, 768px\" \/>\t\t\t\t\t<\/a>\n\t\t\t\t\t\t\t<\/div>\n\t\t\t\t\t\t<h3 class=\"uagb-post__title uagb-post__text\">\n\t\t\t\t<a href=\"https:\/\/badania.uew.pl\/en\/wueb-experts-weekly-rewiev-research-projects-and-academic-successes-17-23-august-2026\/\" target=\"_self\" rel=\"bookmark noopener noreferrer\">\u00a0WUEB experts weekly rewiev. Research, Projects and Academic Successes (17\u201323 August 2026)<\/a>\n\t\t\t<\/h3>\n\t\t\t\t\t\t<div class='uagb-post__text uagb-post-grid-byline'>\n\t\t\t\t\t\t\t<\/div>\n\t\t\t\n\t\t\t\t\t\t\t\t\t<\/article>\n\t\t\t\t\t\t\t\t\t\t\t\t\t\t\t\t<article class=\"uagb-post__inner-wrap\">\t\t\t\t\t\t\t\t<div class='uagb-post__image'>\n\t\t\t\t\t\t\t\t\t<a href=\"https:\/\/badania.uew.pl\/en\/wueb-awarded-visegrad-grant-to-study-the-skills-gap-across-the-v4\/\" target=\"_self\" rel=\"bookmark noopener noreferrer\" class=\"uagb-image-ratio-2-3\"><img loading=\"lazy\" decoding=\"async\" width=\"768\" height=\"512\" src=\"https:\/\/badania.uew.pl\/wp-content\/uploads\/sites\/23\/2026\/08\/Aktualnosci-3-768x512.png\" class=\"attachment-medium_large size-medium_large\" alt=\"The graphic features portraits of the WUEB team delivering the \u2018Bridging V4 Universities and Business through Design Thinking\u2019 project: mgr Paulina Graczyk, mgr Kamila \u0141uczak and mgr Maciej Krahel. The project has received funding from the International Visegrad Fund.\" srcset=\"https:\/\/badania.uew.pl\/wp-content\/uploads\/sites\/23\/2026\/08\/Aktualnosci-3-768x512.png 768w, https:\/\/badania.uew.pl\/wp-content\/uploads\/sites\/23\/2026\/08\/Aktualnosci-3-300x200.png 300w, https:\/\/badania.uew.pl\/wp-content\/uploads\/sites\/23\/2026\/08\/Aktualnosci-3-1024x683.png 1024w, https:\/\/badania.uew.pl\/wp-content\/uploads\/sites\/23\/2026\/08\/Aktualnosci-3-391x260.png 391w, https:\/\/badania.uew.pl\/wp-content\/uploads\/sites\/23\/2026\/08\/Aktualnosci-3-1536x1024.png 1536w, https:\/\/badania.uew.pl\/wp-content\/uploads\/sites\/23\/2026\/08\/Aktualnosci-3.png 1920w\" sizes=\"auto, (max-width: 768px) 100vw, 768px\" \/>\t\t\t\t\t<\/a>\n\t\t\t\t\t\t\t<\/div>\n\t\t\t\t\t\t<h3 class=\"uagb-post__title uagb-post__text\">\n\t\t\t\t<a href=\"https:\/\/badania.uew.pl\/en\/wueb-awarded-visegrad-grant-to-study-the-skills-gap-across-the-v4\/\" target=\"_self\" rel=\"bookmark noopener noreferrer\">WUEB awarded Visegrad grant to study the skills gap across the V4<\/a>\n\t\t\t<\/h3>\n\t\t\t\t\t\t<div class='uagb-post__text uagb-post-grid-byline'>\n\t\t\t\t\t\t\t<\/div>\n\t\t\t\n\t\t\t\t\t\t\t\t\t<\/article>\n\t\t\t\t\t\t\t\t\t\t\t\t\t\t\t\t<article class=\"uagb-post__inner-wrap\">\t\t\t\t\t\t\t\t<div class='uagb-post__image'>\n\t\t\t\t\t\t\t\t\t<a href=\"https:\/\/badania.uew.pl\/en\/prof-malgorzata-krzywonos-joins-the-management-committee-of-cost-action-brasschi\/\" target=\"_self\" rel=\"bookmark noopener noreferrer\" class=\"uagb-image-ratio-2-3\"><img loading=\"lazy\" decoding=\"async\" width=\"768\" height=\"512\" src=\"https:\/\/badania.uew.pl\/wp-content\/uploads\/sites\/23\/2026\/08\/Prof-Malgorzata-Krzywonos-joins-the-Management-Committee-of-COST-Action-BRASSCHI-768x512.jpg\" class=\"attachment-medium_large size-medium_large\" alt=\"\" srcset=\"https:\/\/badania.uew.pl\/wp-content\/uploads\/sites\/23\/2026\/08\/Prof-Malgorzata-Krzywonos-joins-the-Management-Committee-of-COST-Action-BRASSCHI-768x512.jpg 768w, https:\/\/badania.uew.pl\/wp-content\/uploads\/sites\/23\/2026\/08\/Prof-Malgorzata-Krzywonos-joins-the-Management-Committee-of-COST-Action-BRASSCHI-300x200.jpg 300w, https:\/\/badania.uew.pl\/wp-content\/uploads\/sites\/23\/2026\/08\/Prof-Malgorzata-Krzywonos-joins-the-Management-Committee-of-COST-Action-BRASSCHI-1024x683.jpg 1024w, https:\/\/badania.uew.pl\/wp-content\/uploads\/sites\/23\/2026\/08\/Prof-Malgorzata-Krzywonos-joins-the-Management-Committee-of-COST-Action-BRASSCHI-391x260.jpg 391w, https:\/\/badania.uew.pl\/wp-content\/uploads\/sites\/23\/2026\/08\/Prof-Malgorzata-Krzywonos-joins-the-Management-Committee-of-COST-Action-BRASSCHI-1536x1024.jpg 1536w, https:\/\/badania.uew.pl\/wp-content\/uploads\/sites\/23\/2026\/08\/Prof-Malgorzata-Krzywonos-joins-the-Management-Committee-of-COST-Action-BRASSCHI.jpg 1920w\" sizes=\"auto, (max-width: 768px) 100vw, 768px\" \/>\t\t\t\t\t<\/a>\n\t\t\t\t\t\t\t<\/div>\n\t\t\t\t\t\t<h3 class=\"uagb-post__title uagb-post__text\">\n\t\t\t\t<a href=\"https:\/\/badania.uew.pl\/en\/prof-malgorzata-krzywonos-joins-the-management-committee-of-cost-action-brasschi\/\" target=\"_self\" rel=\"bookmark noopener noreferrer\">Prof Ma\u0142gorzata Krzywonos joins the Management Committee of COST Action BRASSCHI<\/a>\n\t\t\t<\/h3>\n\t\t\t\t\t\t<div class='uagb-post__text uagb-post-grid-byline'>\n\t\t\t\t\t\t\t<\/div>\n\t\t\t\n\t\t\t\t\t\t\t\t\t<\/article>\n\t\t\t\t\t\t\t\t\t\t\t\t\t\t\t\t<article class=\"uagb-post__inner-wrap\">\t\t\t\t\t\t\t\t<div class='uagb-post__image'>\n\t\t\t\t\t\t\t\t\t<a href=\"https:\/\/badania.uew.pl\/en\/wueb-joins-discussions-on-teema-technology-park-in-miekinia\/\" target=\"_self\" rel=\"bookmark noopener noreferrer\" class=\"uagb-image-ratio-2-3\"><img loading=\"lazy\" decoding=\"async\" width=\"768\" height=\"512\" src=\"https:\/\/badania.uew.pl\/wp-content\/uploads\/sites\/23\/2026\/08\/UEW-w-rozmowach-o-TEEMA-Technology-Park-w-Miekini-768x512.jpg\" class=\"attachment-medium_large size-medium_large\" alt=\"Zdj\u0119cie z rozm\u00f3w. Ludzie siedz\u0105cy przy stole. W tle dziennikarze. W\u015br\u00f3d siedz\u0105cych A\u0142\u0142a Witwicka-Dudek oraz Krzysztof Piontek.\" srcset=\"https:\/\/badania.uew.pl\/wp-content\/uploads\/sites\/23\/2026\/08\/UEW-w-rozmowach-o-TEEMA-Technology-Park-w-Miekini-768x512.jpg 768w, https:\/\/badania.uew.pl\/wp-content\/uploads\/sites\/23\/2026\/08\/UEW-w-rozmowach-o-TEEMA-Technology-Park-w-Miekini-300x200.jpg 300w, https:\/\/badania.uew.pl\/wp-content\/uploads\/sites\/23\/2026\/08\/UEW-w-rozmowach-o-TEEMA-Technology-Park-w-Miekini-1024x683.jpg 1024w, https:\/\/badania.uew.pl\/wp-content\/uploads\/sites\/23\/2026\/08\/UEW-w-rozmowach-o-TEEMA-Technology-Park-w-Miekini-391x260.jpg 391w, https:\/\/badania.uew.pl\/wp-content\/uploads\/sites\/23\/2026\/08\/UEW-w-rozmowach-o-TEEMA-Technology-Park-w-Miekini-1536x1024.jpg 1536w, https:\/\/badania.uew.pl\/wp-content\/uploads\/sites\/23\/2026\/08\/UEW-w-rozmowach-o-TEEMA-Technology-Park-w-Miekini.jpg 1920w\" sizes=\"auto, (max-width: 768px) 100vw, 768px\" \/>\t\t\t\t\t<\/a>\n\t\t\t\t\t\t\t<\/div>\n\t\t\t\t\t\t<h3 class=\"uagb-post__title uagb-post__text\">\n\t\t\t\t<a href=\"https:\/\/badania.uew.pl\/en\/wueb-joins-discussions-on-teema-technology-park-in-miekinia\/\" target=\"_self\" rel=\"bookmark noopener noreferrer\">WUEB joins discussions on TEEMA Technology Park in Mi\u0119kinia<\/a>\n\t\t\t<\/h3>\n\t\t\t\t\t\t<div class='uagb-post__text uagb-post-grid-byline'>\n\t\t\t\t\t\t\t<\/div>\n\t\t\t\n\t\t\t\t\t\t\t\t\t<\/article>\n\t\t\t\t\t\t\t\t\t\t\t<\/div>\n\t\t\t<\/div>\n<\/div>\n","protected":false},"excerpt":{"rendered":"<p>Photocatalysts of the Future: How Niobium Oxide Can Help Purify [&hellip;]<\/p>\n","protected":false},"author":80,"featured_media":44421,"comment_status":"closed","ping_status":"closed","sticky":false,"template":"","format":"standard","meta":{"_acf_changed":false,"inline_featured_image":false,"_uag_custom_page_level_css":"","site-sidebar-layout":"default","site-content-layout":"","ast-site-content-layout":"default","site-content-style":"default","site-sidebar-style":"default","ast-global-header-display":"","ast-banner-title-visibility":"","ast-main-header-display":"","ast-hfb-above-header-display":"","ast-hfb-below-header-display":"","ast-hfb-mobile-header-display":"","site-post-title":"","ast-breadcrumbs-content":"","ast-featured-img":"","footer-sml-layout":"","ast-disable-related-posts":"","theme-transparent-header-meta":"","adv-header-id-meta":"","stick-header-meta":"","header-above-stick-meta":"","header-main-stick-meta":"","header-below-stick-meta":"","astra-migrate-meta-layouts":"set","ast-page-background-enabled":"default","ast-page-background-meta":{"desktop":{"background-color":"var(--ast-global-color-4)","background-image":"","background-repeat":"repeat","background-position":"center center","background-size":"auto","background-attachment":"scroll","background-type":"","background-media":"","overlay-type":"","overlay-color":"","overlay-opacity":"","overlay-gradient":""},"tablet":{"background-color":"","background-image":"","background-repeat":"repeat","background-position":"center center","background-size":"auto","background-attachment":"scroll","background-type":"","background-media":"","overlay-type":"","overlay-color":"","overlay-opacity":"","overlay-gradient":""},"mobile":{"background-color":"","background-image":"","background-repeat":"repeat","background-position":"center center","background-size":"auto","background-attachment":"scroll","background-type":"","background-media":"","overlay-type":"","overlay-color":"","overlay-opacity":"","overlay-gradient":""}},"ast-content-background-meta":{"desktop":{"background-color":"var(--ast-global-color-5)","background-image":"","background-repeat":"repeat","background-position":"center center","background-size":"auto","background-attachment":"scroll","background-type":"","background-media":"","overlay-type":"","overlay-color":"","overlay-opacity":"","overlay-gradient":""},"tablet":{"background-color":"var(--ast-global-color-5)","background-image":"","background-repeat":"repeat","background-position":"center center","background-size":"auto","background-attachment":"scroll","background-type":"","background-media":"","overlay-type":"","overlay-color":"","overlay-opacity":"","overlay-gradient":""},"mobile":{"background-color":"var(--ast-global-color-5)","background-image":"","background-repeat":"repeat","background-position":"center center","background-size":"auto","background-attachment":"scroll","background-type":"","background-media":"","overlay-type":"","overlay-color":"","overlay-opacity":"","overlay-gradient":""}},"footnotes":""},"categories":[333],"tags":[],"class_list":["post-44460","post","type-post","status-publish","format-standard","has-post-thumbnail","hentry","category-projects"],"acf":[],"featured_image_src":"https:\/\/badania.uew.pl\/wp-content\/uploads\/sites\/23\/2026\/02\/Nowe-swiatlowrazliwe-zwiazki-tlenkowe-zawierajace-niobV-jako-fotokatalizatory-do-oczyszczania-wody-spozywczej-z-mikrozanieczyszczen-organicznych.jpg","author_info":{"display_name":"kkanoniak","author_link":"https:\/\/badania.uew.pl\/en\/author\/kkanoniak\/"},"uagb_featured_image_src":{"full":["https:\/\/badania.uew.pl\/wp-content\/uploads\/sites\/23\/2026\/02\/Nowe-swiatlowrazliwe-zwiazki-tlenkowe-zawierajace-niobV-jako-fotokatalizatory-do-oczyszczania-wody-spozywczej-z-mikrozanieczyszczen-organicznych.jpg",1920,1280,false],"thumbnail":["https:\/\/badania.uew.pl\/wp-content\/uploads\/sites\/23\/2026\/02\/Nowe-swiatlowrazliwe-zwiazki-tlenkowe-zawierajace-niobV-jako-fotokatalizatory-do-oczyszczania-wody-spozywczej-z-mikrozanieczyszczen-organicznych-150x150.jpg",150,150,true],"medium":["https:\/\/badania.uew.pl\/wp-content\/uploads\/sites\/23\/2026\/02\/Nowe-swiatlowrazliwe-zwiazki-tlenkowe-zawierajace-niobV-jako-fotokatalizatory-do-oczyszczania-wody-spozywczej-z-mikrozanieczyszczen-organicznych-300x200.jpg",300,200,true],"medium_large":["https:\/\/badania.uew.pl\/wp-content\/uploads\/sites\/23\/2026\/02\/Nowe-swiatlowrazliwe-zwiazki-tlenkowe-zawierajace-niobV-jako-fotokatalizatory-do-oczyszczania-wody-spozywczej-z-mikrozanieczyszczen-organicznych-768x512.jpg",768,512,true],"large":["https:\/\/badania.uew.pl\/wp-content\/uploads\/sites\/23\/2026\/02\/Nowe-swiatlowrazliwe-zwiazki-tlenkowe-zawierajace-niobV-jako-fotokatalizatory-do-oczyszczania-wody-spozywczej-z-mikrozanieczyszczen-organicznych-1024x683.jpg",1024,683,true],"thumblist":["https:\/\/badania.uew.pl\/wp-content\/uploads\/sites\/23\/2026\/02\/Nowe-swiatlowrazliwe-zwiazki-tlenkowe-zawierajace-niobV-jako-fotokatalizatory-do-oczyszczania-wody-spozywczej-z-mikrozanieczyszczen-organicznych-300x300.jpg",300,300,true],"thumbrelated":["https:\/\/badania.uew.pl\/wp-content\/uploads\/sites\/23\/2026\/02\/Nowe-swiatlowrazliwe-zwiazki-tlenkowe-zawierajace-niobV-jako-fotokatalizatory-do-oczyszczania-wody-spozywczej-z-mikrozanieczyszczen-organicznych-500x500.jpg",500,500,true],"meccarouselthumb":["https:\/\/badania.uew.pl\/wp-content\/uploads\/sites\/23\/2026\/02\/Nowe-swiatlowrazliwe-zwiazki-tlenkowe-zawierajace-niobV-jako-fotokatalizatory-do-oczyszczania-wody-spozywczej-z-mikrozanieczyszczen-organicznych-474x324.jpg",474,324,true],"gridsquare":["https:\/\/badania.uew.pl\/wp-content\/uploads\/sites\/23\/2026\/02\/Nowe-swiatlowrazliwe-zwiazki-tlenkowe-zawierajace-niobV-jako-fotokatalizatory-do-oczyszczania-wody-spozywczej-z-mikrozanieczyszczen-organicznych-391x260.jpg",391,260,true],"tileview":["https:\/\/badania.uew.pl\/wp-content\/uploads\/sites\/23\/2026\/02\/Nowe-swiatlowrazliwe-zwiazki-tlenkowe-zawierajace-niobV-jako-fotokatalizatory-do-oczyszczania-wody-spozywczej-z-mikrozanieczyszczen-organicznych-300x400.jpg",300,400,true],"1536x1536":["https:\/\/badania.uew.pl\/wp-content\/uploads\/sites\/23\/2026\/02\/Nowe-swiatlowrazliwe-zwiazki-tlenkowe-zawierajace-niobV-jako-fotokatalizatory-do-oczyszczania-wody-spozywczej-z-mikrozanieczyszczen-organicznych-1536x1024.jpg",1536,1024,true],"2048x2048":["https:\/\/badania.uew.pl\/wp-content\/uploads\/sites\/23\/2026\/02\/Nowe-swiatlowrazliwe-zwiazki-tlenkowe-zawierajace-niobV-jako-fotokatalizatory-do-oczyszczania-wody-spozywczej-z-mikrozanieczyszczen-organicznych.jpg",1920,1280,false]},"uagb_author_info":{"display_name":"kkanoniak","author_link":"https:\/\/badania.uew.pl\/en\/author\/kkanoniak\/"},"uagb_comment_info":0,"uagb_excerpt":"Photocatalysts of the Future: How Niobium Oxide Can Help Purify [&hellip;]","publishpress_future_action":{"enabled":false,"date":"2026-09-05 18:16:12","action":"change-status","newStatus":"draft","terms":[],"taxonomy":"category","extraData":[]},"publishpress_future_workflow_manual_trigger":{"enabledWorkflows":[]},"_links":{"self":[{"href":"https:\/\/badania.uew.pl\/en\/wp-json\/wp\/v2\/posts\/44460","targetHints":{"allow":["GET"]}}],"collection":[{"href":"https:\/\/badania.uew.pl\/en\/wp-json\/wp\/v2\/posts"}],"about":[{"href":"https:\/\/badania.uew.pl\/en\/wp-json\/wp\/v2\/types\/post"}],"author":[{"embeddable":true,"href":"https:\/\/badania.uew.pl\/en\/wp-json\/wp\/v2\/users\/80"}],"replies":[{"embeddable":true,"href":"https:\/\/badania.uew.pl\/en\/wp-json\/wp\/v2\/comments?post=44460"}],"version-history":[{"count":1,"href":"https:\/\/badania.uew.pl\/en\/wp-json\/wp\/v2\/posts\/44460\/revisions"}],"predecessor-version":[{"id":44463,"href":"https:\/\/badania.uew.pl\/en\/wp-json\/wp\/v2\/posts\/44460\/revisions\/44463"}],"wp:featuredmedia":[{"embeddable":true,"href":"https:\/\/badania.uew.pl\/en\/wp-json\/wp\/v2\/media\/44421"}],"wp:attachment":[{"href":"https:\/\/badania.uew.pl\/en\/wp-json\/wp\/v2\/media?parent=44460"}],"wp:term":[{"taxonomy":"category","embeddable":true,"href":"https:\/\/badania.uew.pl\/en\/wp-json\/wp\/v2\/categories?post=44460"},{"taxonomy":"post_tag","embeddable":true,"href":"https:\/\/badania.uew.pl\/en\/wp-json\/wp\/v2\/tags?post=44460"}],"curies":[{"name":"wp","href":"https:\/\/api.w.org\/{rel}","templated":true}]}}