{"id":43923,"date":"2026-02-09T12:58:30","date_gmt":"2026-02-09T11:58:30","guid":{"rendered":"https:\/\/badania.uew.pl\/?p=43923"},"modified":"2026-04-16T14:27:08","modified_gmt":"2026-04-16T12:27:08","slug":"a-week-with-wueb-experts-02-february-08-february","status":"publish","type":"post","link":"https:\/\/badania.uew.pl\/en\/a-week-with-wueb-experts-02-february-08-february\/","title":{"rendered":"A Week with WUEB Experts. Commentary, projects and achievements \u2013 a review of key activities"},"content":{"rendered":"\n<div class=\"wp-block-columns is-layout-flex wp-container-core-columns-is-layout-fba3a3af wp-block-columns-is-layout-flex\" style=\"padding-top:var(--wp--preset--spacing--60);padding-bottom:var(--wp--preset--spacing--80)\">\n<div class=\"wp-block-column is-layout-constrained wp-container-core-column-is-layout-fd2b50d3 wp-block-column-is-layout-constrained\" style=\"flex-basis:100%\">\n<p class=\"has-medium-font-size wp-block-paragraph\"><strong>Over the past week, experts from the Wroc\u0142aw University of Economics and Business (WUEB) have contributed to debates important for businesses, local authorities and public policy. Topics ranged from taxation, KSeF and digital settlements, through demographic change in cities across Lower Silesia, to European security dilemmas linked to the SAFE programme, the economics of moderation, and questions about the costs and rationale of a new space era.<\/strong><\/p>\n\n\n\n<div class=\"wp-block-group has-ast-global-color-6-background-color has-background is-layout-constrained wp-container-core-group-is-layout-5a88be7f wp-block-group-is-layout-constrained\" style=\"border-top-style:none;border-top-width:0px;border-right-style:none;border-right-width:0px;border-bottom-style:none;border-bottom-width:0px;border-left-color:var(--wp--preset--color--ast-global-color-0);border-left-width:5px;margin-top:var(--wp--preset--spacing--60);margin-bottom:var(--wp--preset--spacing--60);padding-top:var(--wp--preset--spacing--60);padding-right:var(--wp--preset--spacing--60);padding-bottom:var(--wp--preset--spacing--60);padding-left:var(--wp--preset--spacing--60)\">\n<h2 class=\"wp-block-heading has-large-font-size\"><strong><strong><strong>KSeF, PIT and digital settlements now affect both businesses and employees<\/strong><\/strong><\/strong><\/h2>\n\n\n\n<p class=\"has-medium-font-size wp-block-paragraph\"><strong>WUEB expert: <a href=\"https:\/\/wir.ue.wroc.pl\/info\/author\/UEWR3350109ab1b2440e96a58ece6bb98462\/\" target=\"_blank\" rel=\"noreferrer noopener\">Karol Ciesielski, WUEB<\/a><\/strong><\/p>\n\n\n\n<p class=\"wp-block-paragraph\">The report on taxation and digital settlements also addressed issues related to KSeF and the practical preparations companies are making for upcoming changes.<\/p>\n\n\n\n<p class=\"wp-block-paragraph\"><a href=\"https:\/\/wroclaw.tvp.pl\/91313635\/ksef-pit-i-cyfrowe-rozliczenia-dotycza-dzis-zarowno-przedsiebiorcow-jak-i-pracownikow\" target=\"_blank\" rel=\"noopener\">https:\/\/wroclaw.tvp.pl\/91313635\/ksef-pit-i-cyfrowe-rozliczenia-dotycza-dzis-zarowno-przedsiebiorcow-jak-i-pracownikow<\/a><\/p>\n<\/div>\n\n\n\n<div class=\"wp-block-group has-ast-global-color-6-background-color has-background is-layout-constrained wp-container-core-group-is-layout-5a88be7f wp-block-group-is-layout-constrained\" style=\"border-top-style:none;border-top-width:0px;border-right-style:none;border-right-width:0px;border-bottom-style:none;border-bottom-width:0px;border-left-color:var(--wp--preset--color--ast-global-color-0);border-left-width:5px;margin-top:var(--wp--preset--spacing--60);margin-bottom:var(--wp--preset--spacing--60);padding-top:var(--wp--preset--spacing--60);padding-right:var(--wp--preset--spacing--60);padding-bottom:var(--wp--preset--spacing--60);padding-left:var(--wp--preset--spacing--60)\">\n<h2 class=\"wp-block-heading has-large-font-size\"><strong><strong><strong><strong>These Lower Silesian cities have seen the largest population outflows<\/strong><\/strong><\/strong><\/strong><\/h2>\n\n\n\n<p class=\"has-medium-font-size wp-block-paragraph\"><strong>WUEB expert: <a href=\"https:\/\/wir.ue.wroc.pl\/info\/author\/WUT289489\/\" target=\"_blank\" rel=\"noreferrer noopener\">dr \u0141ukasz Jurek<\/a><\/strong><\/p>\n\n\n\n<p class=\"wp-block-paragraph\">The WUEB expert commented on data concerning migration and depopulation in selected regional centres, highlighting the demographic and social consequences of these trends.<\/p>\n\n\n\n<p class=\"wp-block-paragraph\"><br><a href=\"https:\/\/gazetawroclawska.pl\/z-tych-dolnoslaskich-miast-ucieklo-najwiecej-mieszkancow-az-2-tysiace-w-zaledwie-rok-te-miejscowosci-najbardziej-sie-wyludniaja\/ar\/c1p2-28694695\" target=\"_blank\" rel=\"noopener\">https:\/\/gazetawroclawska.pl\/z-tych-dolnoslaskich-miast-ucieklo-najwiecej-mieszkancow-az-2-tysiace-w-zaledwie-rok-te-miejscowosci-najbardziej-sie-wyludniaja\/ar\/c1p2-28694695<\/a><\/p>\n<\/div>\n\n\n\n<div class=\"wp-block-group has-ast-global-color-6-background-color has-background is-layout-constrained wp-container-core-group-is-layout-5a88be7f wp-block-group-is-layout-constrained\" style=\"border-top-style:none;border-top-width:0px;border-right-style:none;border-right-width:0px;border-bottom-style:none;border-bottom-width:0px;border-left-color:var(--wp--preset--color--ast-global-color-0);border-left-width:5px;margin-top:var(--wp--preset--spacing--60);margin-bottom:var(--wp--preset--spacing--60);padding-top:var(--wp--preset--spacing--60);padding-right:var(--wp--preset--spacing--60);padding-bottom:var(--wp--preset--spacing--60);padding-left:var(--wp--preset--spacing--60)\">\n<h2 class=\"wp-block-heading has-large-font-size\"><strong><strong><strong><strong><strong>Professor Krzysztof Jajuga receives an honorary doctorate from the University of Radom<\/strong><\/strong><\/strong><\/strong><\/strong><\/h2>\n\n\n\n<p class=\"has-medium-font-size wp-block-paragraph\"><strong>WUEB expert: <a href=\"https:\/\/wir.ue.wroc.pl\/info\/author\/WUT288945\/\" target=\"_blank\" rel=\"noreferrer noopener\">Prof. dr hab. Krzysztof Jajuga<\/a><\/strong><\/p>\n\n\n\n<p class=\"wp-block-paragraph\">The Public Information Bulletin of the University of Radom published a document concerning Professor Krzysztof Jajuga, DSc.<\/p>\n\n\n\n<p class=\"wp-block-paragraph\"><a href=\"https:\/\/bip.uniwersytetradom.pl\/uchwala\/3237\/uchwala-nr-000-1-2-2026\" target=\"_blank\" rel=\"noreferrer noopener\">https:\/\/bip.uniwersytetradom.pl\/uchwala\/3237\/uchwala-nr-000-1-2-2026<\/a><\/p>\n<\/div>\n\n\n\n<div class=\"wp-block-group has-ast-global-color-6-background-color has-background is-layout-constrained wp-container-core-group-is-layout-5a88be7f wp-block-group-is-layout-constrained\" style=\"border-top-style:none;border-top-width:0px;border-right-style:none;border-right-width:0px;border-bottom-style:none;border-bottom-width:0px;border-left-color:var(--wp--preset--color--ast-global-color-0);border-left-width:5px;margin-top:var(--wp--preset--spacing--60);margin-bottom:var(--wp--preset--spacing--60);padding-top:var(--wp--preset--spacing--60);padding-right:var(--wp--preset--spacing--60);padding-bottom:var(--wp--preset--spacing--60);padding-left:var(--wp--preset--spacing--60)\">\n<h2 class=\"wp-block-heading has-large-font-size\"><strong><strong><strong><strong><strong><strong>Time for an economics of moderation<\/strong><\/strong><\/strong><\/strong><\/strong><\/strong><\/h2>\n\n\n\n<p class=\"has-medium-font-size wp-block-paragraph\"><strong>WUEB expert: <a href=\"https:\/\/wir.ue.wroc.pl\/info\/author\/WUT289801\/\" target=\"_blank\" rel=\"noreferrer noopener\">Prof. dr hab.&nbsp;Bogus\u0142aw Fiedor<\/a><\/strong><\/p>\n\n\n\n<p class=\"wp-block-paragraph\">The opinion piece emphasised the need for an approach based on moderation in public policy, resource management and ways of thinking about development.<\/p>\n\n\n\n<p class=\"wp-block-paragraph\"><a href=\"https:\/\/www.rp.pl\/opinie-ekonomiczne\/art43527581-czas-na-gospodarke-umiaru\" target=\"_blank\" rel=\"noopener\">https:\/\/www.rp.pl\/opinie-ekonomiczne\/art43527581-czas-na-gospodarke-umiaru<\/a><\/p>\n<\/div>\n\n\n\n<div class=\"wp-block-group has-ast-global-color-6-background-color has-background is-layout-constrained wp-container-core-group-is-layout-5a88be7f wp-block-group-is-layout-constrained\" style=\"border-top-style:none;border-top-width:0px;border-right-style:none;border-right-width:0px;border-bottom-style:none;border-bottom-width:0px;border-left-color:var(--wp--preset--color--ast-global-color-0);border-left-width:5px;margin-top:var(--wp--preset--spacing--60);margin-bottom:var(--wp--preset--spacing--60);padding-top:var(--wp--preset--spacing--60);padding-right:var(--wp--preset--spacing--60);padding-bottom:var(--wp--preset--spacing--60);padding-left:var(--wp--preset--spacing--60)\">\n<h2 class=\"wp-block-heading has-large-font-size\"><strong><strong><strong><strong><strong><strong><strong>Who will pay the price of a global economic war?<\/strong><\/strong><\/strong><\/strong><\/strong><\/strong><\/strong><\/h2>\n\n\n\n<p class=\"has-medium-font-size wp-block-paragraph\"><strong>WUEB expert: <a href=\"https:\/\/wir.ue.wroc.pl\/info\/author\/WUT288951\/\" target=\"_blank\" rel=\"noopener\">dr Rados\u0142aw Pietrzyk, prof. UEW<\/a><\/strong><\/p>\n\n\n\n<p class=\"wp-block-paragraph\">An expert commentary on how global economic pressure translates into Europe\u2019s dilemmas in a new international order, and the consequences for states and citizens. <\/p>\n\n\n\n<p class=\"wp-block-paragraph\"><a href=\"https:\/\/badania.uew.pl\/en\/who-will-pay-the-price-of-a-global-economic-war-dr-habil-radoslaw-pietrzyk-on-europes-dilemmas-in-the-emerging-global-order\/\" target=\"_blank\" rel=\"noreferrer noopener\">https:\/\/badania.uew.pl\/en\/who-will-pay-the-price-of-a-global-economic-war-dr-habil-radoslaw-pietrzyk-on-europes-dilemmas-in-the-emerging-global-order\/<\/a><\/p>\n<\/div>\n\n\n\n<div class=\"wp-block-group has-ast-global-color-6-background-color has-background is-layout-constrained wp-container-core-group-is-layout-5a88be7f wp-block-group-is-layout-constrained\" style=\"border-top-style:none;border-top-width:0px;border-right-style:none;border-right-width:0px;border-bottom-style:none;border-bottom-width:0px;border-left-color:var(--wp--preset--color--ast-global-color-0);border-left-width:5px;margin-top:var(--wp--preset--spacing--60);margin-bottom:var(--wp--preset--spacing--60);padding-top:var(--wp--preset--spacing--60);padding-right:var(--wp--preset--spacing--60);padding-bottom:var(--wp--preset--spacing--60);padding-left:var(--wp--preset--spacing--60)\">\n<h2 class=\"wp-block-heading has-large-font-size\"><strong><strong><strong><strong><strong><strong><strong><strong>A new space era: the future of humanity or visionary extravagance?<\/strong><\/strong><\/strong><\/strong><\/strong><\/strong><\/strong><\/strong><\/h2>\n\n\n\n<p class=\"has-medium-font-size wp-block-paragraph\"><strong>WUEB expert: <a href=\"https:\/\/wir.ue.wroc.pl\/info\/author\/WUT6ca7d3f88a174726b2b06296aec2139b\/\" target=\"_blank\" rel=\"noreferrer noopener\">mgr Julia Majewska<\/a><\/strong> <strong>Doctorial School<\/strong><\/p>\n\n\n\n<p class=\"wp-block-paragraph\">An article on the space economy examining what drives investment in space, where visionary ambition ends and a costly race begins, and which questions should be raised in public debate. <\/p>\n\n\n\n<p class=\"wp-block-paragraph\"><a href=\"https:\/\/badania.uew.pl\/en\/a-new-era-of-space-humanitys-future-or-visionary-wastefulness\/\" target=\"_blank\" rel=\"noreferrer noopener\">https:\/\/badania.uew.pl\/en\/a-new-era-of-space-humanitys-future-or-visionary-wastefulness\/<\/a><\/p>\n<\/div>\n\n\n\n<div class=\"wp-block-group has-ast-global-color-6-background-color has-background is-layout-constrained wp-container-core-group-is-layout-5a88be7f wp-block-group-is-layout-constrained\" style=\"border-top-style:none;border-top-width:0px;border-right-style:none;border-right-width:0px;border-bottom-style:none;border-bottom-width:0px;border-left-color:var(--wp--preset--color--ast-global-color-0);border-left-width:5px;margin-top:var(--wp--preset--spacing--60);margin-bottom:var(--wp--preset--spacing--60);padding-top:var(--wp--preset--spacing--60);padding-right:var(--wp--preset--spacing--60);padding-bottom:var(--wp--preset--spacing--60);padding-left:var(--wp--preset--spacing--60)\">\n<h2 class=\"wp-block-heading has-large-font-size\"><strong><strong><strong><strong><strong><strong><strong><strong><strong>Experts speak out on building a metro in Wroc\u0142aw: not if, but when<\/strong><\/strong><\/strong><\/strong><\/strong><\/strong><\/strong><\/strong><\/strong><\/h2>\n\n\n\n<p class=\"has-medium-font-size wp-block-paragraph\"><strong>WUEB expert: <a href=\"https:\/\/wir.ue.wroc.pl\/info\/author\/WUT289801\/\" target=\"_blank\" rel=\"noreferrer noopener\">Prof. dr hab.&nbsp;Bogus\u0142aw Fiedor<\/a><\/strong><\/p>\n\n\n\n<p class=\"wp-block-paragraph\">The article on the debate surrounding a metro in Wroc\u0142aw presented expert arguments highlighting the importance of long-term thinking in transport and infrastructure planning.<br><\/p>\n\n\n\n<p class=\"wp-block-paragraph\"><a href=\"https:\/\/wroclawskiefakty.pl\/eksperci-grzmia-o-budowie-metra-we-wroclawiu-nie-czy-tylko-kiedy\/\" target=\"_blank\" rel=\"noopener\">https:\/\/wroclawskiefakty.pl\/eksperci-grzmia-o-budowie-metra-we-wroclawiu-nie-czy-tylko-kiedy\/<\/a><\/p>\n<\/div>\n\n\n\n<p class=\"wp-block-paragraph\">The activity of WUEB experts over the past week reflects the breadth of the university\u2019s engagement \u2013 from commentary on taxation and the digitalisation of settlements, through analyses of demographic processes, to contributions to debates on security, development and the future of new technologies.<\/p>\n\n\n\n<p class=\"wp-block-paragraph\"><em><strong>badania.uew.pl \u2013 because the world needs competent voices when noise drowns out reason.<\/strong><\/em><\/p>\n\n\n\n<p class=\"has-text-align-right wp-block-paragraph\"><strong>Author: Barbara Grzelczak<\/strong><\/p>\n<\/div>\n<\/div>\n\n\n\n<div class=\"wp-block-columns block-main-events is-layout-flex wp-container-core-columns-is-layout-44712903 wp-block-columns-is-layout-flex\" style=\"margin-top:0;margin-bottom:0;padding-top:var(--wp--preset--spacing--80);padding-bottom:var(--wp--preset--spacing--80)\">\n<div class=\"wp-block-column is-layout-flow wp-block-column-is-layout-flow\">\n<h2 class=\"wp-block-heading has-text-align-center\" style=\"margin-bottom:var(--wp--preset--spacing--60)\">See similar content<\/h2>\n\n\n\n\t\t\t<div class=\"wp-block-uagb-post-grid uagb-post-grid  uagb-post__image-position-top uagb-post__image-enabled uagb-block-c534e230     uagb-post__items uagb-post__columns-4 is-grid uagb-post__columns-tablet-2 uagb-post__columns-mobile-1 uagb-post__equal-height\" data-total=\"20\" style=\"\">\n\n\t\t\t\t\t\t\t\t\t\t\t\t<article class=\"uagb-post__inner-wrap\">\t\t\t\t\t\t\t\t<div class='uagb-post__image'>\n\t\t\t\t\t\t\t\t\t<a href=\"https:\/\/badania.uew.pl\/en\/wueb-experts-weekly-review-research-projects-and-academic-successes-24-30-august-2026\/\" target=\"_self\" rel=\"bookmark noopener noreferrer\" class=\"uagb-image-ratio-2-3\"><img loading=\"lazy\" decoding=\"async\" width=\"768\" height=\"512\" src=\"https:\/\/badania.uew.pl\/wp-content\/uploads\/sites\/23\/2026\/03\/Tydzien-z-ekspertami-UEW.-Komentarze-projekty-i-sukcesy-\u2013-przeglad-najwazniejszych-aktywnosci-768x512.jpg\" class=\"attachment-medium_large size-medium_large\" alt=\"Week with WUEB experts. Commentary, projects and achievements \u2013 a review of key activities\" srcset=\"https:\/\/badania.uew.pl\/wp-content\/uploads\/sites\/23\/2026\/03\/Tydzien-z-ekspertami-UEW.-Komentarze-projekty-i-sukcesy-\u2013-przeglad-najwazniejszych-aktywnosci-768x512.jpg 768w, https:\/\/badania.uew.pl\/wp-content\/uploads\/sites\/23\/2026\/03\/Tydzien-z-ekspertami-UEW.-Komentarze-projekty-i-sukcesy-\u2013-przeglad-najwazniejszych-aktywnosci-300x200.jpg 300w, https:\/\/badania.uew.pl\/wp-content\/uploads\/sites\/23\/2026\/03\/Tydzien-z-ekspertami-UEW.-Komentarze-projekty-i-sukcesy-\u2013-przeglad-najwazniejszych-aktywnosci-1024x683.jpg 1024w, https:\/\/badania.uew.pl\/wp-content\/uploads\/sites\/23\/2026\/03\/Tydzien-z-ekspertami-UEW.-Komentarze-projekty-i-sukcesy-\u2013-przeglad-najwazniejszych-aktywnosci-391x260.jpg 391w, https:\/\/badania.uew.pl\/wp-content\/uploads\/sites\/23\/2026\/03\/Tydzien-z-ekspertami-UEW.-Komentarze-projekty-i-sukcesy-\u2013-przeglad-najwazniejszych-aktywnosci-1536x1024.jpg 1536w, https:\/\/badania.uew.pl\/wp-content\/uploads\/sites\/23\/2026\/03\/Tydzien-z-ekspertami-UEW.-Komentarze-projekty-i-sukcesy-\u2013-przeglad-najwazniejszych-aktywnosci.jpg 1920w\" sizes=\"auto, (max-width: 768px) 100vw, 768px\" \/>\t\t\t\t\t<\/a>\n\t\t\t\t\t\t\t<\/div>\n\t\t\t\t\t\t<h3 class=\"uagb-post__title uagb-post__text\">\n\t\t\t\t<a href=\"https:\/\/badania.uew.pl\/en\/wueb-experts-weekly-review-research-projects-and-academic-successes-24-30-august-2026\/\" target=\"_self\" rel=\"bookmark noopener noreferrer\">WUEB Experts Weekly Review. Research, Projects and Academic Successes (24 &#8211; 30 August 2026)<\/a>\n\t\t\t<\/h3>\n\t\t\t\t\t\t<div class='uagb-post__text uagb-post-grid-byline'>\n\t\t\t\t\t\t\t<\/div>\n\t\t\t\n\t\t\t\t\t\t\t\t\t<\/article>\n\t\t\t\t\t\t\t\t\t\t\t\t\t\t\t\t<article class=\"uagb-post__inner-wrap\">\t\t\t\t\t\t\t\t<div class='uagb-post__image'>\n\t\t\t\t\t\t\t\t\t<a href=\"https:\/\/badania.uew.pl\/en\/wueb-experts-weekly-rewiev-research-projects-and-academic-successes-17-23-august-2026\/\" target=\"_self\" rel=\"bookmark noopener noreferrer\" class=\"uagb-image-ratio-2-3\"><img loading=\"lazy\" decoding=\"async\" width=\"768\" height=\"512\" src=\"https:\/\/badania.uew.pl\/wp-content\/uploads\/sites\/23\/2026\/03\/Tydzien-z-ekspertami-UEW.-Komentarze-projekty-i-sukcesy-\u2013-przeglad-najwazniejszych-aktywnosci-768x512.jpg\" class=\"attachment-medium_large size-medium_large\" alt=\"Week with WUEB experts. Commentary, projects and achievements \u2013 a review of key activities\" srcset=\"https:\/\/badania.uew.pl\/wp-content\/uploads\/sites\/23\/2026\/03\/Tydzien-z-ekspertami-UEW.-Komentarze-projekty-i-sukcesy-\u2013-przeglad-najwazniejszych-aktywnosci-768x512.jpg 768w, https:\/\/badania.uew.pl\/wp-content\/uploads\/sites\/23\/2026\/03\/Tydzien-z-ekspertami-UEW.-Komentarze-projekty-i-sukcesy-\u2013-przeglad-najwazniejszych-aktywnosci-300x200.jpg 300w, https:\/\/badania.uew.pl\/wp-content\/uploads\/sites\/23\/2026\/03\/Tydzien-z-ekspertami-UEW.-Komentarze-projekty-i-sukcesy-\u2013-przeglad-najwazniejszych-aktywnosci-1024x683.jpg 1024w, https:\/\/badania.uew.pl\/wp-content\/uploads\/sites\/23\/2026\/03\/Tydzien-z-ekspertami-UEW.-Komentarze-projekty-i-sukcesy-\u2013-przeglad-najwazniejszych-aktywnosci-391x260.jpg 391w, https:\/\/badania.uew.pl\/wp-content\/uploads\/sites\/23\/2026\/03\/Tydzien-z-ekspertami-UEW.-Komentarze-projekty-i-sukcesy-\u2013-przeglad-najwazniejszych-aktywnosci-1536x1024.jpg 1536w, https:\/\/badania.uew.pl\/wp-content\/uploads\/sites\/23\/2026\/03\/Tydzien-z-ekspertami-UEW.-Komentarze-projekty-i-sukcesy-\u2013-przeglad-najwazniejszych-aktywnosci.jpg 1920w\" sizes=\"auto, (max-width: 768px) 100vw, 768px\" \/>\t\t\t\t\t<\/a>\n\t\t\t\t\t\t\t<\/div>\n\t\t\t\t\t\t<h3 class=\"uagb-post__title uagb-post__text\">\n\t\t\t\t<a href=\"https:\/\/badania.uew.pl\/en\/wueb-experts-weekly-rewiev-research-projects-and-academic-successes-17-23-august-2026\/\" target=\"_self\" rel=\"bookmark noopener noreferrer\">\u00a0WUEB experts weekly rewiev. Research, Projects and Academic Successes (17\u201323 August 2026)<\/a>\n\t\t\t<\/h3>\n\t\t\t\t\t\t<div class='uagb-post__text uagb-post-grid-byline'>\n\t\t\t\t\t\t\t<\/div>\n\t\t\t\n\t\t\t\t\t\t\t\t\t<\/article>\n\t\t\t\t\t\t\t\t\t\t\t\t\t\t\t\t<article class=\"uagb-post__inner-wrap\">\t\t\t\t\t\t\t\t<div class='uagb-post__image'>\n\t\t\t\t\t\t\t\t\t<a href=\"https:\/\/badania.uew.pl\/en\/wueb-experts-weekly-review-research-projects-and-academic-successes-10-16-august-2026\/\" target=\"_self\" rel=\"bookmark noopener noreferrer\" class=\"uagb-image-ratio-2-3\"><img loading=\"lazy\" decoding=\"async\" width=\"768\" height=\"512\" src=\"https:\/\/badania.uew.pl\/wp-content\/uploads\/sites\/23\/2026\/03\/Tydzien-z-ekspertami-UEW.-Komentarze-projekty-i-sukcesy-\u2013-przeglad-najwazniejszych-aktywnosci-768x512.jpg\" class=\"attachment-medium_large size-medium_large\" alt=\"Week with WUEB experts. Commentary, projects and achievements \u2013 a review of key activities\" srcset=\"https:\/\/badania.uew.pl\/wp-content\/uploads\/sites\/23\/2026\/03\/Tydzien-z-ekspertami-UEW.-Komentarze-projekty-i-sukcesy-\u2013-przeglad-najwazniejszych-aktywnosci-768x512.jpg 768w, https:\/\/badania.uew.pl\/wp-content\/uploads\/sites\/23\/2026\/03\/Tydzien-z-ekspertami-UEW.-Komentarze-projekty-i-sukcesy-\u2013-przeglad-najwazniejszych-aktywnosci-300x200.jpg 300w, https:\/\/badania.uew.pl\/wp-content\/uploads\/sites\/23\/2026\/03\/Tydzien-z-ekspertami-UEW.-Komentarze-projekty-i-sukcesy-\u2013-przeglad-najwazniejszych-aktywnosci-1024x683.jpg 1024w, https:\/\/badania.uew.pl\/wp-content\/uploads\/sites\/23\/2026\/03\/Tydzien-z-ekspertami-UEW.-Komentarze-projekty-i-sukcesy-\u2013-przeglad-najwazniejszych-aktywnosci-391x260.jpg 391w, https:\/\/badania.uew.pl\/wp-content\/uploads\/sites\/23\/2026\/03\/Tydzien-z-ekspertami-UEW.-Komentarze-projekty-i-sukcesy-\u2013-przeglad-najwazniejszych-aktywnosci-1536x1024.jpg 1536w, https:\/\/badania.uew.pl\/wp-content\/uploads\/sites\/23\/2026\/03\/Tydzien-z-ekspertami-UEW.-Komentarze-projekty-i-sukcesy-\u2013-przeglad-najwazniejszych-aktywnosci.jpg 1920w\" sizes=\"auto, (max-width: 768px) 100vw, 768px\" \/>\t\t\t\t\t<\/a>\n\t\t\t\t\t\t\t<\/div>\n\t\t\t\t\t\t<h3 class=\"uagb-post__title uagb-post__text\">\n\t\t\t\t<a href=\"https:\/\/badania.uew.pl\/en\/wueb-experts-weekly-review-research-projects-and-academic-successes-10-16-august-2026\/\" target=\"_self\" rel=\"bookmark noopener noreferrer\">WUEB Experts Weekly Review. Research, Projects and Academic Successes (10\u201316 August 2026)<\/a>\n\t\t\t<\/h3>\n\t\t\t\t\t\t<div class='uagb-post__text uagb-post-grid-byline'>\n\t\t\t\t\t\t\t<\/div>\n\t\t\t\n\t\t\t\t\t\t\t\t\t<\/article>\n\t\t\t\t\t\t\t\t\t\t\t\t\t\t\t\t<article class=\"uagb-post__inner-wrap\">\t\t\t\t\t\t\t\t<div class='uagb-post__image'>\n\t\t\t\t\t\t\t\t\t<a href=\"https:\/\/badania.uew.pl\/en\/wueb-experts-weekly-review-research-projects-and-academic-successes-3-9-august-2026\/\" target=\"_self\" rel=\"bookmark noopener noreferrer\" class=\"uagb-image-ratio-2-3\"><img loading=\"lazy\" decoding=\"async\" width=\"768\" height=\"512\" src=\"https:\/\/badania.uew.pl\/wp-content\/uploads\/sites\/23\/2026\/03\/Tydzien-z-ekspertami-UEW.-Komentarze-projekty-i-sukcesy-\u2013-przeglad-najwazniejszych-aktywnosci-768x512.jpg\" class=\"attachment-medium_large size-medium_large\" alt=\"Week with WUEB experts. Commentary, projects and achievements \u2013 a review of key activities\" srcset=\"https:\/\/badania.uew.pl\/wp-content\/uploads\/sites\/23\/2026\/03\/Tydzien-z-ekspertami-UEW.-Komentarze-projekty-i-sukcesy-\u2013-przeglad-najwazniejszych-aktywnosci-768x512.jpg 768w, https:\/\/badania.uew.pl\/wp-content\/uploads\/sites\/23\/2026\/03\/Tydzien-z-ekspertami-UEW.-Komentarze-projekty-i-sukcesy-\u2013-przeglad-najwazniejszych-aktywnosci-300x200.jpg 300w, https:\/\/badania.uew.pl\/wp-content\/uploads\/sites\/23\/2026\/03\/Tydzien-z-ekspertami-UEW.-Komentarze-projekty-i-sukcesy-\u2013-przeglad-najwazniejszych-aktywnosci-1024x683.jpg 1024w, https:\/\/badania.uew.pl\/wp-content\/uploads\/sites\/23\/2026\/03\/Tydzien-z-ekspertami-UEW.-Komentarze-projekty-i-sukcesy-\u2013-przeglad-najwazniejszych-aktywnosci-391x260.jpg 391w, https:\/\/badania.uew.pl\/wp-content\/uploads\/sites\/23\/2026\/03\/Tydzien-z-ekspertami-UEW.-Komentarze-projekty-i-sukcesy-\u2013-przeglad-najwazniejszych-aktywnosci-1536x1024.jpg 1536w, https:\/\/badania.uew.pl\/wp-content\/uploads\/sites\/23\/2026\/03\/Tydzien-z-ekspertami-UEW.-Komentarze-projekty-i-sukcesy-\u2013-przeglad-najwazniejszych-aktywnosci.jpg 1920w\" sizes=\"auto, (max-width: 768px) 100vw, 768px\" \/>\t\t\t\t\t<\/a>\n\t\t\t\t\t\t\t<\/div>\n\t\t\t\t\t\t<h3 class=\"uagb-post__title uagb-post__text\">\n\t\t\t\t<a href=\"https:\/\/badania.uew.pl\/en\/wueb-experts-weekly-review-research-projects-and-academic-successes-3-9-august-2026\/\" target=\"_self\" rel=\"bookmark noopener noreferrer\">WUEB Experts Weekly Review: Research, Projects and Academic Successes (3\u20139 August 2026)<\/a>\n\t\t\t<\/h3>\n\t\t\t\t\t\t<div class='uagb-post__text uagb-post-grid-byline'>\n\t\t\t\t\t\t\t<\/div>\n\t\t\t\n\t\t\t\t\t\t\t\t\t<\/article>\n\t\t\t\t\t\t\t\t\t\t\t<\/div>\n\t\t\t<\/div>\n<\/div>\n\n\n\n<div class=\"wp-block-columns news-four-column is-layout-flex wp-container-core-columns-is-layout-3534481f wp-block-columns-is-layout-flex\" style=\"margin-top:0;margin-bottom:0;padding-top:var(--wp--preset--spacing--80);padding-bottom:var(--wp--preset--spacing--80)\">\n<div class=\"wp-block-column is-layout-flow wp-block-column-is-layout-flow\">\n<h2 class=\"wp-block-heading has-text-align-center\" style=\"margin-bottom:var(--wp--preset--spacing--60)\">See also<\/h2>\n\n\n\n\t\t\t<div class=\"wp-block-uagb-post-grid uagb-post-grid  uagb-post__image-position-top uagb-post__image-enabled uagb-block-1ff73c89     uagb-post__items uagb-post__columns-4 is-grid uagb-post__columns-tablet-2 uagb-post__columns-mobile-1 uagb-post__equal-height\" data-total=\"28\" style=\"\">\n\n\t\t\t\t\t\t\t\t\t\t\t\t<article class=\"uagb-post__inner-wrap\">\t\t\t\t\t\t\t\t<div class='uagb-post__image'>\n\t\t\t\t\t\t\t\t\t<a href=\"https:\/\/badania.uew.pl\/en\/what-comes-after-a-phd-dr-milena-kowalska-at-the-economic-forum-in-karpacz\/\" target=\"_self\" rel=\"bookmark noopener noreferrer\" class=\"uagb-image-ratio-2-3\"><img loading=\"lazy\" decoding=\"async\" width=\"768\" height=\"512\" src=\"https:\/\/badania.uew.pl\/wp-content\/uploads\/sites\/23\/2026\/09\/Milena-Kowalska-w-zespole-doradczym-Ministra-Nauki-i-Szkolnictwa-Wyzszego-eng-768x512.png\" class=\"attachment-medium_large size-medium_large\" alt=\"Dr Milena Kowalska with the text: \u201cDr Milena Kowalska at the NAWA panel during the 2026 Economic Forum in Karpacz.\u201d\" srcset=\"https:\/\/badania.uew.pl\/wp-content\/uploads\/sites\/23\/2026\/09\/Milena-Kowalska-w-zespole-doradczym-Ministra-Nauki-i-Szkolnictwa-Wyzszego-eng-768x512.png 768w, https:\/\/badania.uew.pl\/wp-content\/uploads\/sites\/23\/2026\/09\/Milena-Kowalska-w-zespole-doradczym-Ministra-Nauki-i-Szkolnictwa-Wyzszego-eng-300x200.png 300w, https:\/\/badania.uew.pl\/wp-content\/uploads\/sites\/23\/2026\/09\/Milena-Kowalska-w-zespole-doradczym-Ministra-Nauki-i-Szkolnictwa-Wyzszego-eng-1024x683.png 1024w, https:\/\/badania.uew.pl\/wp-content\/uploads\/sites\/23\/2026\/09\/Milena-Kowalska-w-zespole-doradczym-Ministra-Nauki-i-Szkolnictwa-Wyzszego-eng-391x260.png 391w, https:\/\/badania.uew.pl\/wp-content\/uploads\/sites\/23\/2026\/09\/Milena-Kowalska-w-zespole-doradczym-Ministra-Nauki-i-Szkolnictwa-Wyzszego-eng-1536x1024.png 1536w, https:\/\/badania.uew.pl\/wp-content\/uploads\/sites\/23\/2026\/09\/Milena-Kowalska-w-zespole-doradczym-Ministra-Nauki-i-Szkolnictwa-Wyzszego-eng.png 1920w\" sizes=\"auto, (max-width: 768px) 100vw, 768px\" \/>\t\t\t\t\t<\/a>\n\t\t\t\t\t\t\t<\/div>\n\t\t\t\t\t\t<h3 class=\"uagb-post__title uagb-post__text\">\n\t\t\t\t<a href=\"https:\/\/badania.uew.pl\/en\/what-comes-after-a-phd-dr-milena-kowalska-at-the-economic-forum-in-karpacz\/\" target=\"_self\" rel=\"bookmark noopener noreferrer\">What comes after a PhD? Dr Milena Kowalska at the Economic Forum in\u00a0Karpacz\u00a0<\/a>\n\t\t\t<\/h3>\n\t\t\t\t\t\t<div class='uagb-post__text uagb-post-grid-byline'>\n\t\t\t\t\t\t\t<\/div>\n\t\t\t\n\t\t\t\t\t\t\t\t\t<\/article>\n\t\t\t\t\t\t\t\t\t\t\t\t\t\t\t\t<article class=\"uagb-post__inner-wrap\">\t\t\t\t\t\t\t\t<div class='uagb-post__image'>\n\t\t\t\t\t\t\t\t\t<a href=\"https:\/\/badania.uew.pl\/en\/bridging-v4-universities-and-business-through-design-thinking\/\" target=\"_self\" rel=\"bookmark noopener noreferrer\" class=\"uagb-image-ratio-2-3\"><img loading=\"lazy\" decoding=\"async\" width=\"768\" height=\"512\" src=\"https:\/\/badania.uew.pl\/wp-content\/uploads\/sites\/23\/2026\/09\/Bridging-V4-Universities-and-Business-through-Design-Thinking-1-768x512.png\" class=\"attachment-medium_large size-medium_large\" alt=\"A project exploring how universities can use Design Thinking to develop skills that are valuable at the start of a career.\" srcset=\"https:\/\/badania.uew.pl\/wp-content\/uploads\/sites\/23\/2026\/09\/Bridging-V4-Universities-and-Business-through-Design-Thinking-1-768x512.png 768w, https:\/\/badania.uew.pl\/wp-content\/uploads\/sites\/23\/2026\/09\/Bridging-V4-Universities-and-Business-through-Design-Thinking-1-300x200.png 300w, https:\/\/badania.uew.pl\/wp-content\/uploads\/sites\/23\/2026\/09\/Bridging-V4-Universities-and-Business-through-Design-Thinking-1-1024x683.png 1024w, https:\/\/badania.uew.pl\/wp-content\/uploads\/sites\/23\/2026\/09\/Bridging-V4-Universities-and-Business-through-Design-Thinking-1-391x260.png 391w, https:\/\/badania.uew.pl\/wp-content\/uploads\/sites\/23\/2026\/09\/Bridging-V4-Universities-and-Business-through-Design-Thinking-1-1536x1024.png 1536w, https:\/\/badania.uew.pl\/wp-content\/uploads\/sites\/23\/2026\/09\/Bridging-V4-Universities-and-Business-through-Design-Thinking-1.png 1920w\" sizes=\"auto, (max-width: 768px) 100vw, 768px\" \/>\t\t\t\t\t<\/a>\n\t\t\t\t\t\t\t<\/div>\n\t\t\t\t\t\t<h3 class=\"uagb-post__title uagb-post__text\">\n\t\t\t\t<a href=\"https:\/\/badania.uew.pl\/en\/bridging-v4-universities-and-business-through-design-thinking\/\" target=\"_self\" rel=\"bookmark noopener noreferrer\">Bridging V4 Universities and Business through Design Thinking\u00a0<\/a>\n\t\t\t<\/h3>\n\t\t\t\t\t\t<div class='uagb-post__text uagb-post-grid-byline'>\n\t\t\t\t\t\t\t<\/div>\n\t\t\t\n\t\t\t\t\t\t\t\t\t<\/article>\n\t\t\t\t\t\t\t\t\t\t\t\t\t\t\t\t<article class=\"uagb-post__inner-wrap\">\t\t\t\t\t\t\t\t<div class='uagb-post__image'>\n\t\t\t\t\t\t\t\t\t<a href=\"https:\/\/badania.uew.pl\/en\/wueb-experts-weekly-review-research-projects-and-academic-successes-24-30-august-2026\/\" target=\"_self\" rel=\"bookmark noopener noreferrer\" class=\"uagb-image-ratio-2-3\"><img loading=\"lazy\" decoding=\"async\" width=\"768\" height=\"512\" src=\"https:\/\/badania.uew.pl\/wp-content\/uploads\/sites\/23\/2026\/03\/Tydzien-z-ekspertami-UEW.-Komentarze-projekty-i-sukcesy-\u2013-przeglad-najwazniejszych-aktywnosci-768x512.jpg\" class=\"attachment-medium_large size-medium_large\" alt=\"Week with WUEB experts. Commentary, projects and achievements \u2013 a review of key activities\" srcset=\"https:\/\/badania.uew.pl\/wp-content\/uploads\/sites\/23\/2026\/03\/Tydzien-z-ekspertami-UEW.-Komentarze-projekty-i-sukcesy-\u2013-przeglad-najwazniejszych-aktywnosci-768x512.jpg 768w, https:\/\/badania.uew.pl\/wp-content\/uploads\/sites\/23\/2026\/03\/Tydzien-z-ekspertami-UEW.-Komentarze-projekty-i-sukcesy-\u2013-przeglad-najwazniejszych-aktywnosci-300x200.jpg 300w, https:\/\/badania.uew.pl\/wp-content\/uploads\/sites\/23\/2026\/03\/Tydzien-z-ekspertami-UEW.-Komentarze-projekty-i-sukcesy-\u2013-przeglad-najwazniejszych-aktywnosci-1024x683.jpg 1024w, https:\/\/badania.uew.pl\/wp-content\/uploads\/sites\/23\/2026\/03\/Tydzien-z-ekspertami-UEW.-Komentarze-projekty-i-sukcesy-\u2013-przeglad-najwazniejszych-aktywnosci-391x260.jpg 391w, https:\/\/badania.uew.pl\/wp-content\/uploads\/sites\/23\/2026\/03\/Tydzien-z-ekspertami-UEW.-Komentarze-projekty-i-sukcesy-\u2013-przeglad-najwazniejszych-aktywnosci-1536x1024.jpg 1536w, https:\/\/badania.uew.pl\/wp-content\/uploads\/sites\/23\/2026\/03\/Tydzien-z-ekspertami-UEW.-Komentarze-projekty-i-sukcesy-\u2013-przeglad-najwazniejszych-aktywnosci.jpg 1920w\" sizes=\"auto, (max-width: 768px) 100vw, 768px\" \/>\t\t\t\t\t<\/a>\n\t\t\t\t\t\t\t<\/div>\n\t\t\t\t\t\t<h3 class=\"uagb-post__title uagb-post__text\">\n\t\t\t\t<a href=\"https:\/\/badania.uew.pl\/en\/wueb-experts-weekly-review-research-projects-and-academic-successes-24-30-august-2026\/\" target=\"_self\" rel=\"bookmark noopener noreferrer\">WUEB Experts Weekly Review. Research, Projects and Academic Successes (24 &#8211; 30 August 2026)<\/a>\n\t\t\t<\/h3>\n\t\t\t\t\t\t<div class='uagb-post__text uagb-post-grid-byline'>\n\t\t\t\t\t\t\t<\/div>\n\t\t\t\n\t\t\t\t\t\t\t\t\t<\/article>\n\t\t\t\t\t\t\t\t\t\t\t\t\t\t\t\t<article class=\"uagb-post__inner-wrap\">\t\t\t\t\t\t\t\t<div class='uagb-post__image'>\n\t\t\t\t\t\t\t\t\t<a href=\"https:\/\/badania.uew.pl\/en\/visual-simulation-of-business-processes-wspb-joins-the-polish-roadmap-for-research-infrastructures\/\" target=\"_self\" rel=\"bookmark noopener noreferrer\" class=\"uagb-image-ratio-2-3\"><img loading=\"lazy\" decoding=\"async\" width=\"768\" height=\"512\" src=\"https:\/\/badania.uew.pl\/wp-content\/uploads\/sites\/23\/2026\/08\/Wizualna-symulacja-procesow-biznesowych-UEW-eng-768x512.png\" class=\"attachment-medium_large size-medium_large\" alt=\"Visual Simulation of Business Processes (WSPB) joins the Polish Roadmap for Research Infrastructures\" srcset=\"https:\/\/badania.uew.pl\/wp-content\/uploads\/sites\/23\/2026\/08\/Wizualna-symulacja-procesow-biznesowych-UEW-eng-768x512.png 768w, https:\/\/badania.uew.pl\/wp-content\/uploads\/sites\/23\/2026\/08\/Wizualna-symulacja-procesow-biznesowych-UEW-eng-300x200.png 300w, https:\/\/badania.uew.pl\/wp-content\/uploads\/sites\/23\/2026\/08\/Wizualna-symulacja-procesow-biznesowych-UEW-eng-1024x683.png 1024w, https:\/\/badania.uew.pl\/wp-content\/uploads\/sites\/23\/2026\/08\/Wizualna-symulacja-procesow-biznesowych-UEW-eng-391x260.png 391w, https:\/\/badania.uew.pl\/wp-content\/uploads\/sites\/23\/2026\/08\/Wizualna-symulacja-procesow-biznesowych-UEW-eng-1536x1024.png 1536w, https:\/\/badania.uew.pl\/wp-content\/uploads\/sites\/23\/2026\/08\/Wizualna-symulacja-procesow-biznesowych-UEW-eng.png 1920w\" sizes=\"auto, (max-width: 768px) 100vw, 768px\" \/>\t\t\t\t\t<\/a>\n\t\t\t\t\t\t\t<\/div>\n\t\t\t\t\t\t<h3 class=\"uagb-post__title uagb-post__text\">\n\t\t\t\t<a href=\"https:\/\/badania.uew.pl\/en\/visual-simulation-of-business-processes-wspb-joins-the-polish-roadmap-for-research-infrastructures\/\" target=\"_self\" rel=\"bookmark noopener noreferrer\">Visual Simulation of Business Processes (WSPB) joins the Polish Roadmap for Research Infrastructures<\/a>\n\t\t\t<\/h3>\n\t\t\t\t\t\t<div class='uagb-post__text uagb-post-grid-byline'>\n\t\t\t\t\t\t\t<\/div>\n\t\t\t\n\t\t\t\t\t\t\t\t\t<\/article>\n\t\t\t\t\t\t\t\t\t\t\t\t\t\t\t\t<article class=\"uagb-post__inner-wrap\">\t\t\t\t\t\t\t\t<div class='uagb-post__image'>\n\t\t\t\t\t\t\t\t\t<a href=\"https:\/\/badania.uew.pl\/en\/wueb-experts-weekly-rewiev-research-projects-and-academic-successes-17-23-august-2026\/\" target=\"_self\" rel=\"bookmark noopener noreferrer\" class=\"uagb-image-ratio-2-3\"><img loading=\"lazy\" decoding=\"async\" width=\"768\" height=\"512\" src=\"https:\/\/badania.uew.pl\/wp-content\/uploads\/sites\/23\/2026\/03\/Tydzien-z-ekspertami-UEW.-Komentarze-projekty-i-sukcesy-\u2013-przeglad-najwazniejszych-aktywnosci-768x512.jpg\" class=\"attachment-medium_large size-medium_large\" alt=\"Week with WUEB experts. Commentary, projects and achievements \u2013 a review of key activities\" srcset=\"https:\/\/badania.uew.pl\/wp-content\/uploads\/sites\/23\/2026\/03\/Tydzien-z-ekspertami-UEW.-Komentarze-projekty-i-sukcesy-\u2013-przeglad-najwazniejszych-aktywnosci-768x512.jpg 768w, https:\/\/badania.uew.pl\/wp-content\/uploads\/sites\/23\/2026\/03\/Tydzien-z-ekspertami-UEW.-Komentarze-projekty-i-sukcesy-\u2013-przeglad-najwazniejszych-aktywnosci-300x200.jpg 300w, https:\/\/badania.uew.pl\/wp-content\/uploads\/sites\/23\/2026\/03\/Tydzien-z-ekspertami-UEW.-Komentarze-projekty-i-sukcesy-\u2013-przeglad-najwazniejszych-aktywnosci-1024x683.jpg 1024w, https:\/\/badania.uew.pl\/wp-content\/uploads\/sites\/23\/2026\/03\/Tydzien-z-ekspertami-UEW.-Komentarze-projekty-i-sukcesy-\u2013-przeglad-najwazniejszych-aktywnosci-391x260.jpg 391w, https:\/\/badania.uew.pl\/wp-content\/uploads\/sites\/23\/2026\/03\/Tydzien-z-ekspertami-UEW.-Komentarze-projekty-i-sukcesy-\u2013-przeglad-najwazniejszych-aktywnosci-1536x1024.jpg 1536w, https:\/\/badania.uew.pl\/wp-content\/uploads\/sites\/23\/2026\/03\/Tydzien-z-ekspertami-UEW.-Komentarze-projekty-i-sukcesy-\u2013-przeglad-najwazniejszych-aktywnosci.jpg 1920w\" sizes=\"auto, (max-width: 768px) 100vw, 768px\" \/>\t\t\t\t\t<\/a>\n\t\t\t\t\t\t\t<\/div>\n\t\t\t\t\t\t<h3 class=\"uagb-post__title uagb-post__text\">\n\t\t\t\t<a href=\"https:\/\/badania.uew.pl\/en\/wueb-experts-weekly-rewiev-research-projects-and-academic-successes-17-23-august-2026\/\" target=\"_self\" rel=\"bookmark noopener noreferrer\">\u00a0WUEB experts weekly rewiev. Research, Projects and Academic Successes (17\u201323 August 2026)<\/a>\n\t\t\t<\/h3>\n\t\t\t\t\t\t<div class='uagb-post__text uagb-post-grid-byline'>\n\t\t\t\t\t\t\t<\/div>\n\t\t\t\n\t\t\t\t\t\t\t\t\t<\/article>\n\t\t\t\t\t\t\t\t\t\t\t\t\t\t\t\t<article class=\"uagb-post__inner-wrap\">\t\t\t\t\t\t\t\t<div class='uagb-post__image'>\n\t\t\t\t\t\t\t\t\t<a href=\"https:\/\/badania.uew.pl\/en\/wueb-awarded-visegrad-grant-to-study-the-skills-gap-across-the-v4\/\" target=\"_self\" rel=\"bookmark noopener noreferrer\" class=\"uagb-image-ratio-2-3\"><img loading=\"lazy\" decoding=\"async\" width=\"768\" height=\"512\" src=\"https:\/\/badania.uew.pl\/wp-content\/uploads\/sites\/23\/2026\/08\/Aktualnosci-3-768x512.png\" class=\"attachment-medium_large size-medium_large\" alt=\"The graphic features portraits of the WUEB team delivering the \u2018Bridging V4 Universities and Business through Design Thinking\u2019 project: mgr Paulina Graczyk, mgr Kamila \u0141uczak and mgr Maciej Krahel. The project has received funding from the International Visegrad Fund.\" srcset=\"https:\/\/badania.uew.pl\/wp-content\/uploads\/sites\/23\/2026\/08\/Aktualnosci-3-768x512.png 768w, https:\/\/badania.uew.pl\/wp-content\/uploads\/sites\/23\/2026\/08\/Aktualnosci-3-300x200.png 300w, https:\/\/badania.uew.pl\/wp-content\/uploads\/sites\/23\/2026\/08\/Aktualnosci-3-1024x683.png 1024w, https:\/\/badania.uew.pl\/wp-content\/uploads\/sites\/23\/2026\/08\/Aktualnosci-3-391x260.png 391w, https:\/\/badania.uew.pl\/wp-content\/uploads\/sites\/23\/2026\/08\/Aktualnosci-3-1536x1024.png 1536w, https:\/\/badania.uew.pl\/wp-content\/uploads\/sites\/23\/2026\/08\/Aktualnosci-3.png 1920w\" sizes=\"auto, (max-width: 768px) 100vw, 768px\" \/>\t\t\t\t\t<\/a>\n\t\t\t\t\t\t\t<\/div>\n\t\t\t\t\t\t<h3 class=\"uagb-post__title uagb-post__text\">\n\t\t\t\t<a href=\"https:\/\/badania.uew.pl\/en\/wueb-awarded-visegrad-grant-to-study-the-skills-gap-across-the-v4\/\" target=\"_self\" rel=\"bookmark noopener noreferrer\">WUEB awarded Visegrad grant to study the skills gap across the V4<\/a>\n\t\t\t<\/h3>\n\t\t\t\t\t\t<div class='uagb-post__text uagb-post-grid-byline'>\n\t\t\t\t\t\t\t<\/div>\n\t\t\t\n\t\t\t\t\t\t\t\t\t<\/article>\n\t\t\t\t\t\t\t\t\t\t\t\t\t\t\t\t<article class=\"uagb-post__inner-wrap\">\t\t\t\t\t\t\t\t<div class='uagb-post__image'>\n\t\t\t\t\t\t\t\t\t<a href=\"https:\/\/badania.uew.pl\/en\/prof-malgorzata-krzywonos-joins-the-management-committee-of-cost-action-brasschi\/\" target=\"_self\" rel=\"bookmark noopener noreferrer\" class=\"uagb-image-ratio-2-3\"><img loading=\"lazy\" decoding=\"async\" width=\"768\" height=\"512\" src=\"https:\/\/badania.uew.pl\/wp-content\/uploads\/sites\/23\/2026\/08\/Prof-Malgorzata-Krzywonos-joins-the-Management-Committee-of-COST-Action-BRASSCHI-768x512.jpg\" class=\"attachment-medium_large size-medium_large\" alt=\"\" srcset=\"https:\/\/badania.uew.pl\/wp-content\/uploads\/sites\/23\/2026\/08\/Prof-Malgorzata-Krzywonos-joins-the-Management-Committee-of-COST-Action-BRASSCHI-768x512.jpg 768w, https:\/\/badania.uew.pl\/wp-content\/uploads\/sites\/23\/2026\/08\/Prof-Malgorzata-Krzywonos-joins-the-Management-Committee-of-COST-Action-BRASSCHI-300x200.jpg 300w, https:\/\/badania.uew.pl\/wp-content\/uploads\/sites\/23\/2026\/08\/Prof-Malgorzata-Krzywonos-joins-the-Management-Committee-of-COST-Action-BRASSCHI-1024x683.jpg 1024w, https:\/\/badania.uew.pl\/wp-content\/uploads\/sites\/23\/2026\/08\/Prof-Malgorzata-Krzywonos-joins-the-Management-Committee-of-COST-Action-BRASSCHI-391x260.jpg 391w, https:\/\/badania.uew.pl\/wp-content\/uploads\/sites\/23\/2026\/08\/Prof-Malgorzata-Krzywonos-joins-the-Management-Committee-of-COST-Action-BRASSCHI-1536x1024.jpg 1536w, https:\/\/badania.uew.pl\/wp-content\/uploads\/sites\/23\/2026\/08\/Prof-Malgorzata-Krzywonos-joins-the-Management-Committee-of-COST-Action-BRASSCHI.jpg 1920w\" sizes=\"auto, (max-width: 768px) 100vw, 768px\" \/>\t\t\t\t\t<\/a>\n\t\t\t\t\t\t\t<\/div>\n\t\t\t\t\t\t<h3 class=\"uagb-post__title uagb-post__text\">\n\t\t\t\t<a href=\"https:\/\/badania.uew.pl\/en\/prof-malgorzata-krzywonos-joins-the-management-committee-of-cost-action-brasschi\/\" target=\"_self\" rel=\"bookmark noopener noreferrer\">Prof Ma\u0142gorzata Krzywonos joins the Management Committee of COST Action BRASSCHI<\/a>\n\t\t\t<\/h3>\n\t\t\t\t\t\t<div class='uagb-post__text uagb-post-grid-byline'>\n\t\t\t\t\t\t\t<\/div>\n\t\t\t\n\t\t\t\t\t\t\t\t\t<\/article>\n\t\t\t\t\t\t\t\t\t\t\t\t\t\t\t\t<article class=\"uagb-post__inner-wrap\">\t\t\t\t\t\t\t\t<div class='uagb-post__image'>\n\t\t\t\t\t\t\t\t\t<a href=\"https:\/\/badania.uew.pl\/en\/wueb-joins-discussions-on-teema-technology-park-in-miekinia\/\" target=\"_self\" rel=\"bookmark noopener noreferrer\" class=\"uagb-image-ratio-2-3\"><img loading=\"lazy\" decoding=\"async\" width=\"768\" height=\"512\" src=\"https:\/\/badania.uew.pl\/wp-content\/uploads\/sites\/23\/2026\/08\/UEW-w-rozmowach-o-TEEMA-Technology-Park-w-Miekini-768x512.jpg\" class=\"attachment-medium_large size-medium_large\" alt=\"Zdj\u0119cie z rozm\u00f3w. Ludzie siedz\u0105cy przy stole. W tle dziennikarze. W\u015br\u00f3d siedz\u0105cych A\u0142\u0142a Witwicka-Dudek oraz Krzysztof Piontek.\" srcset=\"https:\/\/badania.uew.pl\/wp-content\/uploads\/sites\/23\/2026\/08\/UEW-w-rozmowach-o-TEEMA-Technology-Park-w-Miekini-768x512.jpg 768w, https:\/\/badania.uew.pl\/wp-content\/uploads\/sites\/23\/2026\/08\/UEW-w-rozmowach-o-TEEMA-Technology-Park-w-Miekini-300x200.jpg 300w, https:\/\/badania.uew.pl\/wp-content\/uploads\/sites\/23\/2026\/08\/UEW-w-rozmowach-o-TEEMA-Technology-Park-w-Miekini-1024x683.jpg 1024w, https:\/\/badania.uew.pl\/wp-content\/uploads\/sites\/23\/2026\/08\/UEW-w-rozmowach-o-TEEMA-Technology-Park-w-Miekini-391x260.jpg 391w, https:\/\/badania.uew.pl\/wp-content\/uploads\/sites\/23\/2026\/08\/UEW-w-rozmowach-o-TEEMA-Technology-Park-w-Miekini-1536x1024.jpg 1536w, https:\/\/badania.uew.pl\/wp-content\/uploads\/sites\/23\/2026\/08\/UEW-w-rozmowach-o-TEEMA-Technology-Park-w-Miekini.jpg 1920w\" sizes=\"auto, (max-width: 768px) 100vw, 768px\" \/>\t\t\t\t\t<\/a>\n\t\t\t\t\t\t\t<\/div>\n\t\t\t\t\t\t<h3 class=\"uagb-post__title uagb-post__text\">\n\t\t\t\t<a href=\"https:\/\/badania.uew.pl\/en\/wueb-joins-discussions-on-teema-technology-park-in-miekinia\/\" target=\"_self\" rel=\"bookmark noopener noreferrer\">WUEB joins discussions on TEEMA Technology Park in Mi\u0119kinia<\/a>\n\t\t\t<\/h3>\n\t\t\t\t\t\t<div class='uagb-post__text uagb-post-grid-byline'>\n\t\t\t\t\t\t\t<\/div>\n\t\t\t\n\t\t\t\t\t\t\t\t\t<\/article>\n\t\t\t\t\t\t\t\t\t\t\t<\/div>\n\t\t\t<\/div>\n<\/div>\n\n\n\n<p class=\"wp-block-paragraph\"><\/p>\n","protected":false},"excerpt":{"rendered":"<p>Over the past week, experts from the Wroc\u0142aw University of [&hellip;]<\/p>\n","protected":false},"author":3741,"featured_media":46032,"comment_status":"closed","ping_status":"closed","sticky":false,"template":"","format":"standard","meta":{"_acf_changed":false,"inline_featured_image":false,"_uag_custom_page_level_css":"","site-sidebar-layout":"default","site-content-layout":"","ast-site-content-layout":"default","site-content-style":"default","site-sidebar-style":"default","ast-global-header-display":"","ast-banner-title-visibility":"","ast-main-header-display":"","ast-hfb-above-header-display":"","ast-hfb-below-header-display":"","ast-hfb-mobile-header-display":"","site-post-title":"","ast-breadcrumbs-content":"","ast-featured-img":"","footer-sml-layout":"","ast-disable-related-posts":"","theme-transparent-header-meta":"","adv-header-id-meta":"","stick-header-meta":"","header-above-stick-meta":"","header-main-stick-meta":"","header-below-stick-meta":"","astra-migrate-meta-layouts":"set","ast-page-background-enabled":"default","ast-page-background-meta":{"desktop":{"background-color":"var(--ast-global-color-4)","background-image":"","background-repeat":"repeat","background-position":"center center","background-size":"auto","background-attachment":"scroll","background-type":"","background-media":"","overlay-type":"","overlay-color":"","overlay-opacity":"","overlay-gradient":""},"tablet":{"background-color":"","background-image":"","background-repeat":"repeat","background-position":"center center","background-size":"auto","background-attachment":"scroll","background-type":"","background-media":"","overlay-type":"","overlay-color":"","overlay-opacity":"","overlay-gradient":""},"mobile":{"background-color":"","background-image":"","background-repeat":"repeat","background-position":"center center","background-size":"auto","background-attachment":"scroll","background-type":"","background-media":"","overlay-type":"","overlay-color":"","overlay-opacity":"","overlay-gradient":""}},"ast-content-background-meta":{"desktop":{"background-color":"var(--ast-global-color-5)","background-image":"","background-repeat":"repeat","background-position":"center center","background-size":"auto","background-attachment":"scroll","background-type":"","background-media":"","overlay-type":"","overlay-color":"","overlay-opacity":"","overlay-gradient":""},"tablet":{"background-color":"var(--ast-global-color-5)","background-image":"","background-repeat":"repeat","background-position":"center center","background-size":"auto","background-attachment":"scroll","background-type":"","background-media":"","overlay-type":"","overlay-color":"","overlay-opacity":"","overlay-gradient":""},"mobile":{"background-color":"var(--ast-global-color-5)","background-image":"","background-repeat":"repeat","background-position":"center center","background-size":"auto","background-attachment":"scroll","background-type":"","background-media":"","overlay-type":"","overlay-color":"","overlay-opacity":"","overlay-gradient":""}},"footnotes":""},"categories":[330],"tags":[990],"class_list":["post-43923","post","type-post","status-publish","format-standard","has-post-thumbnail","hentry","category-media-en","tag-week-with-wueb-experts"],"acf":[],"featured_image_src":"https:\/\/badania.uew.pl\/wp-content\/uploads\/sites\/23\/2026\/03\/Tydzien-z-ekspertami-UEW.-Komentarze-projekty-i-sukcesy-\u2013-przeglad-najwazniejszych-aktywnosci.jpg","author_info":{"display_name":"bgrzelczak","author_link":"https:\/\/badania.uew.pl\/en\/author\/bgrzelczak\/"},"uagb_featured_image_src":{"full":["https:\/\/badania.uew.pl\/wp-content\/uploads\/sites\/23\/2026\/03\/Tydzien-z-ekspertami-UEW.-Komentarze-projekty-i-sukcesy-\u2013-przeglad-najwazniejszych-aktywnosci.jpg",1920,1280,false],"thumbnail":["https:\/\/badania.uew.pl\/wp-content\/uploads\/sites\/23\/2026\/03\/Tydzien-z-ekspertami-UEW.-Komentarze-projekty-i-sukcesy-\u2013-przeglad-najwazniejszych-aktywnosci-150x150.jpg",150,150,true],"medium":["https:\/\/badania.uew.pl\/wp-content\/uploads\/sites\/23\/2026\/03\/Tydzien-z-ekspertami-UEW.-Komentarze-projekty-i-sukcesy-\u2013-przeglad-najwazniejszych-aktywnosci-300x200.jpg",300,200,true],"medium_large":["https:\/\/badania.uew.pl\/wp-content\/uploads\/sites\/23\/2026\/03\/Tydzien-z-ekspertami-UEW.-Komentarze-projekty-i-sukcesy-\u2013-przeglad-najwazniejszych-aktywnosci-768x512.jpg",768,512,true],"large":["https:\/\/badania.uew.pl\/wp-content\/uploads\/sites\/23\/2026\/03\/Tydzien-z-ekspertami-UEW.-Komentarze-projekty-i-sukcesy-\u2013-przeglad-najwazniejszych-aktywnosci-1024x683.jpg",1024,683,true],"thumblist":["https:\/\/badania.uew.pl\/wp-content\/uploads\/sites\/23\/2026\/03\/Tydzien-z-ekspertami-UEW.-Komentarze-projekty-i-sukcesy-\u2013-przeglad-najwazniejszych-aktywnosci-300x300.jpg",300,300,true],"thumbrelated":["https:\/\/badania.uew.pl\/wp-content\/uploads\/sites\/23\/2026\/03\/Tydzien-z-ekspertami-UEW.-Komentarze-projekty-i-sukcesy-\u2013-przeglad-najwazniejszych-aktywnosci-500x500.jpg",500,500,true],"meccarouselthumb":["https:\/\/badania.uew.pl\/wp-content\/uploads\/sites\/23\/2026\/03\/Tydzien-z-ekspertami-UEW.-Komentarze-projekty-i-sukcesy-\u2013-przeglad-najwazniejszych-aktywnosci-474x324.jpg",474,324,true],"gridsquare":["https:\/\/badania.uew.pl\/wp-content\/uploads\/sites\/23\/2026\/03\/Tydzien-z-ekspertami-UEW.-Komentarze-projekty-i-sukcesy-\u2013-przeglad-najwazniejszych-aktywnosci-391x260.jpg",391,260,true],"tileview":["https:\/\/badania.uew.pl\/wp-content\/uploads\/sites\/23\/2026\/03\/Tydzien-z-ekspertami-UEW.-Komentarze-projekty-i-sukcesy-\u2013-przeglad-najwazniejszych-aktywnosci-300x400.jpg",300,400,true],"1536x1536":["https:\/\/badania.uew.pl\/wp-content\/uploads\/sites\/23\/2026\/03\/Tydzien-z-ekspertami-UEW.-Komentarze-projekty-i-sukcesy-\u2013-przeglad-najwazniejszych-aktywnosci-1536x1024.jpg",1536,1024,true],"2048x2048":["https:\/\/badania.uew.pl\/wp-content\/uploads\/sites\/23\/2026\/03\/Tydzien-z-ekspertami-UEW.-Komentarze-projekty-i-sukcesy-\u2013-przeglad-najwazniejszych-aktywnosci.jpg",1920,1280,false]},"uagb_author_info":{"display_name":"bgrzelczak","author_link":"https:\/\/badania.uew.pl\/en\/author\/bgrzelczak\/"},"uagb_comment_info":0,"uagb_excerpt":"Over the past week, experts from the Wroc\u0142aw University of [&hellip;]","publishpress_future_action":{"enabled":false,"date":"2026-09-05 17:33:49","action":"change-status","newStatus":"draft","terms":[],"taxonomy":"category","extraData":[]},"publishpress_future_workflow_manual_trigger":{"enabledWorkflows":[]},"_links":{"self":[{"href":"https:\/\/badania.uew.pl\/en\/wp-json\/wp\/v2\/posts\/43923","targetHints":{"allow":["GET"]}}],"collection":[{"href":"https:\/\/badania.uew.pl\/en\/wp-json\/wp\/v2\/posts"}],"about":[{"href":"https:\/\/badania.uew.pl\/en\/wp-json\/wp\/v2\/types\/post"}],"author":[{"embeddable":true,"href":"https:\/\/badania.uew.pl\/en\/wp-json\/wp\/v2\/users\/3741"}],"replies":[{"embeddable":true,"href":"https:\/\/badania.uew.pl\/en\/wp-json\/wp\/v2\/comments?post=43923"}],"version-history":[{"count":4,"href":"https:\/\/badania.uew.pl\/en\/wp-json\/wp\/v2\/posts\/43923\/revisions"}],"predecessor-version":[{"id":47532,"href":"https:\/\/badania.uew.pl\/en\/wp-json\/wp\/v2\/posts\/43923\/revisions\/47532"}],"wp:featuredmedia":[{"embeddable":true,"href":"https:\/\/badania.uew.pl\/en\/wp-json\/wp\/v2\/media\/46032"}],"wp:attachment":[{"href":"https:\/\/badania.uew.pl\/en\/wp-json\/wp\/v2\/media?parent=43923"}],"wp:term":[{"taxonomy":"category","embeddable":true,"href":"https:\/\/badania.uew.pl\/en\/wp-json\/wp\/v2\/categories?post=43923"},{"taxonomy":"post_tag","embeddable":true,"href":"https:\/\/badania.uew.pl\/en\/wp-json\/wp\/v2\/tags?post=43923"}],"curies":[{"name":"wp","href":"https:\/\/api.w.org\/{rel}","templated":true}]}}