{"id":40902,"date":"2025-11-14T14:39:19","date_gmt":"2025-11-14T13:39:19","guid":{"rendered":"https:\/\/badania.uew.pl\/?p=40902"},"modified":"2026-04-03T12:09:59","modified_gmt":"2026-04-03T10:09:59","slug":"new-chinese-cars-rising-risks-associate-professor-pawel-dobrzanski-on-whats-next","status":"publish","type":"post","link":"https:\/\/badania.uew.pl\/en\/new-chinese-cars-rising-risks-associate-professor-pawel-dobrzanski-on-whats-next\/","title":{"rendered":"New Chinese cars, rising risks: Associate Professor Pawe\u0142 Dobrza\u0144ski on what\u2019s next\u00a0"},"content":{"rendered":"\n<div class=\"wp-block-columns is-layout-flex wp-container-core-columns-is-layout-fba3a3af wp-block-columns-is-layout-flex\" style=\"padding-top:var(--wp--preset--spacing--60);padding-bottom:var(--wp--preset--spacing--80)\">\n<div class=\"wp-block-column is-layout-constrained wp-container-core-column-is-layout-fd2b50d3 wp-block-column-is-layout-constrained\" style=\"flex-basis:100%\">\n<p class=\"has-medium-font-size wp-block-paragraph\"><strong>Chinese marques are gaining ground in Poland as sales approach a record in 2025. Lower prices please buyers, but pressure on critical-metal supply chains could hit Europe\u2019s automotive base &#8211; especially regions like Lower Silesia. Prof. <a href=\"https:\/\/wir.ue.wroc.pl\/info\/author\/WUT63030d4903044cd99fdef3f7e8c2aeca\/\" target=\"_blank\" rel=\"noreferrer noopener\">Pawe\u0142 Dobrza\u0144ski <\/a>(WUEB)&nbsp; emphasises the need for rapid, coordinated action and diversification.&nbsp;<\/strong><\/p>\n\n\n\n<figure class=\"wp-block-image alignwide size-full\" style=\"margin-top:var(--wp--preset--spacing--70);margin-bottom:var(--wp--preset--spacing--70)\"><img loading=\"lazy\" decoding=\"async\" width=\"1920\" height=\"1280\" src=\"https:\/\/badania.uew.pl\/wp-content\/uploads\/sites\/23\/2025\/11\/Aktualnosci-miniatura-1920x1280-1.jpg\" alt=\"\" class=\"wp-image-46470\" srcset=\"https:\/\/badania.uew.pl\/wp-content\/uploads\/sites\/23\/2025\/11\/Aktualnosci-miniatura-1920x1280-1.jpg 1920w, https:\/\/badania.uew.pl\/wp-content\/uploads\/sites\/23\/2025\/11\/Aktualnosci-miniatura-1920x1280-1-300x200.jpg 300w, https:\/\/badania.uew.pl\/wp-content\/uploads\/sites\/23\/2025\/11\/Aktualnosci-miniatura-1920x1280-1-1024x683.jpg 1024w, https:\/\/badania.uew.pl\/wp-content\/uploads\/sites\/23\/2025\/11\/Aktualnosci-miniatura-1920x1280-1-768x512.jpg 768w, https:\/\/badania.uew.pl\/wp-content\/uploads\/sites\/23\/2025\/11\/Aktualnosci-miniatura-1920x1280-1-391x260.jpg 391w, https:\/\/badania.uew.pl\/wp-content\/uploads\/sites\/23\/2025\/11\/Aktualnosci-miniatura-1920x1280-1-1536x1024.jpg 1536w\" sizes=\"auto, (max-width: 1920px) 100vw, 1920px\" \/><\/figure>\n\n\n\n<h2 class=\"wp-block-heading has-large-font-size\"><strong>The broadcast in brief<\/strong>&nbsp;<\/h2>\n\n\n\n<p class=\"wp-block-paragraph\">A Radio Wroc\u0142aw panel brought together Tomasz Siwi\u0144ski (\u201cFleet\u201d), Dr Adam Karpi\u0144ski (WSB Merito) and Pawe\u0142 Dobrza\u0144ski, Associate Professor at WUEB. The context: <strong>brisk growth in new-car registrations in 2025, accompanied by a rapidly rising share of Chinese brands<\/strong>. The discussion is available on Radio Wroc\u0142aw\u2019s website and YouTube.&nbsp;&nbsp;<\/p>\n\n\n\n<blockquote class=\"wp-block-quote is-layout-flow wp-block-quote-is-layout-flow\">\n<p class=\"wp-block-paragraph\"><strong>\u201cWe\u2019ve no time; we need to act like the Chinese &#8211; fast.\u201d \u2014 attributed to prof. Pawe\u0142 Dobrza\u0144ski.&nbsp;<\/strong><\/p>\n<\/blockquote>\n\n\n\n<h2 class=\"wp-block-heading has-large-font-size\"><strong>Prices vs. reputation: why share gains aren\u2019t guaranteed<\/strong>&nbsp;<\/h2>\n\n\n\n<p class=\"wp-block-paragraph\">Lower transaction prices pull some buyers back into showrooms. However, rapid share gains may not be sustained if brand reputation and proven product lifecycles remain decisive, especially in Western Europe. This nuance appeared throughout the debate.&nbsp;&nbsp; &nbsp;<\/p>\n\n\n\n<h2 class=\"wp-block-heading has-large-font-size\"><strong>From monthly payments to materials: the real bottleneck<\/strong>&nbsp;<\/h2>\n\n\n\n<p class=\"wp-block-paragraph\">The conversation moved from retail pricing to inputs. <strong>China\u2019s dominance in processing rare-earth elements &#8211; vital for electric motors and batteries and talk of tighter export rules raise the risk of a domino effect in European supply chains<\/strong>. The pandemic lesson &#8211; \u201cfive missing parts halt the line\u201d still applies.&nbsp;<\/p>\n\n\n\n<h2 class=\"wp-block-heading has-large-font-size\"><strong>Three actions prof. Dobrza\u0144ski highlights<\/strong>&nbsp;<\/h2>\n\n\n\n<ul class=\"wp-block-list\">\n<li><strong>Diversify sources of critical materials <\/strong>(e.g., the US, Australia, select African markets, Greenland) to reduce single-point exposure.&nbsp;&nbsp; &nbsp;<\/li>\n\n\n\n<li><strong>EU-level, fast, coordinated decisions<\/strong>. Tariffs alone won\u2019t help if Europe lacks end-to-end materials and processing capacity.&nbsp;&nbsp;<\/li>\n\n\n\n<li><strong>Stable rules for R&amp;D<\/strong>. Predictable frameworks to finance research in powertrains, materials and electronics, so Europe competes on quality\u2014not subsidies.&nbsp;&nbsp;&nbsp;<\/li>\n<\/ul>\n\n\n\n<h2 class=\"wp-block-heading has-large-font-size\"><strong>Lower Silesia: first to feel the shock<\/strong>&nbsp;<\/h2>\n\n\n\n<p class=\"wp-block-paragraph\">Lower Silesia hosts a dense network of automotive suppliers and assembly. <strong>If critical-metal tension bites, regions like this will feel it first: curtailed output, contractual penalties for delays, and thinner development budgets<\/strong>. Hence, there is a need for a contingency plan for raw materials and clear investment priorities.&nbsp;&nbsp;<\/p>\n\n\n\n<h2 class=\"wp-block-heading has-large-font-size\"><strong>Defence spillovers<\/strong>&nbsp;<\/h2>\n\n\n\n<p class=\"wp-block-paragraph\"><strong>If restrictions hit defence, where advanced materials demand is highest, the pressure would extend beyond civilian markets<\/strong>. Panellists converged on this point: the issue is no longer \u201ca cheaper SUV on a lease\u201d but economic security and resilience.&nbsp;&nbsp;<\/p>\n\n\n\n<h2 class=\"wp-block-heading has-large-font-size\"><strong>Today\u2019s buyer, tomorrow\u2019s strategy<\/strong>&nbsp;<\/h2>\n\n\n\n<p class=\"wp-block-paragraph\">Leasing and long-term rental make EV adoption easier and cap residual &#8211; value risk. Yet, focusing only on low instalments without building supply capacity, processing, and R&amp;D deepens dependence &#8211; risky in an industry with thousands of components per vehicle.&nbsp;<\/p>\n\n\n\n<h2 class=\"wp-block-heading has-large-font-size\"><strong>What this means for the EU, Poland and the region<\/strong>&nbsp;<\/h2>\n\n\n\n<ul class=\"wp-block-list\">\n<li><strong>Diversify critical metal supply now<\/strong> &#8211; before the \u201cfive missing parts\u201d stop lines again.&nbsp;&nbsp;&nbsp;&nbsp;<\/li>\n\n\n\n<li><strong>Rebuild processing capacity<\/strong> &#8211; not only mining, but refining and purification technologies.&nbsp;&nbsp;<\/li>\n\n\n\n<li><strong>Provide stable R&amp;D frameworks<\/strong> for powertrains, materials, and electronics.&nbsp;&nbsp;<\/li>\n\n\n\n<li><strong>Establish rapid decision forums<\/strong> across industry, government, and academia with clear timelines.&nbsp;<\/li>\n<\/ul>\n\n\n\n<p class=\"wp-block-paragraph\">Listen\/watch the full conversation on Radio Wroc\u0142aw: <a href=\"https:\/\/www.radiowroclaw.pl\/articles\/view\/155162\/Rozne-punkty-slyszenia-Nowe-auta-z-Chin-bija-rekordy-Dolny-Slask-moze-na-tym-stracic\" target=\"_blank\" rel=\"noreferrer noopener\">https:\/\/www.radiowroclaw.pl\/articles\/view\/155162\/Rozne-punkty-slyszenia-Nowe-auta-z-Chin-bija-rekordy-Dolny-Slask-moze-na-tym-stracic<\/a>&nbsp;<\/p>\n\n\n\n<p class=\"wp-block-paragraph\"><strong>badania.uew.pl \u2014 because today, more than ever, we need competent voices when noise drowns out reason.<\/strong>&nbsp;<\/p>\n\n\n\n<p class=\"has-text-align-right wp-block-paragraph\"><strong>Author: Barbara Grzelczak<\/strong><\/p>\n<\/div>\n<\/div>\n\n\n\n<div class=\"wp-block-columns block-main-events is-layout-flex wp-container-core-columns-is-layout-44712903 wp-block-columns-is-layout-flex\" style=\"margin-top:0;margin-bottom:0;padding-top:var(--wp--preset--spacing--80);padding-bottom:var(--wp--preset--spacing--80)\">\n<div class=\"wp-block-column is-layout-flow wp-block-column-is-layout-flow\">\n<h2 class=\"wp-block-heading has-text-align-center\" style=\"margin-bottom:var(--wp--preset--spacing--60)\">See similar content<\/h2>\n\n\n\n\t\t\t<div class=\"wp-block-uagb-post-grid uagb-post-grid  uagb-post__image-position-top uagb-post__image-enabled uagb-block-c534e230     uagb-post__items uagb-post__columns-4 is-grid uagb-post__columns-tablet-2 uagb-post__columns-mobile-1 uagb-post__equal-height\" data-total=\"20\" style=\"\">\n\n\t\t\t\t\t\t\t\t\t\t\t\t<article class=\"uagb-post__inner-wrap\">\t\t\t\t\t\t\t\t<div class='uagb-post__image'>\n\t\t\t\t\t\t\t\t\t<a href=\"https:\/\/badania.uew.pl\/en\/wueb-experts-weekly-review-research-projects-and-academic-successes-24-30-august-2026\/\" target=\"_self\" rel=\"bookmark noopener noreferrer\" class=\"uagb-image-ratio-2-3\"><img loading=\"lazy\" decoding=\"async\" width=\"768\" height=\"512\" src=\"https:\/\/badania.uew.pl\/wp-content\/uploads\/sites\/23\/2026\/03\/Tydzien-z-ekspertami-UEW.-Komentarze-projekty-i-sukcesy-\u2013-przeglad-najwazniejszych-aktywnosci-768x512.jpg\" class=\"attachment-medium_large size-medium_large\" alt=\"Week with WUEB experts. Commentary, projects and achievements \u2013 a review of key activities\" srcset=\"https:\/\/badania.uew.pl\/wp-content\/uploads\/sites\/23\/2026\/03\/Tydzien-z-ekspertami-UEW.-Komentarze-projekty-i-sukcesy-\u2013-przeglad-najwazniejszych-aktywnosci-768x512.jpg 768w, https:\/\/badania.uew.pl\/wp-content\/uploads\/sites\/23\/2026\/03\/Tydzien-z-ekspertami-UEW.-Komentarze-projekty-i-sukcesy-\u2013-przeglad-najwazniejszych-aktywnosci-300x200.jpg 300w, https:\/\/badania.uew.pl\/wp-content\/uploads\/sites\/23\/2026\/03\/Tydzien-z-ekspertami-UEW.-Komentarze-projekty-i-sukcesy-\u2013-przeglad-najwazniejszych-aktywnosci-1024x683.jpg 1024w, https:\/\/badania.uew.pl\/wp-content\/uploads\/sites\/23\/2026\/03\/Tydzien-z-ekspertami-UEW.-Komentarze-projekty-i-sukcesy-\u2013-przeglad-najwazniejszych-aktywnosci-391x260.jpg 391w, https:\/\/badania.uew.pl\/wp-content\/uploads\/sites\/23\/2026\/03\/Tydzien-z-ekspertami-UEW.-Komentarze-projekty-i-sukcesy-\u2013-przeglad-najwazniejszych-aktywnosci-1536x1024.jpg 1536w, https:\/\/badania.uew.pl\/wp-content\/uploads\/sites\/23\/2026\/03\/Tydzien-z-ekspertami-UEW.-Komentarze-projekty-i-sukcesy-\u2013-przeglad-najwazniejszych-aktywnosci.jpg 1920w\" sizes=\"auto, (max-width: 768px) 100vw, 768px\" \/>\t\t\t\t\t<\/a>\n\t\t\t\t\t\t\t<\/div>\n\t\t\t\t\t\t<h3 class=\"uagb-post__title uagb-post__text\">\n\t\t\t\t<a href=\"https:\/\/badania.uew.pl\/en\/wueb-experts-weekly-review-research-projects-and-academic-successes-24-30-august-2026\/\" target=\"_self\" rel=\"bookmark noopener noreferrer\">WUEB Experts Weekly Review. Research, Projects and Academic Successes (24 &#8211; 30 August 2026)<\/a>\n\t\t\t<\/h3>\n\t\t\t\t\t\t<div class='uagb-post__text uagb-post-grid-byline'>\n\t\t\t\t\t\t\t<\/div>\n\t\t\t\n\t\t\t\t\t\t\t\t\t<\/article>\n\t\t\t\t\t\t\t\t\t\t\t\t\t\t\t\t<article class=\"uagb-post__inner-wrap\">\t\t\t\t\t\t\t\t<div class='uagb-post__image'>\n\t\t\t\t\t\t\t\t\t<a href=\"https:\/\/badania.uew.pl\/en\/wueb-experts-weekly-rewiev-research-projects-and-academic-successes-17-23-august-2026\/\" target=\"_self\" rel=\"bookmark noopener noreferrer\" class=\"uagb-image-ratio-2-3\"><img loading=\"lazy\" decoding=\"async\" width=\"768\" height=\"512\" src=\"https:\/\/badania.uew.pl\/wp-content\/uploads\/sites\/23\/2026\/03\/Tydzien-z-ekspertami-UEW.-Komentarze-projekty-i-sukcesy-\u2013-przeglad-najwazniejszych-aktywnosci-768x512.jpg\" class=\"attachment-medium_large size-medium_large\" alt=\"Week with WUEB experts. Commentary, projects and achievements \u2013 a review of key activities\" srcset=\"https:\/\/badania.uew.pl\/wp-content\/uploads\/sites\/23\/2026\/03\/Tydzien-z-ekspertami-UEW.-Komentarze-projekty-i-sukcesy-\u2013-przeglad-najwazniejszych-aktywnosci-768x512.jpg 768w, https:\/\/badania.uew.pl\/wp-content\/uploads\/sites\/23\/2026\/03\/Tydzien-z-ekspertami-UEW.-Komentarze-projekty-i-sukcesy-\u2013-przeglad-najwazniejszych-aktywnosci-300x200.jpg 300w, https:\/\/badania.uew.pl\/wp-content\/uploads\/sites\/23\/2026\/03\/Tydzien-z-ekspertami-UEW.-Komentarze-projekty-i-sukcesy-\u2013-przeglad-najwazniejszych-aktywnosci-1024x683.jpg 1024w, https:\/\/badania.uew.pl\/wp-content\/uploads\/sites\/23\/2026\/03\/Tydzien-z-ekspertami-UEW.-Komentarze-projekty-i-sukcesy-\u2013-przeglad-najwazniejszych-aktywnosci-391x260.jpg 391w, https:\/\/badania.uew.pl\/wp-content\/uploads\/sites\/23\/2026\/03\/Tydzien-z-ekspertami-UEW.-Komentarze-projekty-i-sukcesy-\u2013-przeglad-najwazniejszych-aktywnosci-1536x1024.jpg 1536w, https:\/\/badania.uew.pl\/wp-content\/uploads\/sites\/23\/2026\/03\/Tydzien-z-ekspertami-UEW.-Komentarze-projekty-i-sukcesy-\u2013-przeglad-najwazniejszych-aktywnosci.jpg 1920w\" sizes=\"auto, (max-width: 768px) 100vw, 768px\" \/>\t\t\t\t\t<\/a>\n\t\t\t\t\t\t\t<\/div>\n\t\t\t\t\t\t<h3 class=\"uagb-post__title uagb-post__text\">\n\t\t\t\t<a href=\"https:\/\/badania.uew.pl\/en\/wueb-experts-weekly-rewiev-research-projects-and-academic-successes-17-23-august-2026\/\" target=\"_self\" rel=\"bookmark noopener noreferrer\">\u00a0WUEB experts weekly rewiev. Research, Projects and Academic Successes (17\u201323 August 2026)<\/a>\n\t\t\t<\/h3>\n\t\t\t\t\t\t<div class='uagb-post__text uagb-post-grid-byline'>\n\t\t\t\t\t\t\t<\/div>\n\t\t\t\n\t\t\t\t\t\t\t\t\t<\/article>\n\t\t\t\t\t\t\t\t\t\t\t\t\t\t\t\t<article class=\"uagb-post__inner-wrap\">\t\t\t\t\t\t\t\t<div class='uagb-post__image'>\n\t\t\t\t\t\t\t\t\t<a href=\"https:\/\/badania.uew.pl\/en\/wueb-experts-weekly-review-research-projects-and-academic-successes-10-16-august-2026\/\" target=\"_self\" rel=\"bookmark noopener noreferrer\" class=\"uagb-image-ratio-2-3\"><img loading=\"lazy\" decoding=\"async\" width=\"768\" height=\"512\" src=\"https:\/\/badania.uew.pl\/wp-content\/uploads\/sites\/23\/2026\/03\/Tydzien-z-ekspertami-UEW.-Komentarze-projekty-i-sukcesy-\u2013-przeglad-najwazniejszych-aktywnosci-768x512.jpg\" class=\"attachment-medium_large size-medium_large\" alt=\"Week with WUEB experts. Commentary, projects and achievements \u2013 a review of key activities\" srcset=\"https:\/\/badania.uew.pl\/wp-content\/uploads\/sites\/23\/2026\/03\/Tydzien-z-ekspertami-UEW.-Komentarze-projekty-i-sukcesy-\u2013-przeglad-najwazniejszych-aktywnosci-768x512.jpg 768w, https:\/\/badania.uew.pl\/wp-content\/uploads\/sites\/23\/2026\/03\/Tydzien-z-ekspertami-UEW.-Komentarze-projekty-i-sukcesy-\u2013-przeglad-najwazniejszych-aktywnosci-300x200.jpg 300w, https:\/\/badania.uew.pl\/wp-content\/uploads\/sites\/23\/2026\/03\/Tydzien-z-ekspertami-UEW.-Komentarze-projekty-i-sukcesy-\u2013-przeglad-najwazniejszych-aktywnosci-1024x683.jpg 1024w, https:\/\/badania.uew.pl\/wp-content\/uploads\/sites\/23\/2026\/03\/Tydzien-z-ekspertami-UEW.-Komentarze-projekty-i-sukcesy-\u2013-przeglad-najwazniejszych-aktywnosci-391x260.jpg 391w, https:\/\/badania.uew.pl\/wp-content\/uploads\/sites\/23\/2026\/03\/Tydzien-z-ekspertami-UEW.-Komentarze-projekty-i-sukcesy-\u2013-przeglad-najwazniejszych-aktywnosci-1536x1024.jpg 1536w, https:\/\/badania.uew.pl\/wp-content\/uploads\/sites\/23\/2026\/03\/Tydzien-z-ekspertami-UEW.-Komentarze-projekty-i-sukcesy-\u2013-przeglad-najwazniejszych-aktywnosci.jpg 1920w\" sizes=\"auto, (max-width: 768px) 100vw, 768px\" \/>\t\t\t\t\t<\/a>\n\t\t\t\t\t\t\t<\/div>\n\t\t\t\t\t\t<h3 class=\"uagb-post__title uagb-post__text\">\n\t\t\t\t<a href=\"https:\/\/badania.uew.pl\/en\/wueb-experts-weekly-review-research-projects-and-academic-successes-10-16-august-2026\/\" target=\"_self\" rel=\"bookmark noopener noreferrer\">WUEB Experts Weekly Review. Research, Projects and Academic Successes (10\u201316 August 2026)<\/a>\n\t\t\t<\/h3>\n\t\t\t\t\t\t<div class='uagb-post__text uagb-post-grid-byline'>\n\t\t\t\t\t\t\t<\/div>\n\t\t\t\n\t\t\t\t\t\t\t\t\t<\/article>\n\t\t\t\t\t\t\t\t\t\t\t\t\t\t\t\t<article class=\"uagb-post__inner-wrap\">\t\t\t\t\t\t\t\t<div class='uagb-post__image'>\n\t\t\t\t\t\t\t\t\t<a href=\"https:\/\/badania.uew.pl\/en\/wueb-experts-weekly-review-research-projects-and-academic-successes-3-9-august-2026\/\" target=\"_self\" rel=\"bookmark noopener noreferrer\" class=\"uagb-image-ratio-2-3\"><img loading=\"lazy\" decoding=\"async\" width=\"768\" height=\"512\" src=\"https:\/\/badania.uew.pl\/wp-content\/uploads\/sites\/23\/2026\/03\/Tydzien-z-ekspertami-UEW.-Komentarze-projekty-i-sukcesy-\u2013-przeglad-najwazniejszych-aktywnosci-768x512.jpg\" class=\"attachment-medium_large size-medium_large\" alt=\"Week with WUEB experts. Commentary, projects and achievements \u2013 a review of key activities\" srcset=\"https:\/\/badania.uew.pl\/wp-content\/uploads\/sites\/23\/2026\/03\/Tydzien-z-ekspertami-UEW.-Komentarze-projekty-i-sukcesy-\u2013-przeglad-najwazniejszych-aktywnosci-768x512.jpg 768w, https:\/\/badania.uew.pl\/wp-content\/uploads\/sites\/23\/2026\/03\/Tydzien-z-ekspertami-UEW.-Komentarze-projekty-i-sukcesy-\u2013-przeglad-najwazniejszych-aktywnosci-300x200.jpg 300w, https:\/\/badania.uew.pl\/wp-content\/uploads\/sites\/23\/2026\/03\/Tydzien-z-ekspertami-UEW.-Komentarze-projekty-i-sukcesy-\u2013-przeglad-najwazniejszych-aktywnosci-1024x683.jpg 1024w, https:\/\/badania.uew.pl\/wp-content\/uploads\/sites\/23\/2026\/03\/Tydzien-z-ekspertami-UEW.-Komentarze-projekty-i-sukcesy-\u2013-przeglad-najwazniejszych-aktywnosci-391x260.jpg 391w, https:\/\/badania.uew.pl\/wp-content\/uploads\/sites\/23\/2026\/03\/Tydzien-z-ekspertami-UEW.-Komentarze-projekty-i-sukcesy-\u2013-przeglad-najwazniejszych-aktywnosci-1536x1024.jpg 1536w, https:\/\/badania.uew.pl\/wp-content\/uploads\/sites\/23\/2026\/03\/Tydzien-z-ekspertami-UEW.-Komentarze-projekty-i-sukcesy-\u2013-przeglad-najwazniejszych-aktywnosci.jpg 1920w\" sizes=\"auto, (max-width: 768px) 100vw, 768px\" \/>\t\t\t\t\t<\/a>\n\t\t\t\t\t\t\t<\/div>\n\t\t\t\t\t\t<h3 class=\"uagb-post__title uagb-post__text\">\n\t\t\t\t<a href=\"https:\/\/badania.uew.pl\/en\/wueb-experts-weekly-review-research-projects-and-academic-successes-3-9-august-2026\/\" target=\"_self\" rel=\"bookmark noopener noreferrer\">WUEB Experts Weekly Review: Research, Projects and Academic Successes (3\u20139 August 2026)<\/a>\n\t\t\t<\/h3>\n\t\t\t\t\t\t<div class='uagb-post__text uagb-post-grid-byline'>\n\t\t\t\t\t\t\t<\/div>\n\t\t\t\n\t\t\t\t\t\t\t\t\t<\/article>\n\t\t\t\t\t\t\t\t\t\t\t<\/div>\n\t\t\t<\/div>\n<\/div>\n\n\n\n<div class=\"wp-block-columns news-four-column is-layout-flex wp-container-core-columns-is-layout-3534481f wp-block-columns-is-layout-flex\" style=\"margin-top:0;margin-bottom:0;padding-top:var(--wp--preset--spacing--80);padding-bottom:var(--wp--preset--spacing--80)\">\n<div class=\"wp-block-column is-layout-flow wp-block-column-is-layout-flow\">\n<h2 class=\"wp-block-heading has-text-align-center\" style=\"margin-bottom:var(--wp--preset--spacing--60)\">See also<\/h2>\n\n\n\n\t\t\t<div class=\"wp-block-uagb-post-grid uagb-post-grid  uagb-post__image-position-top uagb-post__image-enabled uagb-block-1ff73c89     uagb-post__items uagb-post__columns-4 is-grid uagb-post__columns-tablet-2 uagb-post__columns-mobile-1 uagb-post__equal-height\" data-total=\"28\" style=\"\">\n\n\t\t\t\t\t\t\t\t\t\t\t\t<article class=\"uagb-post__inner-wrap\">\t\t\t\t\t\t\t\t<div class='uagb-post__image'>\n\t\t\t\t\t\t\t\t\t<a href=\"https:\/\/badania.uew.pl\/en\/what-comes-after-a-phd-dr-milena-kowalska-at-the-economic-forum-in-karpacz\/\" target=\"_self\" rel=\"bookmark noopener noreferrer\" class=\"uagb-image-ratio-2-3\"><img loading=\"lazy\" decoding=\"async\" width=\"768\" height=\"512\" src=\"https:\/\/badania.uew.pl\/wp-content\/uploads\/sites\/23\/2026\/09\/Milena-Kowalska-w-zespole-doradczym-Ministra-Nauki-i-Szkolnictwa-Wyzszego-eng-768x512.png\" class=\"attachment-medium_large size-medium_large\" alt=\"Dr Milena Kowalska with the text: \u201cDr Milena Kowalska at the NAWA panel during the 2026 Economic Forum in Karpacz.\u201d\" srcset=\"https:\/\/badania.uew.pl\/wp-content\/uploads\/sites\/23\/2026\/09\/Milena-Kowalska-w-zespole-doradczym-Ministra-Nauki-i-Szkolnictwa-Wyzszego-eng-768x512.png 768w, https:\/\/badania.uew.pl\/wp-content\/uploads\/sites\/23\/2026\/09\/Milena-Kowalska-w-zespole-doradczym-Ministra-Nauki-i-Szkolnictwa-Wyzszego-eng-300x200.png 300w, https:\/\/badania.uew.pl\/wp-content\/uploads\/sites\/23\/2026\/09\/Milena-Kowalska-w-zespole-doradczym-Ministra-Nauki-i-Szkolnictwa-Wyzszego-eng-1024x683.png 1024w, https:\/\/badania.uew.pl\/wp-content\/uploads\/sites\/23\/2026\/09\/Milena-Kowalska-w-zespole-doradczym-Ministra-Nauki-i-Szkolnictwa-Wyzszego-eng-391x260.png 391w, https:\/\/badania.uew.pl\/wp-content\/uploads\/sites\/23\/2026\/09\/Milena-Kowalska-w-zespole-doradczym-Ministra-Nauki-i-Szkolnictwa-Wyzszego-eng-1536x1024.png 1536w, https:\/\/badania.uew.pl\/wp-content\/uploads\/sites\/23\/2026\/09\/Milena-Kowalska-w-zespole-doradczym-Ministra-Nauki-i-Szkolnictwa-Wyzszego-eng.png 1920w\" sizes=\"auto, (max-width: 768px) 100vw, 768px\" \/>\t\t\t\t\t<\/a>\n\t\t\t\t\t\t\t<\/div>\n\t\t\t\t\t\t<h3 class=\"uagb-post__title uagb-post__text\">\n\t\t\t\t<a href=\"https:\/\/badania.uew.pl\/en\/what-comes-after-a-phd-dr-milena-kowalska-at-the-economic-forum-in-karpacz\/\" target=\"_self\" rel=\"bookmark noopener noreferrer\">What comes after a PhD? Dr Milena Kowalska at the Economic Forum in\u00a0Karpacz\u00a0<\/a>\n\t\t\t<\/h3>\n\t\t\t\t\t\t<div class='uagb-post__text uagb-post-grid-byline'>\n\t\t\t\t\t\t\t<\/div>\n\t\t\t\n\t\t\t\t\t\t\t\t\t<\/article>\n\t\t\t\t\t\t\t\t\t\t\t\t\t\t\t\t<article class=\"uagb-post__inner-wrap\">\t\t\t\t\t\t\t\t<div class='uagb-post__image'>\n\t\t\t\t\t\t\t\t\t<a href=\"https:\/\/badania.uew.pl\/en\/bridging-v4-universities-and-business-through-design-thinking\/\" target=\"_self\" rel=\"bookmark noopener noreferrer\" class=\"uagb-image-ratio-2-3\"><img loading=\"lazy\" decoding=\"async\" width=\"768\" height=\"512\" src=\"https:\/\/badania.uew.pl\/wp-content\/uploads\/sites\/23\/2026\/09\/Bridging-V4-Universities-and-Business-through-Design-Thinking-1-768x512.png\" class=\"attachment-medium_large size-medium_large\" alt=\"A project exploring how universities can use Design Thinking to develop skills that are valuable at the start of a career.\" srcset=\"https:\/\/badania.uew.pl\/wp-content\/uploads\/sites\/23\/2026\/09\/Bridging-V4-Universities-and-Business-through-Design-Thinking-1-768x512.png 768w, https:\/\/badania.uew.pl\/wp-content\/uploads\/sites\/23\/2026\/09\/Bridging-V4-Universities-and-Business-through-Design-Thinking-1-300x200.png 300w, https:\/\/badania.uew.pl\/wp-content\/uploads\/sites\/23\/2026\/09\/Bridging-V4-Universities-and-Business-through-Design-Thinking-1-1024x683.png 1024w, https:\/\/badania.uew.pl\/wp-content\/uploads\/sites\/23\/2026\/09\/Bridging-V4-Universities-and-Business-through-Design-Thinking-1-391x260.png 391w, https:\/\/badania.uew.pl\/wp-content\/uploads\/sites\/23\/2026\/09\/Bridging-V4-Universities-and-Business-through-Design-Thinking-1-1536x1024.png 1536w, https:\/\/badania.uew.pl\/wp-content\/uploads\/sites\/23\/2026\/09\/Bridging-V4-Universities-and-Business-through-Design-Thinking-1.png 1920w\" sizes=\"auto, (max-width: 768px) 100vw, 768px\" \/>\t\t\t\t\t<\/a>\n\t\t\t\t\t\t\t<\/div>\n\t\t\t\t\t\t<h3 class=\"uagb-post__title uagb-post__text\">\n\t\t\t\t<a href=\"https:\/\/badania.uew.pl\/en\/bridging-v4-universities-and-business-through-design-thinking\/\" target=\"_self\" rel=\"bookmark noopener noreferrer\">Bridging V4 Universities and Business through Design Thinking\u00a0<\/a>\n\t\t\t<\/h3>\n\t\t\t\t\t\t<div class='uagb-post__text uagb-post-grid-byline'>\n\t\t\t\t\t\t\t<\/div>\n\t\t\t\n\t\t\t\t\t\t\t\t\t<\/article>\n\t\t\t\t\t\t\t\t\t\t\t\t\t\t\t\t<article class=\"uagb-post__inner-wrap\">\t\t\t\t\t\t\t\t<div class='uagb-post__image'>\n\t\t\t\t\t\t\t\t\t<a href=\"https:\/\/badania.uew.pl\/en\/wueb-experts-weekly-review-research-projects-and-academic-successes-24-30-august-2026\/\" target=\"_self\" rel=\"bookmark noopener noreferrer\" class=\"uagb-image-ratio-2-3\"><img loading=\"lazy\" decoding=\"async\" width=\"768\" height=\"512\" src=\"https:\/\/badania.uew.pl\/wp-content\/uploads\/sites\/23\/2026\/03\/Tydzien-z-ekspertami-UEW.-Komentarze-projekty-i-sukcesy-\u2013-przeglad-najwazniejszych-aktywnosci-768x512.jpg\" class=\"attachment-medium_large size-medium_large\" alt=\"Week with WUEB experts. Commentary, projects and achievements \u2013 a review of key activities\" srcset=\"https:\/\/badania.uew.pl\/wp-content\/uploads\/sites\/23\/2026\/03\/Tydzien-z-ekspertami-UEW.-Komentarze-projekty-i-sukcesy-\u2013-przeglad-najwazniejszych-aktywnosci-768x512.jpg 768w, https:\/\/badania.uew.pl\/wp-content\/uploads\/sites\/23\/2026\/03\/Tydzien-z-ekspertami-UEW.-Komentarze-projekty-i-sukcesy-\u2013-przeglad-najwazniejszych-aktywnosci-300x200.jpg 300w, https:\/\/badania.uew.pl\/wp-content\/uploads\/sites\/23\/2026\/03\/Tydzien-z-ekspertami-UEW.-Komentarze-projekty-i-sukcesy-\u2013-przeglad-najwazniejszych-aktywnosci-1024x683.jpg 1024w, https:\/\/badania.uew.pl\/wp-content\/uploads\/sites\/23\/2026\/03\/Tydzien-z-ekspertami-UEW.-Komentarze-projekty-i-sukcesy-\u2013-przeglad-najwazniejszych-aktywnosci-391x260.jpg 391w, https:\/\/badania.uew.pl\/wp-content\/uploads\/sites\/23\/2026\/03\/Tydzien-z-ekspertami-UEW.-Komentarze-projekty-i-sukcesy-\u2013-przeglad-najwazniejszych-aktywnosci-1536x1024.jpg 1536w, https:\/\/badania.uew.pl\/wp-content\/uploads\/sites\/23\/2026\/03\/Tydzien-z-ekspertami-UEW.-Komentarze-projekty-i-sukcesy-\u2013-przeglad-najwazniejszych-aktywnosci.jpg 1920w\" sizes=\"auto, (max-width: 768px) 100vw, 768px\" \/>\t\t\t\t\t<\/a>\n\t\t\t\t\t\t\t<\/div>\n\t\t\t\t\t\t<h3 class=\"uagb-post__title uagb-post__text\">\n\t\t\t\t<a href=\"https:\/\/badania.uew.pl\/en\/wueb-experts-weekly-review-research-projects-and-academic-successes-24-30-august-2026\/\" target=\"_self\" rel=\"bookmark noopener noreferrer\">WUEB Experts Weekly Review. Research, Projects and Academic Successes (24 &#8211; 30 August 2026)<\/a>\n\t\t\t<\/h3>\n\t\t\t\t\t\t<div class='uagb-post__text uagb-post-grid-byline'>\n\t\t\t\t\t\t\t<\/div>\n\t\t\t\n\t\t\t\t\t\t\t\t\t<\/article>\n\t\t\t\t\t\t\t\t\t\t\t\t\t\t\t\t<article class=\"uagb-post__inner-wrap\">\t\t\t\t\t\t\t\t<div class='uagb-post__image'>\n\t\t\t\t\t\t\t\t\t<a href=\"https:\/\/badania.uew.pl\/en\/visual-simulation-of-business-processes-wspb-joins-the-polish-roadmap-for-research-infrastructures\/\" target=\"_self\" rel=\"bookmark noopener noreferrer\" class=\"uagb-image-ratio-2-3\"><img loading=\"lazy\" decoding=\"async\" width=\"768\" height=\"512\" src=\"https:\/\/badania.uew.pl\/wp-content\/uploads\/sites\/23\/2026\/08\/Wizualna-symulacja-procesow-biznesowych-UEW-eng-768x512.png\" class=\"attachment-medium_large size-medium_large\" alt=\"Visual Simulation of Business Processes (WSPB) joins the Polish Roadmap for Research Infrastructures\" srcset=\"https:\/\/badania.uew.pl\/wp-content\/uploads\/sites\/23\/2026\/08\/Wizualna-symulacja-procesow-biznesowych-UEW-eng-768x512.png 768w, https:\/\/badania.uew.pl\/wp-content\/uploads\/sites\/23\/2026\/08\/Wizualna-symulacja-procesow-biznesowych-UEW-eng-300x200.png 300w, https:\/\/badania.uew.pl\/wp-content\/uploads\/sites\/23\/2026\/08\/Wizualna-symulacja-procesow-biznesowych-UEW-eng-1024x683.png 1024w, https:\/\/badania.uew.pl\/wp-content\/uploads\/sites\/23\/2026\/08\/Wizualna-symulacja-procesow-biznesowych-UEW-eng-391x260.png 391w, https:\/\/badania.uew.pl\/wp-content\/uploads\/sites\/23\/2026\/08\/Wizualna-symulacja-procesow-biznesowych-UEW-eng-1536x1024.png 1536w, https:\/\/badania.uew.pl\/wp-content\/uploads\/sites\/23\/2026\/08\/Wizualna-symulacja-procesow-biznesowych-UEW-eng.png 1920w\" sizes=\"auto, (max-width: 768px) 100vw, 768px\" \/>\t\t\t\t\t<\/a>\n\t\t\t\t\t\t\t<\/div>\n\t\t\t\t\t\t<h3 class=\"uagb-post__title uagb-post__text\">\n\t\t\t\t<a href=\"https:\/\/badania.uew.pl\/en\/visual-simulation-of-business-processes-wspb-joins-the-polish-roadmap-for-research-infrastructures\/\" target=\"_self\" rel=\"bookmark noopener noreferrer\">Visual Simulation of Business Processes (WSPB) joins the Polish Roadmap for Research Infrastructures<\/a>\n\t\t\t<\/h3>\n\t\t\t\t\t\t<div class='uagb-post__text uagb-post-grid-byline'>\n\t\t\t\t\t\t\t<\/div>\n\t\t\t\n\t\t\t\t\t\t\t\t\t<\/article>\n\t\t\t\t\t\t\t\t\t\t\t\t\t\t\t\t<article class=\"uagb-post__inner-wrap\">\t\t\t\t\t\t\t\t<div class='uagb-post__image'>\n\t\t\t\t\t\t\t\t\t<a href=\"https:\/\/badania.uew.pl\/en\/wueb-experts-weekly-rewiev-research-projects-and-academic-successes-17-23-august-2026\/\" target=\"_self\" rel=\"bookmark noopener noreferrer\" class=\"uagb-image-ratio-2-3\"><img loading=\"lazy\" decoding=\"async\" width=\"768\" height=\"512\" src=\"https:\/\/badania.uew.pl\/wp-content\/uploads\/sites\/23\/2026\/03\/Tydzien-z-ekspertami-UEW.-Komentarze-projekty-i-sukcesy-\u2013-przeglad-najwazniejszych-aktywnosci-768x512.jpg\" class=\"attachment-medium_large size-medium_large\" alt=\"Week with WUEB experts. Commentary, projects and achievements \u2013 a review of key activities\" srcset=\"https:\/\/badania.uew.pl\/wp-content\/uploads\/sites\/23\/2026\/03\/Tydzien-z-ekspertami-UEW.-Komentarze-projekty-i-sukcesy-\u2013-przeglad-najwazniejszych-aktywnosci-768x512.jpg 768w, https:\/\/badania.uew.pl\/wp-content\/uploads\/sites\/23\/2026\/03\/Tydzien-z-ekspertami-UEW.-Komentarze-projekty-i-sukcesy-\u2013-przeglad-najwazniejszych-aktywnosci-300x200.jpg 300w, https:\/\/badania.uew.pl\/wp-content\/uploads\/sites\/23\/2026\/03\/Tydzien-z-ekspertami-UEW.-Komentarze-projekty-i-sukcesy-\u2013-przeglad-najwazniejszych-aktywnosci-1024x683.jpg 1024w, https:\/\/badania.uew.pl\/wp-content\/uploads\/sites\/23\/2026\/03\/Tydzien-z-ekspertami-UEW.-Komentarze-projekty-i-sukcesy-\u2013-przeglad-najwazniejszych-aktywnosci-391x260.jpg 391w, https:\/\/badania.uew.pl\/wp-content\/uploads\/sites\/23\/2026\/03\/Tydzien-z-ekspertami-UEW.-Komentarze-projekty-i-sukcesy-\u2013-przeglad-najwazniejszych-aktywnosci-1536x1024.jpg 1536w, https:\/\/badania.uew.pl\/wp-content\/uploads\/sites\/23\/2026\/03\/Tydzien-z-ekspertami-UEW.-Komentarze-projekty-i-sukcesy-\u2013-przeglad-najwazniejszych-aktywnosci.jpg 1920w\" sizes=\"auto, (max-width: 768px) 100vw, 768px\" \/>\t\t\t\t\t<\/a>\n\t\t\t\t\t\t\t<\/div>\n\t\t\t\t\t\t<h3 class=\"uagb-post__title uagb-post__text\">\n\t\t\t\t<a href=\"https:\/\/badania.uew.pl\/en\/wueb-experts-weekly-rewiev-research-projects-and-academic-successes-17-23-august-2026\/\" target=\"_self\" rel=\"bookmark noopener noreferrer\">\u00a0WUEB experts weekly rewiev. Research, Projects and Academic Successes (17\u201323 August 2026)<\/a>\n\t\t\t<\/h3>\n\t\t\t\t\t\t<div class='uagb-post__text uagb-post-grid-byline'>\n\t\t\t\t\t\t\t<\/div>\n\t\t\t\n\t\t\t\t\t\t\t\t\t<\/article>\n\t\t\t\t\t\t\t\t\t\t\t\t\t\t\t\t<article class=\"uagb-post__inner-wrap\">\t\t\t\t\t\t\t\t<div class='uagb-post__image'>\n\t\t\t\t\t\t\t\t\t<a href=\"https:\/\/badania.uew.pl\/en\/wueb-awarded-visegrad-grant-to-study-the-skills-gap-across-the-v4\/\" target=\"_self\" rel=\"bookmark noopener noreferrer\" class=\"uagb-image-ratio-2-3\"><img loading=\"lazy\" decoding=\"async\" width=\"768\" height=\"512\" src=\"https:\/\/badania.uew.pl\/wp-content\/uploads\/sites\/23\/2026\/08\/Aktualnosci-3-768x512.png\" class=\"attachment-medium_large size-medium_large\" alt=\"The graphic features portraits of the WUEB team delivering the \u2018Bridging V4 Universities and Business through Design Thinking\u2019 project: mgr Paulina Graczyk, mgr Kamila \u0141uczak and mgr Maciej Krahel. The project has received funding from the International Visegrad Fund.\" srcset=\"https:\/\/badania.uew.pl\/wp-content\/uploads\/sites\/23\/2026\/08\/Aktualnosci-3-768x512.png 768w, https:\/\/badania.uew.pl\/wp-content\/uploads\/sites\/23\/2026\/08\/Aktualnosci-3-300x200.png 300w, https:\/\/badania.uew.pl\/wp-content\/uploads\/sites\/23\/2026\/08\/Aktualnosci-3-1024x683.png 1024w, https:\/\/badania.uew.pl\/wp-content\/uploads\/sites\/23\/2026\/08\/Aktualnosci-3-391x260.png 391w, https:\/\/badania.uew.pl\/wp-content\/uploads\/sites\/23\/2026\/08\/Aktualnosci-3-1536x1024.png 1536w, https:\/\/badania.uew.pl\/wp-content\/uploads\/sites\/23\/2026\/08\/Aktualnosci-3.png 1920w\" sizes=\"auto, (max-width: 768px) 100vw, 768px\" \/>\t\t\t\t\t<\/a>\n\t\t\t\t\t\t\t<\/div>\n\t\t\t\t\t\t<h3 class=\"uagb-post__title uagb-post__text\">\n\t\t\t\t<a href=\"https:\/\/badania.uew.pl\/en\/wueb-awarded-visegrad-grant-to-study-the-skills-gap-across-the-v4\/\" target=\"_self\" rel=\"bookmark noopener noreferrer\">WUEB awarded Visegrad grant to study the skills gap across the V4<\/a>\n\t\t\t<\/h3>\n\t\t\t\t\t\t<div class='uagb-post__text uagb-post-grid-byline'>\n\t\t\t\t\t\t\t<\/div>\n\t\t\t\n\t\t\t\t\t\t\t\t\t<\/article>\n\t\t\t\t\t\t\t\t\t\t\t\t\t\t\t\t<article class=\"uagb-post__inner-wrap\">\t\t\t\t\t\t\t\t<div class='uagb-post__image'>\n\t\t\t\t\t\t\t\t\t<a href=\"https:\/\/badania.uew.pl\/en\/prof-malgorzata-krzywonos-joins-the-management-committee-of-cost-action-brasschi\/\" target=\"_self\" rel=\"bookmark noopener noreferrer\" class=\"uagb-image-ratio-2-3\"><img loading=\"lazy\" decoding=\"async\" width=\"768\" height=\"512\" src=\"https:\/\/badania.uew.pl\/wp-content\/uploads\/sites\/23\/2026\/08\/Prof-Malgorzata-Krzywonos-joins-the-Management-Committee-of-COST-Action-BRASSCHI-768x512.jpg\" class=\"attachment-medium_large size-medium_large\" alt=\"\" srcset=\"https:\/\/badania.uew.pl\/wp-content\/uploads\/sites\/23\/2026\/08\/Prof-Malgorzata-Krzywonos-joins-the-Management-Committee-of-COST-Action-BRASSCHI-768x512.jpg 768w, https:\/\/badania.uew.pl\/wp-content\/uploads\/sites\/23\/2026\/08\/Prof-Malgorzata-Krzywonos-joins-the-Management-Committee-of-COST-Action-BRASSCHI-300x200.jpg 300w, https:\/\/badania.uew.pl\/wp-content\/uploads\/sites\/23\/2026\/08\/Prof-Malgorzata-Krzywonos-joins-the-Management-Committee-of-COST-Action-BRASSCHI-1024x683.jpg 1024w, https:\/\/badania.uew.pl\/wp-content\/uploads\/sites\/23\/2026\/08\/Prof-Malgorzata-Krzywonos-joins-the-Management-Committee-of-COST-Action-BRASSCHI-391x260.jpg 391w, https:\/\/badania.uew.pl\/wp-content\/uploads\/sites\/23\/2026\/08\/Prof-Malgorzata-Krzywonos-joins-the-Management-Committee-of-COST-Action-BRASSCHI-1536x1024.jpg 1536w, https:\/\/badania.uew.pl\/wp-content\/uploads\/sites\/23\/2026\/08\/Prof-Malgorzata-Krzywonos-joins-the-Management-Committee-of-COST-Action-BRASSCHI.jpg 1920w\" sizes=\"auto, (max-width: 768px) 100vw, 768px\" \/>\t\t\t\t\t<\/a>\n\t\t\t\t\t\t\t<\/div>\n\t\t\t\t\t\t<h3 class=\"uagb-post__title uagb-post__text\">\n\t\t\t\t<a href=\"https:\/\/badania.uew.pl\/en\/prof-malgorzata-krzywonos-joins-the-management-committee-of-cost-action-brasschi\/\" target=\"_self\" rel=\"bookmark noopener noreferrer\">Prof Ma\u0142gorzata Krzywonos joins the Management Committee of COST Action BRASSCHI<\/a>\n\t\t\t<\/h3>\n\t\t\t\t\t\t<div class='uagb-post__text uagb-post-grid-byline'>\n\t\t\t\t\t\t\t<\/div>\n\t\t\t\n\t\t\t\t\t\t\t\t\t<\/article>\n\t\t\t\t\t\t\t\t\t\t\t\t\t\t\t\t<article class=\"uagb-post__inner-wrap\">\t\t\t\t\t\t\t\t<div class='uagb-post__image'>\n\t\t\t\t\t\t\t\t\t<a href=\"https:\/\/badania.uew.pl\/en\/wueb-joins-discussions-on-teema-technology-park-in-miekinia\/\" target=\"_self\" rel=\"bookmark noopener noreferrer\" class=\"uagb-image-ratio-2-3\"><img loading=\"lazy\" decoding=\"async\" width=\"768\" height=\"512\" src=\"https:\/\/badania.uew.pl\/wp-content\/uploads\/sites\/23\/2026\/08\/UEW-w-rozmowach-o-TEEMA-Technology-Park-w-Miekini-768x512.jpg\" class=\"attachment-medium_large size-medium_large\" alt=\"Zdj\u0119cie z rozm\u00f3w. Ludzie siedz\u0105cy przy stole. W tle dziennikarze. W\u015br\u00f3d siedz\u0105cych A\u0142\u0142a Witwicka-Dudek oraz Krzysztof Piontek.\" srcset=\"https:\/\/badania.uew.pl\/wp-content\/uploads\/sites\/23\/2026\/08\/UEW-w-rozmowach-o-TEEMA-Technology-Park-w-Miekini-768x512.jpg 768w, https:\/\/badania.uew.pl\/wp-content\/uploads\/sites\/23\/2026\/08\/UEW-w-rozmowach-o-TEEMA-Technology-Park-w-Miekini-300x200.jpg 300w, https:\/\/badania.uew.pl\/wp-content\/uploads\/sites\/23\/2026\/08\/UEW-w-rozmowach-o-TEEMA-Technology-Park-w-Miekini-1024x683.jpg 1024w, https:\/\/badania.uew.pl\/wp-content\/uploads\/sites\/23\/2026\/08\/UEW-w-rozmowach-o-TEEMA-Technology-Park-w-Miekini-391x260.jpg 391w, https:\/\/badania.uew.pl\/wp-content\/uploads\/sites\/23\/2026\/08\/UEW-w-rozmowach-o-TEEMA-Technology-Park-w-Miekini-1536x1024.jpg 1536w, https:\/\/badania.uew.pl\/wp-content\/uploads\/sites\/23\/2026\/08\/UEW-w-rozmowach-o-TEEMA-Technology-Park-w-Miekini.jpg 1920w\" sizes=\"auto, (max-width: 768px) 100vw, 768px\" \/>\t\t\t\t\t<\/a>\n\t\t\t\t\t\t\t<\/div>\n\t\t\t\t\t\t<h3 class=\"uagb-post__title uagb-post__text\">\n\t\t\t\t<a href=\"https:\/\/badania.uew.pl\/en\/wueb-joins-discussions-on-teema-technology-park-in-miekinia\/\" target=\"_self\" rel=\"bookmark noopener noreferrer\">WUEB joins discussions on TEEMA Technology Park in Mi\u0119kinia<\/a>\n\t\t\t<\/h3>\n\t\t\t\t\t\t<div class='uagb-post__text uagb-post-grid-byline'>\n\t\t\t\t\t\t\t<\/div>\n\t\t\t\n\t\t\t\t\t\t\t\t\t<\/article>\n\t\t\t\t\t\t\t\t\t\t\t<\/div>\n\t\t\t<\/div>\n<\/div>\n","protected":false},"excerpt":{"rendered":"<p>Chinese marques are gaining ground in Poland as sales approach [&hellip;]<\/p>\n","protected":false},"author":80,"featured_media":46470,"comment_status":"closed","ping_status":"closed","sticky":false,"template":"","format":"standard","meta":{"_acf_changed":false,"inline_featured_image":false,"_uag_custom_page_level_css":"","site-sidebar-layout":"default","site-content-layout":"","ast-site-content-layout":"default","site-content-style":"default","site-sidebar-style":"default","ast-global-header-display":"","ast-banner-title-visibility":"","ast-main-header-display":"","ast-hfb-above-header-display":"","ast-hfb-below-header-display":"","ast-hfb-mobile-header-display":"","site-post-title":"","ast-breadcrumbs-content":"","ast-featured-img":"","footer-sml-layout":"","ast-disable-related-posts":"","theme-transparent-header-meta":"","adv-header-id-meta":"","stick-header-meta":"","header-above-stick-meta":"","header-main-stick-meta":"","header-below-stick-meta":"","astra-migrate-meta-layouts":"set","ast-page-background-enabled":"default","ast-page-background-meta":{"desktop":{"background-color":"var(--ast-global-color-4)","background-image":"","background-repeat":"repeat","background-position":"center center","background-size":"auto","background-attachment":"scroll","background-type":"","background-media":"","overlay-type":"","overlay-color":"","overlay-opacity":"","overlay-gradient":""},"tablet":{"background-color":"","background-image":"","background-repeat":"repeat","background-position":"center center","background-size":"auto","background-attachment":"scroll","background-type":"","background-media":"","overlay-type":"","overlay-color":"","overlay-opacity":"","overlay-gradient":""},"mobile":{"background-color":"","background-image":"","background-repeat":"repeat","background-position":"center center","background-size":"auto","background-attachment":"scroll","background-type":"","background-media":"","overlay-type":"","overlay-color":"","overlay-opacity":"","overlay-gradient":""}},"ast-content-background-meta":{"desktop":{"background-color":"var(--ast-global-color-5)","background-image":"","background-repeat":"repeat","background-position":"center center","background-size":"auto","background-attachment":"scroll","background-type":"","background-media":"","overlay-type":"","overlay-color":"","overlay-opacity":"","overlay-gradient":""},"tablet":{"background-color":"var(--ast-global-color-5)","background-image":"","background-repeat":"repeat","background-position":"center center","background-size":"auto","background-attachment":"scroll","background-type":"","background-media":"","overlay-type":"","overlay-color":"","overlay-opacity":"","overlay-gradient":""},"mobile":{"background-color":"var(--ast-global-color-5)","background-image":"","background-repeat":"repeat","background-position":"center center","background-size":"auto","background-attachment":"scroll","background-type":"","background-media":"","overlay-type":"","overlay-color":"","overlay-opacity":"","overlay-gradient":""}},"footnotes":""},"categories":[330],"tags":[774,774],"class_list":["post-40902","post","type-post","status-publish","format-standard","has-post-thumbnail","hentry","category-media-en","tag-pawel-dobrzanski-en"],"acf":[],"featured_image_src":"https:\/\/badania.uew.pl\/wp-content\/uploads\/sites\/23\/2025\/11\/Aktualnosci-miniatura-1920x1280-1.jpg","author_info":{"display_name":"kkanoniak","author_link":"https:\/\/badania.uew.pl\/en\/author\/kkanoniak\/"},"uagb_featured_image_src":{"full":["https:\/\/badania.uew.pl\/wp-content\/uploads\/sites\/23\/2025\/11\/Aktualnosci-miniatura-1920x1280-1.jpg",1920,1280,false],"thumbnail":["https:\/\/badania.uew.pl\/wp-content\/uploads\/sites\/23\/2025\/11\/Aktualnosci-miniatura-1920x1280-1-150x150.jpg",150,150,true],"medium":["https:\/\/badania.uew.pl\/wp-content\/uploads\/sites\/23\/2025\/11\/Aktualnosci-miniatura-1920x1280-1-300x200.jpg",300,200,true],"medium_large":["https:\/\/badania.uew.pl\/wp-content\/uploads\/sites\/23\/2025\/11\/Aktualnosci-miniatura-1920x1280-1-768x512.jpg",768,512,true],"large":["https:\/\/badania.uew.pl\/wp-content\/uploads\/sites\/23\/2025\/11\/Aktualnosci-miniatura-1920x1280-1-1024x683.jpg",1024,683,true],"thumblist":["https:\/\/badania.uew.pl\/wp-content\/uploads\/sites\/23\/2025\/11\/Aktualnosci-miniatura-1920x1280-1-300x300.jpg",300,300,true],"thumbrelated":["https:\/\/badania.uew.pl\/wp-content\/uploads\/sites\/23\/2025\/11\/Aktualnosci-miniatura-1920x1280-1-500x500.jpg",500,500,true],"meccarouselthumb":["https:\/\/badania.uew.pl\/wp-content\/uploads\/sites\/23\/2025\/11\/Aktualnosci-miniatura-1920x1280-1-474x324.jpg",474,324,true],"gridsquare":["https:\/\/badania.uew.pl\/wp-content\/uploads\/sites\/23\/2025\/11\/Aktualnosci-miniatura-1920x1280-1-391x260.jpg",391,260,true],"tileview":["https:\/\/badania.uew.pl\/wp-content\/uploads\/sites\/23\/2025\/11\/Aktualnosci-miniatura-1920x1280-1-300x400.jpg",300,400,true],"1536x1536":["https:\/\/badania.uew.pl\/wp-content\/uploads\/sites\/23\/2025\/11\/Aktualnosci-miniatura-1920x1280-1-1536x1024.jpg",1536,1024,true],"2048x2048":["https:\/\/badania.uew.pl\/wp-content\/uploads\/sites\/23\/2025\/11\/Aktualnosci-miniatura-1920x1280-1.jpg",1920,1280,false]},"uagb_author_info":{"display_name":"kkanoniak","author_link":"https:\/\/badania.uew.pl\/en\/author\/kkanoniak\/"},"uagb_comment_info":0,"uagb_excerpt":"Chinese marques are gaining ground in Poland as sales approach [&hellip;]","publishpress_future_action":{"enabled":false,"date":"2026-09-05 18:15:18","action":"change-status","newStatus":"draft","terms":[],"taxonomy":"category","extraData":[]},"publishpress_future_workflow_manual_trigger":{"enabledWorkflows":[]},"_links":{"self":[{"href":"https:\/\/badania.uew.pl\/en\/wp-json\/wp\/v2\/posts\/40902","targetHints":{"allow":["GET"]}}],"collection":[{"href":"https:\/\/badania.uew.pl\/en\/wp-json\/wp\/v2\/posts"}],"about":[{"href":"https:\/\/badania.uew.pl\/en\/wp-json\/wp\/v2\/types\/post"}],"author":[{"embeddable":true,"href":"https:\/\/badania.uew.pl\/en\/wp-json\/wp\/v2\/users\/80"}],"replies":[{"embeddable":true,"href":"https:\/\/badania.uew.pl\/en\/wp-json\/wp\/v2\/comments?post=40902"}],"version-history":[{"count":5,"href":"https:\/\/badania.uew.pl\/en\/wp-json\/wp\/v2\/posts\/40902\/revisions"}],"predecessor-version":[{"id":46476,"href":"https:\/\/badania.uew.pl\/en\/wp-json\/wp\/v2\/posts\/40902\/revisions\/46476"}],"wp:featuredmedia":[{"embeddable":true,"href":"https:\/\/badania.uew.pl\/en\/wp-json\/wp\/v2\/media\/46470"}],"wp:attachment":[{"href":"https:\/\/badania.uew.pl\/en\/wp-json\/wp\/v2\/media?parent=40902"}],"wp:term":[{"taxonomy":"category","embeddable":true,"href":"https:\/\/badania.uew.pl\/en\/wp-json\/wp\/v2\/categories?post=40902"},{"taxonomy":"post_tag","embeddable":true,"href":"https:\/\/badania.uew.pl\/en\/wp-json\/wp\/v2\/tags?post=40902"}],"curies":[{"name":"wp","href":"https:\/\/api.w.org\/{rel}","templated":true}]}}